{"id":34785,"date":"2025-04-18T19:46:20","date_gmt":"2025-04-18T19:46:20","guid":{"rendered":"https:\/\/www.europesays.com\/fr\/34785\/"},"modified":"2025-04-18T19:46:20","modified_gmt":"2025-04-18T19:46:20","slug":"avec-trois-tournages-en-trois-ans-le-campus-devient-un-lieu-prise-des-professionnels-de-laudiovisuel","status":"publish","type":"post","link":"https:\/\/www.europesays.com\/fr\/34785\/","title":{"rendered":"Avec trois tournages en trois ans, le campus devient un lieu pris\u00e9 des professionnels de l\u2019audiovisuel"},"content":{"rendered":"<p>Mardi 8\u00a0avril, le campus de la facult\u00e9 des Sciences et de Technologie de Vand\u0153uvre-l\u00e8s-Nancy a une nouvelle fois servi de d\u00e9cor \u00e0 une \u00e9quipe de tournage, accueillant cette fois la s\u00e9rie \u00ab\u00a0Laura\u00a0\u00bb, un thriller dramatique qui sera diffus\u00e9 prochainement sur France T\u00e9l\u00e9visions.<\/p>\n<p>L\u2019actrice Val\u00e9rie Bonneton, c\u00e9l\u00e8bre pour son r\u00f4le dans \u00ab\u00a0Fais pas ci, fais pas \u00e7a\u00a0\u00bb, joue le r\u00f4le principal dans cette production.<\/p>\n<p>Pour la&#8230;<\/p>\n","protected":false},"excerpt":{"rendered":"Mardi 8\u00a0avril, le campus de la facult\u00e9 des Sciences et de Technologie de Vand\u0153uvre-l\u00e8s-Nancy a une nouvelle fois&hellip;\n","protected":false},"author":2,"featured_media":34786,"comment_status":"","ping_status":"","sticky":false,"template":"","format":"standard","meta":{"footnotes":""},"categories":[9635],"tags":[1111,11,650,1687,1704,1057,2878,4854,1777,674,10961,1011,27,775,6364,1702,12,973,25,104,5711],"class_list":{"0":"post-34785","1":"post","2":"type-post","3":"status-publish","4":"format-standard","5":"has-post-thumbnail","7":"category-nancy","8":"tag-actu","9":"tag-actualites","10":"tag-cinema","11":"tag-culture-loisirs","12":"tag-edition-nancy-et-agglomeration","13":"tag-education","14":"tag-encadre","15":"tag-enseignement-superieur","16":"tag-eu","17":"tag-europe","18":"tag-examen-diplome","19":"tag-fr","20":"tag-france","21":"tag-grand-est","22":"tag-metropole-du-grand-nancy-54b1","23":"tag-nancy","24":"tag-news","25":"tag-people","26":"tag-republique-francaise","27":"tag-societe","28":"tag-vandoeuvre-les-nancy"},"share_on_mastodon":{"url":"https:\/\/pubeurope.com\/@fr\/114360692505301688","error":""},"_links":{"self":[{"href":"https:\/\/www.europesays.com\/fr\/wp-json\/wp\/v2\/posts\/34785","targetHints":{"allow":["GET"]}}],"collection":[{"href":"https:\/\/www.europesays.com\/fr\/wp-json\/wp\/v2\/posts"}],"about":[{"href":"https:\/\/www.europesays.com\/fr\/wp-json\/wp\/v2\/types\/post"}],"author":[{"embeddable":true,"href":"https:\/\/www.europesays.com\/fr\/wp-json\/wp\/v2\/users\/2"}],"replies":[{"embeddable":true,"href":"https:\/\/www.europesays.com\/fr\/wp-json\/wp\/v2\/comments?post=34785"}],"version-history":[{"count":0,"href":"https:\/\/www.europesays.com\/fr\/wp-json\/wp\/v2\/posts\/34785\/revisions"}],"wp:featuredmedia":[{"embeddable":true,"href":"https:\/\/www.europesays.com\/fr\/wp-json\/wp\/v2\/media\/34786"}],"wp:attachment":[{"href":"https:\/\/www.europesays.com\/fr\/wp-json\/wp\/v2\/media?parent=34785"}],"wp:term":[{"taxonomy":"category","embeddable":true,"href":"https:\/\/www.europesays.com\/fr\/wp-json\/wp\/v2\/categories?post=34785"},{"taxonomy":"post_tag","embeddable":true,"href":"https:\/\/www.europesays.com\/fr\/wp-json\/wp\/v2\/tags?post=34785"}],"curies":[{"name":"wp","href":"https:\/\/api.w.org\/{rel}","templated":true}]}}