{"id":347850,"date":"2025-08-27T15:12:11","date_gmt":"2025-08-27T15:12:11","guid":{"rendered":"https:\/\/www.europesays.com\/fr\/347850\/"},"modified":"2025-08-27T15:12:11","modified_gmt":"2025-08-27T15:12:11","slug":"usa-baisse-un-peu-plus-marquee-quattendu-des-stocks-hebdomadaires-de-petrole","status":"publish","type":"post","link":"https:\/\/www.europesays.com\/fr\/347850\/","title":{"rendered":"USA: baisse un peu plus marqu\u00e9e qu&rsquo;attendu des stocks hebdomadaires de p\u00e9trole"},"content":{"rendered":"<p style=\"margin-top:5px\">Washington (awp\/afp) &#8211; Les stocks commerciaux de p\u00e9trole aux \u00c9tats-Unis ont connu une baisse quasiment conforme aux attentes la semaine derni\u00e8re, selon des informations publi\u00e9es mercredi par l&rsquo;Agence am\u00e9ricaine sur l&rsquo;\u00e9nergie (EIA).<\/p>\n<p>Durant la semaine achev\u00e9e le 22 ao\u00fbt, ces r\u00e9serves ont baiss\u00e9 de 2,4 millions de barils, alors que les analystes s&rsquo;attendaient \u00e0 une diminution d&rsquo;environ 2 millions barils, d&rsquo;apr\u00e8s la m\u00e9diane d&rsquo;un consensus \u00e9tabli par l&rsquo;agence Bloomberg.<\/p>\n<p>afp\/rp<\/p>\n","protected":false},"excerpt":{"rendered":"Washington (awp\/afp) &#8211; Les stocks commerciaux de p\u00e9trole aux \u00c9tats-Unis ont connu une baisse quasiment conforme aux attentes&hellip;\n","protected":false},"author":2,"featured_media":48534,"comment_status":"","ping_status":"","sticky":false,"template":"","format":"standard","meta":{"footnotes":""},"categories":[1589],"tags":[11,340,73,1866,12,1864,1865,1863,308],"class_list":{"0":"post-347850","1":"post","2":"type-post","3":"status-publish","4":"format-standard","5":"has-post-thumbnail","7":"category-etats-unis","8":"tag-actualites","9":"tag-bourse","10":"tag-etats-unis","11":"tag-etats-unis-damerique","12":"tag-news","13":"tag-united-states","14":"tag-united-states-of-america","15":"tag-us","16":"tag-usa"},"share_on_mastodon":{"url":"https:\/\/pubeurope.com\/@fr\/115101377708846246","error":""},"_links":{"self":[{"href":"https:\/\/www.europesays.com\/fr\/wp-json\/wp\/v2\/posts\/347850","targetHints":{"allow":["GET"]}}],"collection":[{"href":"https:\/\/www.europesays.com\/fr\/wp-json\/wp\/v2\/posts"}],"about":[{"href":"https:\/\/www.europesays.com\/fr\/wp-json\/wp\/v2\/types\/post"}],"author":[{"embeddable":true,"href":"https:\/\/www.europesays.com\/fr\/wp-json\/wp\/v2\/users\/2"}],"replies":[{"embeddable":true,"href":"https:\/\/www.europesays.com\/fr\/wp-json\/wp\/v2\/comments?post=347850"}],"version-history":[{"count":0,"href":"https:\/\/www.europesays.com\/fr\/wp-json\/wp\/v2\/posts\/347850\/revisions"}],"wp:featuredmedia":[{"embeddable":true,"href":"https:\/\/www.europesays.com\/fr\/wp-json\/wp\/v2\/media\/48534"}],"wp:attachment":[{"href":"https:\/\/www.europesays.com\/fr\/wp-json\/wp\/v2\/media?parent=347850"}],"wp:term":[{"taxonomy":"category","embeddable":true,"href":"https:\/\/www.europesays.com\/fr\/wp-json\/wp\/v2\/categories?post=347850"},{"taxonomy":"post_tag","embeddable":true,"href":"https:\/\/www.europesays.com\/fr\/wp-json\/wp\/v2\/tags?post=347850"}],"curies":[{"name":"wp","href":"https:\/\/api.w.org\/{rel}","templated":true}]}}