{"id":347851,"date":"2025-08-27T15:13:14","date_gmt":"2025-08-27T15:13:14","guid":{"rendered":"https:\/\/www.europesays.com\/fr\/347851\/"},"modified":"2025-08-27T15:13:14","modified_gmt":"2025-08-27T15:13:14","slug":"ce-bras-de-fer-gagne-par-jd-vance-au-nom-de-la-democratie-dans-le-bras-de-fer-entre-apple-et-le-royaume-uni","status":"publish","type":"post","link":"https:\/\/www.europesays.com\/fr\/347851\/","title":{"rendered":"Ce bras de fer gagn\u00e9 par JD Vance au nom de la d\u00e9mocratie dans le bras de fer entre Apple et le Royaume-Uni"},"content":{"rendered":"<p>Backdoors<\/p>\n<p>En contraignant Londres \u00e0 renoncer \u00e0 sa demande de backdoor sur les iPhone, Washington rappelle que la cybers\u00e9curit\u00e9 est devenue un instrument de puissance politique autant que technique. Le conflit r\u00e9v\u00e8le la fragilit\u00e9 des libert\u00e9s num\u00e9riques face aux logiques de contr\u00f4le social, \u00e0 l\u2019heure o\u00f9 l\u2019Europe s\u2019appr\u00eate \u00e0 examiner son projet de Chat Control et \u00e0 entrer, elle aussi, dans une bataille d\u00e9cisive autour du chiffrement et de la souverainet\u00e9 num\u00e9rique.<\/p>\n","protected":false},"excerpt":{"rendered":"Backdoors En contraignant Londres \u00e0 renoncer \u00e0 sa demande de backdoor sur les iPhone, Washington rappelle que la&hellip;\n","protected":false},"author":2,"featured_media":347852,"comment_status":"","ping_status":"","sticky":false,"template":"","format":"standard","meta":{"footnotes":""},"categories":[1588],"tags":[11,733,7756,73,1777,674,14579,3535,418,591,12,316,473,1853,1851,1850,1852],"class_list":{"0":"post-347851","1":"post","2":"type-post","3":"status-publish","4":"format-standard","5":"has-post-thumbnail","7":"category-royaume-uni","8":"tag-actualites","9":"tag-apple","10":"tag-democratie","11":"tag-etats-unis","12":"tag-eu","13":"tag-europe","14":"tag-gafam","15":"tag-geopolitique","16":"tag-gouvernement","17":"tag-jd-vance","18":"tag-news","19":"tag-politique","20":"tag-royaume-uni","21":"tag-royaume-uni-de-grande-bretagne-et-dirlande-du-nord","22":"tag-uk","23":"tag-united-kingdom","24":"tag-united-kingdom-of-great-britain-and-northern-ireland"},"share_on_mastodon":{"url":"https:\/\/pubeurope.com\/@fr\/115101381612718728","error":""},"_links":{"self":[{"href":"https:\/\/www.europesays.com\/fr\/wp-json\/wp\/v2\/posts\/347851","targetHints":{"allow":["GET"]}}],"collection":[{"href":"https:\/\/www.europesays.com\/fr\/wp-json\/wp\/v2\/posts"}],"about":[{"href":"https:\/\/www.europesays.com\/fr\/wp-json\/wp\/v2\/types\/post"}],"author":[{"embeddable":true,"href":"https:\/\/www.europesays.com\/fr\/wp-json\/wp\/v2\/users\/2"}],"replies":[{"embeddable":true,"href":"https:\/\/www.europesays.com\/fr\/wp-json\/wp\/v2\/comments?post=347851"}],"version-history":[{"count":0,"href":"https:\/\/www.europesays.com\/fr\/wp-json\/wp\/v2\/posts\/347851\/revisions"}],"wp:featuredmedia":[{"embeddable":true,"href":"https:\/\/www.europesays.com\/fr\/wp-json\/wp\/v2\/media\/347852"}],"wp:attachment":[{"href":"https:\/\/www.europesays.com\/fr\/wp-json\/wp\/v2\/media?parent=347851"}],"wp:term":[{"taxonomy":"category","embeddable":true,"href":"https:\/\/www.europesays.com\/fr\/wp-json\/wp\/v2\/categories?post=347851"},{"taxonomy":"post_tag","embeddable":true,"href":"https:\/\/www.europesays.com\/fr\/wp-json\/wp\/v2\/tags?post=347851"}],"curies":[{"name":"wp","href":"https:\/\/api.w.org\/{rel}","templated":true}]}}