{"id":347853,"date":"2025-08-27T15:14:14","date_gmt":"2025-08-27T15:14:14","guid":{"rendered":"https:\/\/www.europesays.com\/fr\/347853\/"},"modified":"2025-08-27T15:14:14","modified_gmt":"2025-08-27T15:14:14","slug":"le-gouvernement-ouvre-la-voie-a-un-service-militaire-volontaire","status":"publish","type":"post","link":"https:\/\/www.europesays.com\/fr\/347853\/","title":{"rendered":"le gouvernement ouvre la voie \u00e0 un service militaire volontaire"},"content":{"rendered":"<p>R\u00e9unis au Bendlerblock, le si\u00e8ge secondaire du minist\u00e8re de la D\u00e9fense, le gouvernement allemand a adopt\u00e9 le projet de loi visant \u00e0 permettre la r\u00e9introduction progressive du service militaire en Allemagne.<\/p>\n<p>L&rsquo;objectif est d&rsquo;augmenter les effectifs de l&rsquo;arm\u00e9e allemande \u00e0 environ 460 000 soldats dans la troupe active et la r\u00e9serve d&rsquo;ici 2030.<\/p>\n<p>Le ministre allemand de la D\u00e9fense Boris Pistorius (SPD) pr\u00e9voit notamment d&rsquo;augmenter le nombre de soldats contractuels et professionnels \u00e0 au moins 260 000 d&rsquo;ici 2035.<\/p>\n<p>\u00ab\u00a0Une arm\u00e9e forte &#8211; en termes de personnel et de mat\u00e9riel &#8211; est le moyen le plus efficace d&#8217;emp\u00eacher les guerres\u00a0\u00bb, a-t-il observ\u00e9.<\/p>\n<p>Du volontariat \u00e0 la circonscription ?<\/p>\n<p>\u00c0 partir de 2026, tous les jeunes de plus de 18 ans recevront un questionnaire &#8211; obligatoire pour les hommes, facultatifs pour les femmes &#8211; portant sur leur \u00e9tat de sant\u00e9, leurs dipl\u00f4mes et leur int\u00e9r\u00eat pour l&rsquo;arm\u00e9e puis d\u00e8s 2028, tous les hommes de 18 ans seront invit\u00e9s \u00e0 se pr\u00e9senter \u00e0 une visite m\u00e9dicale obligatoire.<\/p>\n<p>En instaurant ce recensement, la Bundeswehr esp\u00e8re recruter environ 100 000 volontaires d&rsquo;ici 2030 pour atteindre un nombre total de 200 000 r\u00e9servistes.<\/p>\n<p>Si une situation de menace devait se pr\u00e9senter, le Bundestag pourrait r\u00e9introduire le service militaire obligatoire par une simple modification de la loi. Tous les hommes recens\u00e9es par le biais du questionnaire, y seraient en principe \u00e9ligible.<\/p>\n<p>\u00ab\u00a0Si nous constatons que nous devons r\u00e9orienter notre action, nous le ferons. Cela aussi est d\u00e9j\u00e0 pr\u00e9vu dans la loi\u00a0\u00bb, a comment\u00e9 le chancelier Friedrich Merz (CDU).<\/p>\n<p><img decoding=\"async\" class=\"caas-img caas-lazy has-preview\" alt=\"Des soldats allemands participent \u00e0 l'exercice international des troupes divisionnaires \u00ab Grand Quadriga 2024 \u00bb \u00e0 Pabrade, au nord de Vilnius, en Lituanie\" src=\"https:\/\/www.europesays.com\/fr\/wp-content\/uploads\/2025\/08\/d36d53d3b4eab45c96c9b232a89b08e7.jpeg\"\/><\/p>\n<p> Des soldats allemands participent \u00e0 l&rsquo;exercice international des troupes divisionnaires \u00ab Grand Quadriga 2024 \u00bb \u00e0 Pabrade, au nord de Vilnius, en Lituanie   &#8211; Mindaugas Kulbis\/Copyright 2024 The AP. All rights reserved. <\/p>\n<p>Une mesure jug\u00e9e trop l\u00e9g\u00e8re par la CDU<\/p>\n<p>Le projet de loi divise la classe politique allemande, y compris au sein de sa coalition \u00ab\u00a0noir-rouge\u00a0\u00bb, alliant la CDU et le CSU au SPD.<\/p>\n<p>Plusieurs responsables politiques de la CDU juge le projet de loi trop l\u00e9ger et plaident pour un retour au service militaire obligatoire.<\/p>\n<p>\u00ab\u00a0On ne peut pas se d\u00e9fendre avec des questionnaires\u00a0\u00bb, a d\u00e9clar\u00e9 le pr\u00e9sident de la commission de la D\u00e9fense, Thomas R\u00f6wekamp.<\/p>\n<p>Le vice-pr\u00e9sident de la CDU Norbert R\u00f6ttgen doute quant \u00e0 lui que l&rsquo;Allemagne \u00ab\u00a0ne soit pas en mesure de se d\u00e9fendre sur la base de ce projet de loi\u00a0\u00bb. Selon lui, \u00ab\u00a0il manque tout chiffre et tout d\u00e9lai sur ce qui doit \u00eatre atteint et quand, de sorte que des mesures puissent \u00eatre prises si l&rsquo;on n&rsquo;atteint pas les objectifs\u00a0\u00bb.<\/p>\n<p>Le pr\u00e9sident de l&rsquo;association des r\u00e9servistes, Patrick Sensburg, qui r\u00e9clame la r\u00e9introduction du service militaire obligatoire depuis 2015, consid\u00e8re le projet de loi comme un pas important mais insuffisant pour faire face aux besoins d&rsquo;effectifs de l&rsquo;arm\u00e9e allemande.<\/p>\n<p>\u00ab\u00a0Ce service militaire bas\u00e9 sur le volontariat ne suffira pas pour que nous ayons suffisamment de r\u00e9servistes pour faire face aux t\u00e2ches de notre temps en mati\u00e8re de politique de s\u00e9curit\u00e9\u00a0\u00bb, a -t-il observ\u00e9.<\/p>\n<p>\u00ab\u00a0Seul un service militaire obligatoire garantit que nous recrutons suffisamment de r\u00e9servistes pour les ann\u00e9es \u00e0 venir afin d&rsquo;assurer la capacit\u00e9 de mont\u00e9e en puissance de nos forces arm\u00e9es et d&rsquo;augmenter ainsi la capacit\u00e9 de dissuasion de notre pays\u00a0\u00bb, a-t-il poursuivi.<\/p>\n<p>La jeunesse du SPD hostile \u00e0 l&rsquo;obligation<\/p>\n<p>Le chef de l\u2019organisation des jeunes sociaux-d\u00e9mocrates, Philipp T\u00fcrmer est lui fonci\u00e8rement hostile \u00e0 la circonscription militaire.<\/p>\n<p>\u00ab\u00a0Nous sommes contre les \u00e9l\u00e9ments obligatoires. Nous sommes \u00e9galement contre les possibilit\u00e9s d&rsquo;activation de la loi pour r\u00e9introduire l&rsquo;obligation. Nous avons maintenant besoin d&rsquo;une d\u00e9cision claire, et cette d\u00e9cision doit \u00eatre que nous misons sur le volontariat\u00a0\u00bb, a-t-il martel\u00e9.<\/p>\n<p>Formation aux drones et subvention pour le permis de conduire<\/p>\n<p>Avec le nouveau service militaire, le gouvernement f\u00e9d\u00e9ral veut entend proposer un large \u00e9ventail de formations.<\/p>\n<p>Les recrues se verront confier des t\u00e2ches de s\u00e9curisation et de garde, pourront acqu\u00e9rir une exp\u00e9rience pratique dans diff\u00e9rents domaines de l&rsquo;arm\u00e9e et recevront des formations, par exemple sur l&rsquo;utilisation des drones, des cours de langue, des formations continues ainsi qu&rsquo;une aide financi\u00e8re pour le permis de conduire.<\/p>\n","protected":false},"excerpt":{"rendered":"R\u00e9unis au Bendlerblock, le si\u00e8ge secondaire du minist\u00e8re de la D\u00e9fense, le gouvernement allemand a adopt\u00e9 le projet&hellip;\n","protected":false},"author":2,"featured_media":347854,"comment_status":"","ping_status":"","sticky":false,"template":"","format":"standard","meta":{"footnotes":""},"categories":[1587],"tags":[11,672,1804,1805,1803,1777,674,1801,42965,1877,24897,1876,12,1802,29810],"class_list":{"0":"post-347853","1":"post","2":"type-post","3":"status-publish","4":"format-standard","5":"has-post-thumbnail","7":"category-allemagne","8":"tag-actualites","9":"tag-allemagne","10":"tag-bundesrepublik-deutschland","11":"tag-de","12":"tag-deutschland","13":"tag-eu","14":"tag-europe","15":"tag-germany","16":"tag-gouvernement-allemand","17":"tag-la-defense","18":"tag-le-projet-de-loi","19":"tag-ministere-de-la-defense","20":"tag-news","21":"tag-republique-federale-dallemagne","22":"tag-service-militaire"},"share_on_mastodon":{"url":"https:\/\/pubeurope.com\/@fr\/115101386666612106","error":""},"_links":{"self":[{"href":"https:\/\/www.europesays.com\/fr\/wp-json\/wp\/v2\/posts\/347853","targetHints":{"allow":["GET"]}}],"collection":[{"href":"https:\/\/www.europesays.com\/fr\/wp-json\/wp\/v2\/posts"}],"about":[{"href":"https:\/\/www.europesays.com\/fr\/wp-json\/wp\/v2\/types\/post"}],"author":[{"embeddable":true,"href":"https:\/\/www.europesays.com\/fr\/wp-json\/wp\/v2\/users\/2"}],"replies":[{"embeddable":true,"href":"https:\/\/www.europesays.com\/fr\/wp-json\/wp\/v2\/comments?post=347853"}],"version-history":[{"count":0,"href":"https:\/\/www.europesays.com\/fr\/wp-json\/wp\/v2\/posts\/347853\/revisions"}],"wp:featuredmedia":[{"embeddable":true,"href":"https:\/\/www.europesays.com\/fr\/wp-json\/wp\/v2\/media\/347854"}],"wp:attachment":[{"href":"https:\/\/www.europesays.com\/fr\/wp-json\/wp\/v2\/media?parent=347853"}],"wp:term":[{"taxonomy":"category","embeddable":true,"href":"https:\/\/www.europesays.com\/fr\/wp-json\/wp\/v2\/categories?post=347853"},{"taxonomy":"post_tag","embeddable":true,"href":"https:\/\/www.europesays.com\/fr\/wp-json\/wp\/v2\/tags?post=347853"}],"curies":[{"name":"wp","href":"https:\/\/api.w.org\/{rel}","templated":true}]}}