{"id":347860,"date":"2025-08-27T15:18:14","date_gmt":"2025-08-27T15:18:14","guid":{"rendered":"https:\/\/www.europesays.com\/fr\/347860\/"},"modified":"2025-08-27T15:18:14","modified_gmt":"2025-08-27T15:18:14","slug":"elle-ma-pas-abandonnee-au-proces-pourquoi-caroline-darian-ne-parle-plus-a-sa-mere","status":"publish","type":"post","link":"https:\/\/www.europesays.com\/fr\/347860\/","title":{"rendered":"\u00ab\u00a0Elle m&rsquo;a pas abandonn\u00e9e au proc\u00e8s\u00a0\u00bb\u2026 Pourquoi Caroline Darian ne parle plus \u00e0 sa m\u00e8re\u00a0"},"content":{"rendered":"<p>Pr\u00e8s d\u2019un an apr\u00e8s le retentissant proc\u00e8s des <a href=\"https:\/\/www.20minutes.fr\/justice\/4108350-20240904-affaire-viols-mazan-chris-pompier-gaston-comment-enqueteurs-retrouve-50-accuses\" target=\"_blank\" class=\"c-link c-link--is-underlined\" rel=\"noopener\">viols de Mazan<\/a>, qui a vu <a href=\"https:\/\/www.20minutes.fr\/justice\/4123716-20241127-proces-viols-mazan-contre-monde-impossible-plaidoirie-avocate-dominique-pelicot\" target=\"_blank\" class=\"c-link c-link--is-underlined\" rel=\"noopener\">Dominique Pelicot<\/a> condamn\u00e9 \u00e0 vingt ans de prison en d\u00e9cembre\u00a02024 pour les viols aggrav\u00e9s commis sur son \u00e9pouse Gis\u00e8le, <a href=\"https:\/\/www.20minutes.fr\/justice\/4166587-20250804-dijon-mari-accuse-avoir-drogue-epouse-violer-faire-violer-mis-examen\" target=\"_blank\" class=\"c-link c-link--is-underlined\" rel=\"noopener\">drogu\u00e9e \u00e0 son insu<\/a> et livr\u00e9e \u00e0 des dizaines d\u2019hommes pendant pr\u00e8s de dix ans, les blessures restent vives pour les victimes collat\u00e9rales. Dans une interview bouleversante accord\u00e9e au quotidien britannique <a href=\"https:\/\/www.telegraph.co.uk\/news\/2025\/08\/23\/gisele-pelicot-daughter-caroline-darian-interview-trial\/\" rel=\"nofollow noopener\" target=\"_blank\" class=\"c-link c-link--is-underlined\">The Telegraph<\/a>, Caroline Darian, la fille du couple, livre un t\u00e9moignage poignant sur l\u2019onde de choc de cette affaire et la fracture irr\u00e9m\u00e9diable avec sa m\u00e8re, <a href=\"https:\/\/www.20minutes.fr\/societe\/gisele-pelicot\/\" class=\"c-link c-link--is-underlined\" target=\"_blank\" rel=\"noopener\">Gis\u00e8le Pelicot<\/a>.<\/p>\n<\/p>\n<p>Convaincue d\u2019avoir elle aussi \u00e9t\u00e9 drogu\u00e9e et abus\u00e9e par son p\u00e8re, l\u2019autrice de Et j\u2019ai cess\u00e9 de t\u2019appeler Papa et Pour que l\u2019on se souvienne a port\u00e9 plainte en mars\u00a02025 pour \u00ab\u00a0administration de substances psychoactives\u00a0\u00bb et \u00ab\u00a0abus sexuels\u00a0\u00bb qu\u2019elle estime que Dominique Pelicot a \u00ab\u00a0certainement commis\u00a0\u00bb \u00e0 son encontre.<\/p>\n<p>Des \u00e9l\u00e9ments troublants dans l\u2019affaire<\/p>\n<p>Lors de l\u2019instruction, des \u00e9l\u00e9ments troublants ont \u00e9t\u00e9 d\u00e9couverts dans le mat\u00e9riel informatique de son p\u00e8re\u00a0: deux photos d\u2019elle, inconsciente, portant des sous-v\u00eatements qui ne lui appartiennent pas, ainsi que des fichiers intitul\u00e9s &lsquo;Ma fille \u00e0 poil le 9\u00a0juillet 2020&rsquo; ou &lsquo;Montage m\u00e8re\/fille comparatif de face&rsquo;. Des conversations Skype ont \u00e9galement r\u00e9v\u00e9l\u00e9 que Dominique Pelicot aurait partag\u00e9 des images et vid\u00e9os d\u2019elle nue avec un internaute anonyme.<\/p>\n<p>\u00ab\u00a0C\u2019\u00e9tait une d\u00e9flagration\u00a0\u00bb, confie-t-elle, \u00e9voquant les ann\u00e9es de probl\u00e8mes gyn\u00e9cologiques inexpliqu\u00e9s, dont une d\u00e9chirure vaginale persistante, qui l\u2019ont conduite \u00e0 une hospitalisation en psychiatrie pendant 72 heures. Mais ce qui hante Caroline Darian autant que les abus pr\u00e9sum\u00e9s est l\u2019attitude de sa m\u00e8re, Gis\u00e8le Pelicot, devenue une figure publique salu\u00e9e comme une ic\u00f4ne pour son courage face \u00e0 l\u2019horreur. \u00ab\u00a0Ma m\u00e8re n\u2019est pas une ic\u00f4ne. Pas \u00e0 mes yeux\u00a0\u00bb, ass\u00e8ne-t-elle.<\/p>\n<p>\u00ab\u00a0Ce n&rsquo;est pas une ic\u00f4ne \u00e0 mes yeux\u00a0\u00bb<\/p>\n<p>Pendant le proc\u00e8s, Caroline attendait un soutien de sa m\u00e8re, qu\u2019elle avait accompagn\u00e9e sans rel\u00e2che pendant quatre ans. \u00ab\u00a0Je l\u2019ai soutenue sans jamais la juger. Et ce n\u2019\u00e9tait pas facile, car elle ne voulait pas entendre ce que j\u2019avais \u00e0 lui dire sur Dominique. Mais dans ce tribunal, elle \u00e9tait cens\u00e9e m\u2019aider moi\u00a0\u00bb, explique-t-elle. Pourtant, Gis\u00e8le Pelicot a refus\u00e9 de croire les accusations de sa fille contre son p\u00e8re, affirmant qu\u2019il \u00ab\u00a0\u00e9tait incapable de lui faire \u00e7a\u00a0\u00bb. \u00ab\u00a0Ma m\u00e8re m\u2019a l\u00e2ch\u00e9 la main dans ce tribunal. Elle m\u2019a abandonn\u00e9e\u00a0\u00bb, d\u00e9plore Caroline. \u00ab\u00a0Et pour \u00e7a, je ne pourrais jamais lui pardonner, jamais.\u00a0\u00bb<\/p>\n<p>Le foss\u00e9 entre les deux femmes s\u2019est creus\u00e9 davantage lors du proc\u00e8s, o\u00f9 Gis\u00e8le lui aurait reproch\u00e9 de \u00ab\u00a0se donner en spectacle\u00a0\u00bb, notamment apr\u00e8s que Caroline a lanc\u00e9 \u00e0 son p\u00e8re qu\u2019il allait \u00ab\u00a0mourir seul, comme un chien\u00a0\u00bb. \u00ab\u00a0C\u2019est \u00e0 \u00e7a que \u00e7a ressemble vraiment en coulisses\u00a0\u00bb, confie-t-elle, d\u00e9crivant la solitude dans laquelle elle et ses deux fr\u00e8res, Florian et David, ont \u00e9t\u00e9 plong\u00e9s.<\/p>\n<p>Ni p\u00e8re, ni m\u00e8re<\/p>\n<p>Caroline Darian reproche \u00e0 sa m\u00e8re de ne pas avoir \u00ab\u00a0respect\u00e9 les clauses du contrat\u00a0\u00bb de la maternit\u00e9\u00a0: \u00ab\u00a0Elle a commenc\u00e9 une nouvelle vie, et je le respecte. Mais on reste m\u00e8re jusqu\u2019\u00e0 la mort, peu importent les proc\u00e8s et tribulations. Pas elle.\u00a0\u00bb Elle exprime \u00e9galement une douleur singuli\u00e8re\u00a0: \u00ab\u00a0La diff\u00e9rence entre nous, c\u2019est qu\u2019elle a choisi Dominique comme son mari. Moi, je ne l\u2019ai pas choisi comme p\u00e8re. Donc, pour moi, la peine est double.\u00a0\u00bb<\/p>\n<p><a href=\"https:\/\/www.20minutes.fr\/societe\/affaire-mazan\/\" class=\"c-link c-btn c-btn--primary\" target=\"_blank\" rel=\"noopener\">Notre dossier sur l&rsquo;affaire Mazan<\/a><\/p>\n<p>Malgr\u00e9 sa compr\u00e9hension des traumatismes subis par sa m\u00e8re, qui pourraient expliquer son incapacit\u00e9 \u00e0 soutenir davantage sa fille, Caroline reste profond\u00e9ment bless\u00e9e. \u00ab\u00a0Nous n\u2019avons plus ni p\u00e8re, ni m\u00e8re\u00a0\u00bb, conclut-elle, am\u00e8re, tout en esp\u00e9rant encore que Gis\u00e8le Pelicot \u00ab\u00a0regardera en arri\u00e8re\u00a0\u00bb.<\/p>\n","protected":false},"excerpt":{"rendered":"Pr\u00e8s d\u2019un an apr\u00e8s le retentissant proc\u00e8s des viols de Mazan, qui a vu Dominique Pelicot condamn\u00e9 \u00e0&hellip;\n","protected":false},"author":2,"featured_media":347861,"comment_status":"","ping_status":"","sticky":false,"template":"","format":"standard","meta":{"footnotes":""},"categories":[2],"tags":[47,11,1187,1189,1011,27,1188,12,883,882,25,104,48398,4520,1265,797,799],"class_list":{"0":"post-347860","1":"post","2":"type-post","3":"status-publish","4":"format-standard","5":"has-post-thumbnail","7":"category-actualites","8":"tag-actualite","9":"tag-actualites","10":"tag-affaire-mazan","11":"tag-dominique-pelicot","12":"tag-fr","13":"tag-france","14":"tag-gisele-pelicot","15":"tag-news","16":"tag-paca","17":"tag-provence-alpes-cote-dazur","18":"tag-republique-francaise","19":"tag-societe","20":"tag-soumission-chimique","21":"tag-vaucluse","22":"tag-viol","23":"tag-violences-faites-aux-femmes","24":"tag-violences-sexuelles"},"share_on_mastodon":{"url":"https:\/\/pubeurope.com\/@fr\/115101401298610347","error":""},"_links":{"self":[{"href":"https:\/\/www.europesays.com\/fr\/wp-json\/wp\/v2\/posts\/347860","targetHints":{"allow":["GET"]}}],"collection":[{"href":"https:\/\/www.europesays.com\/fr\/wp-json\/wp\/v2\/posts"}],"about":[{"href":"https:\/\/www.europesays.com\/fr\/wp-json\/wp\/v2\/types\/post"}],"author":[{"embeddable":true,"href":"https:\/\/www.europesays.com\/fr\/wp-json\/wp\/v2\/users\/2"}],"replies":[{"embeddable":true,"href":"https:\/\/www.europesays.com\/fr\/wp-json\/wp\/v2\/comments?post=347860"}],"version-history":[{"count":0,"href":"https:\/\/www.europesays.com\/fr\/wp-json\/wp\/v2\/posts\/347860\/revisions"}],"wp:featuredmedia":[{"embeddable":true,"href":"https:\/\/www.europesays.com\/fr\/wp-json\/wp\/v2\/media\/347861"}],"wp:attachment":[{"href":"https:\/\/www.europesays.com\/fr\/wp-json\/wp\/v2\/media?parent=347860"}],"wp:term":[{"taxonomy":"category","embeddable":true,"href":"https:\/\/www.europesays.com\/fr\/wp-json\/wp\/v2\/categories?post=347860"},{"taxonomy":"post_tag","embeddable":true,"href":"https:\/\/www.europesays.com\/fr\/wp-json\/wp\/v2\/tags?post=347860"}],"curies":[{"name":"wp","href":"https:\/\/api.w.org\/{rel}","templated":true}]}}