{"id":347864,"date":"2025-08-27T15:20:11","date_gmt":"2025-08-27T15:20:11","guid":{"rendered":"https:\/\/www.europesays.com\/fr\/347864\/"},"modified":"2025-08-27T15:20:11","modified_gmt":"2025-08-27T15:20:11","slug":"trois-familles-de-joueurs-emerites-reunies-au-golf-de-la-nivelle","status":"publish","type":"post","link":"https:\/\/www.europesays.com\/fr\/347864\/","title":{"rendered":"trois familles de joueurs \u00e9m\u00e9rites r\u00e9unies au golf de la Nivelle"},"content":{"rendered":"<p>Le golf de la Nivelle a v\u00e9cu un moment intense d\u2019\u00e9motion pour le troph\u00e9e Laurence Neuhaus, le 19\u00a0ao\u00fbt. Pour sa 15e \u00e9dition, de grands noms du golf \u00e9taient l\u00e0 autour de son fr\u00e8re, Alain, pr\u00e9sident du club.<\/p>\n<p>Rozner. Le patronyme parle et s\u2019il r\u00e9sonne aujourd\u2019hui gr\u00e2ce aux tr\u00e8s bons r\u00e9sultats d\u2019Antoine, c\u2019est sa maman, Laurence, fondatrice avec son fr\u00e8re Patrick Schmidlin de la marque de magasins Golf Plus, qui est venue c\u00e9l\u00e9brer la 15e \u00e9dition du troph\u00e9e Laurence-Neuhaus, joueuse \u00e9m\u00e9rite du golf de la Nivelle. \u00ab\u00a0C\u2019\u00e9tait un immense plaisir de jouer contre (avec) elle. Mais nous sommes un peu ici en famille car si, chez les Rozner, nous jouons tous au golf, c\u2019est gr\u00e2ce \u00e0 Raymond, le papa de Jean.\u00a0\u00bb<\/p>\n<p>\u00ab\u00a0Un exemple\u00a0\u00bb<\/p>\n<p>Jean Gara\u00efalde, le golfeur fran\u00e7ais le plus titr\u00e9, \u00e9tait l\u00e0, lui aussi pour rendre hommage \u00e0 Laurence Neuhaus. \u00ab\u00a0Laurence jouait \u00e0 la Nivelle, je jouais \u00e0 Chantaco, mais \u00e0 chaque fois que nous jouions ensemble, je mesurais combien elle aimait passionn\u00e9ment le golf. Elle jouait pratiquement tous les jours, contre des hommes souvent, qu\u2019elle battait d\u2019ailleurs. Elle jouait toujours pour la gagne, que ce soit en \u00e9quipe de France ou ici, \u00e0 la Nivelle, m\u00eame si le niveau des golfeuses de son \u00e9poque \u00e9tait particuli\u00e8rement relev\u00e9. Elle a \u00e9t\u00e9 un exemple de r\u00e9gularit\u00e9, d\u2019amour du golf, elle laisse une marque forte dans ce sport et je suis tr\u00e8s heureux que nous puissions c\u00e9l\u00e9brer sa m\u00e9moire.\u00a0\u00bb<\/p>\n<p>Petite fille de Jean Neuhaus et fille de Jacques Neuhaus, tous deux ayant \u00e9t\u00e9 pr\u00e9sidents du club et s\u0153ur de l\u2019actuel pr\u00e9sident, Laurence a \u00e9t\u00e9 un pilier de l\u2019\u00e9quipe dames du club qui a obtenu plusieurs titres de championnes d\u2019Europe senior par \u00e9quipes avec l\u2019Association des seniors Dames de France.<\/p>\n<p>En 2006, le Championnat d\u2019Europe senior dames par \u00e9quipes \u00e9tait officialis\u00e9 par l\u2019Association europ\u00e9enne de golf et, sous le capitanat de Catherine Lacoste, Laurence Neuhaus associ\u00e9e \u00e0 Claudine Chatrier, Fran\u00e7oise Freiss, C\u00e9cilia Mourgue d&rsquo;Algue, Marie-Christine Ubald-Bocquet et Anyta Remouleur, remportaient une nouvelle fois le titre europ\u00e9en.<\/p>\n","protected":false},"excerpt":{"rendered":"Le golf de la Nivelle a v\u00e9cu un moment intense d\u2019\u00e9motion pour le troph\u00e9e Laurence Neuhaus, le 19\u00a0ao\u00fbt.&hellip;\n","protected":false},"author":2,"featured_media":347865,"comment_status":"","ping_status":"","sticky":false,"template":"","format":"standard","meta":{"footnotes":""},"categories":[1418],"tags":[1011,27,1472,60],"class_list":{"0":"post-347864","1":"post","2":"type-post","3":"status-publish","4":"format-standard","5":"has-post-thumbnail","7":"category-golf","8":"tag-fr","9":"tag-france","10":"tag-golf","11":"tag-sports"},"share_on_mastodon":{"url":"https:\/\/pubeurope.com\/@fr\/115101409158426403","error":""},"_links":{"self":[{"href":"https:\/\/www.europesays.com\/fr\/wp-json\/wp\/v2\/posts\/347864","targetHints":{"allow":["GET"]}}],"collection":[{"href":"https:\/\/www.europesays.com\/fr\/wp-json\/wp\/v2\/posts"}],"about":[{"href":"https:\/\/www.europesays.com\/fr\/wp-json\/wp\/v2\/types\/post"}],"author":[{"embeddable":true,"href":"https:\/\/www.europesays.com\/fr\/wp-json\/wp\/v2\/users\/2"}],"replies":[{"embeddable":true,"href":"https:\/\/www.europesays.com\/fr\/wp-json\/wp\/v2\/comments?post=347864"}],"version-history":[{"count":0,"href":"https:\/\/www.europesays.com\/fr\/wp-json\/wp\/v2\/posts\/347864\/revisions"}],"wp:featuredmedia":[{"embeddable":true,"href":"https:\/\/www.europesays.com\/fr\/wp-json\/wp\/v2\/media\/347865"}],"wp:attachment":[{"href":"https:\/\/www.europesays.com\/fr\/wp-json\/wp\/v2\/media?parent=347864"}],"wp:term":[{"taxonomy":"category","embeddable":true,"href":"https:\/\/www.europesays.com\/fr\/wp-json\/wp\/v2\/categories?post=347864"},{"taxonomy":"post_tag","embeddable":true,"href":"https:\/\/www.europesays.com\/fr\/wp-json\/wp\/v2\/tags?post=347864"}],"curies":[{"name":"wp","href":"https:\/\/api.w.org\/{rel}","templated":true}]}}