{"id":347866,"date":"2025-08-27T15:22:11","date_gmt":"2025-08-27T15:22:11","guid":{"rendered":"https:\/\/www.europesays.com\/fr\/347866\/"},"modified":"2025-08-27T15:22:11","modified_gmt":"2025-08-27T15:22:11","slug":"le-neo-zelandais-shane-christie-est-decede-a-39-ans-lequipe","status":"publish","type":"post","link":"https:\/\/www.europesays.com\/fr\/347866\/","title":{"rendered":"Le N\u00e9o-Z\u00e9landais Shane Christie est d\u00e9c\u00e9d\u00e9 \u00e0 39 ans &#8211; L&#039;\u00c9quipe"},"content":{"rendered":"<ol>\n<li><a href=\"https:\/\/news.google.com\/rss\/articles\/CBMioAFBVV95cUxPUUQ4ZHAtamM4aWl0N1dRTzJkT29icGhrN3RXbzFFZ1g2VUJETVpnalVkcjV4bG5XT18zMDczVVpLaVdUMGs3S2hUbFNfYWtQUm9nV1oxUlc3U0VYc2diOVJSLVFiZVJwazFDbk9lZThPYXctY2RzYXdrRFVfd3FYb0N4VVhza0JKOE1oRXBWUmFuMTlMYVBJck5GV3dSVmlf?oc=5\" target=\"_blank\" rel=\"nofollow noopener\">Le N\u00e9o-Z\u00e9landais Shane Christie est d\u00e9c\u00e9d\u00e9 \u00e0 39 ans<\/a>&nbsp;&nbsp;L&rsquo;\u00c9quipe<\/li>\n<li><a href=\"https:\/\/news.google.com\/rss\/articles\/CBMi6AFBVV95cUxQQnF2eUplMXpnYjFvQ0pjQ01ueDhpMXRuSGowdmpEUWplRmkxaGpmVFhFRWpXMzc1ME5ocXFtR3F3LWdhWHRHRjhUNHNURGxTVGRHU2RMZC16ZE9RNzR0eUVJamlLOFZoV0s2T3hQSXI1enhicHNqNGJnNnZqYWhSN2dpVktNMnlSNGtiaEtOLW5MRWJrS1FqdzgtSzctWGNLQmJIQ2pSNWlURVhJaWljcFRHYkhWYlR6MnRBZjdnSnJSY1pkQThEcGFEZmVuVzFyMjVvSHpERTB3aG9mTlBXLXRkTXpWcHpN?oc=5\" target=\"_blank\" rel=\"nofollow noopener\">Carnet noir \u2013 L\u2019ancien troisi\u00e8me ligne Shane Christie est d\u00e9c\u00e9d\u00e9, un suicide \u00e0 cause des commotions suspect\u00e9<\/a>&nbsp;&nbsp;Rugbyrama<\/li>\n<li><a href=\"https:\/\/news.google.com\/rss\/articles\/CBMiigJBVV95cUxPWFVSbDl2bFZrbmFyWExXZjRranY0TUNVblgyT1BaV2FYUFpmNzdTLXhETHRrdFp6cm14RFoyZXNCQ1AyV3RENnIyV29Kd3hiUTNLRGliN1BNNGlqRENfbVpYZlBYMExfMzMzTWc0VkFPSjdqaDBHTEFBR2RySkdYQjU2S0hCN3JhX2dFaE9UNTJpNkhkeGcwTzJyckFhbWk0UVhxTUZEUUtiNXZ6cWlnSVF0cGVwRnZHa2V5MFRiV013S0xUaDc0SVlkamttWkhVRFYtV28xWl92cGdsZkF5dEZwSkRJNk0xWmZIS0VKc09NU011ZEVwdjdPbjhBd2l6QS01UUZZSEh4UQ?oc=5\" target=\"_blank\" rel=\"nofollow noopener\">Rugby : un ancien joueur n\u00e9o-z\u00e9landais meurt \u00e0 39 ans apr\u00e8s avoir souffert de commotions c\u00e9r\u00e9brales<\/a>&nbsp;&nbsp;Le Parisien<\/li>\n<li><a href=\"https:\/\/news.google.com\/rss\/articles\/CBMijwJBVV95cUxNNW1oZXUxcFhONWhXNU9kdU9SUzNOLXRWNDhfcXlVYmxKaV96NnBySjFTb3NVaHJ1czNEanNXOTIxR2k4V2ZWMWFCa0otZHNGWTVvbE9xTWlZcUN2UWVkYjhwTjk1M2I0TVRncXZYSG9nQUN5ZnZRNHlVS0ltMUpUa08wYzBOZC03ckhGdG1hY3QxTWVCOWpnak95SkFGSEdTR0swQ21fc0owMFNzb0tjUlFjdC1adlg0S2duRkQycXRPdmg5cDBiUXNaRFIzRE1ad1FkR2E3eWtiOTllMXJJWEItZEREdFE4NDVhcy0tM254RDE1WGJTTFozdjZXRGItZU9adVpySFgwcWRZZkVN?oc=5\" target=\"_blank\" rel=\"nofollow noopener\">Rugby : un joueur n\u00e9o-z\u00e9landais d\u00e9c\u00e8de \u00e0 l\u2019\u00e2ge de 39 ans, il avait mis fin \u00e0 sa carri\u00e8re apr\u00e8s avoir subi plusieurs commotions c\u00e9r\u00e9brales<\/a>&nbsp;&nbsp;ladepeche.fr<\/li>\n<li><a href=\"https:\/\/news.google.com\/rss\/articles\/CBMilAFBVV95cUxPZE5VMjhPbzRRSTZvVUVXRTBxb1RSYkZVSjV5cUxRV2pMSjBRcDN5ZW9aNFNZS2s3c19jS3QyeXpaMWJjNGY5SVNWUDhlODZ1SnZHVFNrSGJxMWhtMmdhQ2ZrYTlQY09MSUNrSmg4WlpSZVAxd1dyQzRleUdBZUxqSk9GWjJrdUEtcGF4bG1rb2RWTTBv?oc=5\" target=\"_blank\" rel=\"nofollow noopener\">Le rugby n\u00e9o-z\u00e9landais en deuil : d\u00e9c\u00e8s \u00e0 39 ans d\u2019un ancien joueur<\/a>&nbsp;&nbsp;Quinze Ovalie<\/li>\n<\/ol>\n","protected":false},"excerpt":{"rendered":"Le N\u00e9o-Z\u00e9landais Shane Christie est d\u00e9c\u00e9d\u00e9 \u00e0 39 ans&nbsp;&nbsp;L&rsquo;\u00c9quipe Carnet noir \u2013 L\u2019ancien troisi\u00e8me ligne Shane Christie est&hellip;\n","protected":false},"author":2,"featured_media":347867,"comment_status":"","ping_status":"","sticky":false,"template":"","format":"standard","meta":{"footnotes":""},"categories":[1416],"tags":[1011,27,479,1468,60],"class_list":{"0":"post-347866","1":"post","2":"type-post","3":"status-publish","4":"format-standard","5":"has-post-thumbnail","7":"category-rugby","8":"tag-fr","9":"tag-france","10":"tag-rugby","11":"tag-rugby-football","12":"tag-sports"},"share_on_mastodon":{"url":"https:\/\/pubeurope.com\/@fr\/115101417033684785","error":""},"_links":{"self":[{"href":"https:\/\/www.europesays.com\/fr\/wp-json\/wp\/v2\/posts\/347866","targetHints":{"allow":["GET"]}}],"collection":[{"href":"https:\/\/www.europesays.com\/fr\/wp-json\/wp\/v2\/posts"}],"about":[{"href":"https:\/\/www.europesays.com\/fr\/wp-json\/wp\/v2\/types\/post"}],"author":[{"embeddable":true,"href":"https:\/\/www.europesays.com\/fr\/wp-json\/wp\/v2\/users\/2"}],"replies":[{"embeddable":true,"href":"https:\/\/www.europesays.com\/fr\/wp-json\/wp\/v2\/comments?post=347866"}],"version-history":[{"count":0,"href":"https:\/\/www.europesays.com\/fr\/wp-json\/wp\/v2\/posts\/347866\/revisions"}],"wp:featuredmedia":[{"embeddable":true,"href":"https:\/\/www.europesays.com\/fr\/wp-json\/wp\/v2\/media\/347867"}],"wp:attachment":[{"href":"https:\/\/www.europesays.com\/fr\/wp-json\/wp\/v2\/media?parent=347866"}],"wp:term":[{"taxonomy":"category","embeddable":true,"href":"https:\/\/www.europesays.com\/fr\/wp-json\/wp\/v2\/categories?post=347866"},{"taxonomy":"post_tag","embeddable":true,"href":"https:\/\/www.europesays.com\/fr\/wp-json\/wp\/v2\/tags?post=347866"}],"curies":[{"name":"wp","href":"https:\/\/api.w.org\/{rel}","templated":true}]}}