{"id":347868,"date":"2025-08-27T15:23:10","date_gmt":"2025-08-27T15:23:10","guid":{"rendered":"https:\/\/www.europesays.com\/fr\/347868\/"},"modified":"2025-08-27T15:23:10","modified_gmt":"2025-08-27T15:23:10","slug":"scores-et-resultats-en-direct-suivez-le-2e-tour","status":"publish","type":"post","link":"https:\/\/www.europesays.com\/fr\/347868\/","title":{"rendered":"scores et r\u00e9sultats en direct, suivez le 2e tour"},"content":{"rendered":"<p><a name=\"post1756307410\"\/>17:10 &#8211; Le programme des Fran\u00e7ais ce mercredi<\/p>\n<p>L&rsquo;heure est d\u00e9j\u00e0 au deuxi\u00e8me tour de l&rsquo;US Open avec plusieurs fran\u00e7ais attendus sur les courts. Dans le d\u00e9tail,\u00a0Benjamin Bonzi fera face \u00e0 l\u2019Am\u00e9ricain Marcos Giron apr\u00e8s sa victoire contre Daniil Medvedev. Ugo Blanchet, issu des qualifications, affrontera Jakub Mensik, t\u00eate de s\u00e9rie n\u00b0\u00a016. Arthur Rinderknech\u00a0aura \u00e9galement un gros duel face \u00e0 Alejandro Davidovich\u00a0Fokina, t\u00eate de s\u00e9rie n\u00b0\u00a018 du tournoi. Enfin, le v\u00e9t\u00e9ran Adrian Mannarino fera face \u00e0 Jordan Thompson en d\u00e9but de soir\u00e9e en France. Chez les femmes, on suivra\u00a0Elsa Jacquemot face \u00e0 la redoutable Canadienne Leylah Ferrandez.<\/p>\n<p><a name=\"post1756277756\"\/>08:55 &#8211; La catastrophe pour les Fran\u00e7ais<\/p>\n<p>La fin du premier tour fait mal aux Fran\u00e7ais. Lois Boisson, tr\u00e8s attendue, a \u00e9t\u00e9 \u00e9limin\u00e9e d\u00e8s le premier tour malgr\u00e9 le gain du premier set. Un r\u00e9sultat qui montre que la Fran\u00e7aise n&rsquo;est peut \u00eatre \u00e0 l&rsquo;aise que sur terre battue, score final\u00a0(3-6, 7-6 (7\/3), 6-2). En Grand Chelem, \u00ab\u00a0les filles ont de l&rsquo;exp\u00e9rience, elles savent comment \u00e7a marche. Il faut que j&rsquo;apprenne encore pas mal de choses\u00a0\u00bb a-t-elle expliqu\u00e9.<br \/>&#13;<br \/>\nChez les hommes,\u00a0Ga\u00ebl Monfils n&rsquo;a pas eu plus de r\u00e9ussite. Dernier Fran\u00e7ais \u00e0 s&rsquo;\u00e9lancer au premier tour de l&rsquo;US Open mardi, le Parisien s&rsquo;est cette fois inclin\u00e9 6-4, 2-6, 6-1, 3-6, 6-4 contre le Russe Roman Safiullin (94e). Diminu\u00e9 physiquement, Alexandre M\u00fcller (38e) a de son c\u00f4t\u00e9 c\u00e9d\u00e9 en quatre sets contre le Grec Stefanos Tsitsipas (28e), vainqueur 4-6, 6-0, 6-1, 7-6 (7\/5).\u00a0Giovanni Mpetshi Perricard (37e) a \u00e9t\u00e9 battu par Lorenzo Musetti.\u00a0Valentin Royer a en revanche pass\u00e9 le premier\u00a0en battant le Chinois Bu Yunchaokete 6-1, 6-4, 7-6 (7\/1).<\/p>\n","protected":false},"excerpt":{"rendered":"17:10 &#8211; Le programme des Fran\u00e7ais ce mercredi L&rsquo;heure est d\u00e9j\u00e0 au deuxi\u00e8me tour de l&rsquo;US Open avec&hellip;\n","protected":false},"author":2,"featured_media":347869,"comment_status":"","ping_status":"","sticky":false,"template":"","format":"standard","meta":{"footnotes":""},"categories":[1415],"tags":[1011,27,60,1467],"class_list":{"0":"post-347868","1":"post","2":"type-post","3":"status-publish","4":"format-standard","5":"has-post-thumbnail","7":"category-tennis","8":"tag-fr","9":"tag-france","10":"tag-sports","11":"tag-tennis"},"share_on_mastodon":{"url":"https:\/\/pubeurope.com\/@fr\/115101421057012091","error":""},"_links":{"self":[{"href":"https:\/\/www.europesays.com\/fr\/wp-json\/wp\/v2\/posts\/347868","targetHints":{"allow":["GET"]}}],"collection":[{"href":"https:\/\/www.europesays.com\/fr\/wp-json\/wp\/v2\/posts"}],"about":[{"href":"https:\/\/www.europesays.com\/fr\/wp-json\/wp\/v2\/types\/post"}],"author":[{"embeddable":true,"href":"https:\/\/www.europesays.com\/fr\/wp-json\/wp\/v2\/users\/2"}],"replies":[{"embeddable":true,"href":"https:\/\/www.europesays.com\/fr\/wp-json\/wp\/v2\/comments?post=347868"}],"version-history":[{"count":0,"href":"https:\/\/www.europesays.com\/fr\/wp-json\/wp\/v2\/posts\/347868\/revisions"}],"wp:featuredmedia":[{"embeddable":true,"href":"https:\/\/www.europesays.com\/fr\/wp-json\/wp\/v2\/media\/347869"}],"wp:attachment":[{"href":"https:\/\/www.europesays.com\/fr\/wp-json\/wp\/v2\/media?parent=347868"}],"wp:term":[{"taxonomy":"category","embeddable":true,"href":"https:\/\/www.europesays.com\/fr\/wp-json\/wp\/v2\/categories?post=347868"},{"taxonomy":"post_tag","embeddable":true,"href":"https:\/\/www.europesays.com\/fr\/wp-json\/wp\/v2\/tags?post=347868"}],"curies":[{"name":"wp","href":"https:\/\/api.w.org\/{rel}","templated":true}]}}