{"id":347870,"date":"2025-08-27T15:24:10","date_gmt":"2025-08-27T15:24:10","guid":{"rendered":"https:\/\/www.europesays.com\/fr\/347870\/"},"modified":"2025-08-27T15:24:10","modified_gmt":"2025-08-27T15:24:10","slug":"vers-une-candidature-de-la-france-a-la-coupe-du-monde-2031","status":"publish","type":"post","link":"https:\/\/www.europesays.com\/fr\/347870\/","title":{"rendered":"Vers une candidature de la France \u00e0 la Coupe du monde 2031"},"content":{"rendered":"<p>La France a organis\u00e9 les Jeux Olympiques de 2024 et des Championnats d&rsquo;Europe (1951, 1983, 1999 et 2015) mais jamais encore la Coupe du monde qui n&rsquo;a pas eu de site en Europe depuis 2014, en Espagne. Les \u00e9ditions de 2019 (Chine) et 2023 (Philippines\/Indon\u00e9sie\/Japon) ont eu lieu en Asie et celle de 2027 est programm\u00e9e au Moyen-Orient (Qatar).<\/p>\n<p>Les atouts de la France, c&rsquo;est <a href=\"https:\/\/www.basketeurope.com\/le-record-de-spectateurs-pour-un-tournoi-olympique-a-ete-battu-lors-des-jo-de-2024\/\" rel=\"noreferrer nofollow noopener\" target=\"_blank\">la r\u00e9ussite populaire des Jeux Olympiques<\/a> \u00e0 Lille (Pierre-Mauroy) et Paris (Accor Arena) et le fait qu&rsquo;elle dispose \u00e9galement d\u00e9sormais des enceintes ad\u00e9quates avec la LDLC Arena de D\u00e9cines, de la Paris-La D\u00e9fense Arena de Nanterre et de l&rsquo;arena d&rsquo;Orl\u00e9ans. Paris est par ailleurs devenu le centre d&rsquo;attention de la NBA en Europe.<\/p>\n<blockquote><p>\u00ab\u00a0Le processus de candidature reste particuli\u00e8rement complexe puisqu&rsquo;il sugg\u00e8re des dizaines de millions d&rsquo;euros (voire plus d&rsquo;une centaine) d&rsquo;investissements. Mais, \u00e0 l&rsquo;image du tournoi de qualification pour la prochaine Coupe du monde f\u00e9minine (2026, en Allemagne) que l&rsquo;Hexagone esp\u00e8re organiser \u00e0 l&rsquo;Astroballe (Villeurbanne) en mars &#8211; un test grandeur nature avant le d\u00e9p\u00f4t probable du dossier cette m\u00eame ann\u00e9e -, la FFBB est pr\u00eate \u00e0 franchir le cap afin de rester une place forte du basket mondial\u00a0\u00bb, \u00e9crit <a href=\"https:\/\/www.lequipe.fr\/Basket\/Actualites\/La-france-reve-d-organiser-la-coupe-du-monde-2031-de-basket\/1587821?ref=basketeurope.com\" rel=\"noreferrer nofollow noopener\" target=\"_blank\">L&rsquo;Equipe<\/a>.<\/p><\/blockquote>\n","protected":false},"excerpt":{"rendered":"La France a organis\u00e9 les Jeux Olympiques de 2024 et des Championnats d&rsquo;Europe (1951, 1983, 1999 et 2015)&hellip;\n","protected":false},"author":2,"featured_media":347871,"comment_status":"","ping_status":"","sticky":false,"template":"","format":"standard","meta":{"footnotes":""},"categories":[1414],"tags":[1465,1464,1011,27,60],"class_list":{"0":"post-347870","1":"post","2":"type-post","3":"status-publish","4":"format-standard","5":"has-post-thumbnail","7":"category-basket","8":"tag-basket","9":"tag-basketball","10":"tag-fr","11":"tag-france","12":"tag-sports"},"share_on_mastodon":{"url":"https:\/\/pubeurope.com\/@fr\/115101425026945661","error":""},"_links":{"self":[{"href":"https:\/\/www.europesays.com\/fr\/wp-json\/wp\/v2\/posts\/347870","targetHints":{"allow":["GET"]}}],"collection":[{"href":"https:\/\/www.europesays.com\/fr\/wp-json\/wp\/v2\/posts"}],"about":[{"href":"https:\/\/www.europesays.com\/fr\/wp-json\/wp\/v2\/types\/post"}],"author":[{"embeddable":true,"href":"https:\/\/www.europesays.com\/fr\/wp-json\/wp\/v2\/users\/2"}],"replies":[{"embeddable":true,"href":"https:\/\/www.europesays.com\/fr\/wp-json\/wp\/v2\/comments?post=347870"}],"version-history":[{"count":0,"href":"https:\/\/www.europesays.com\/fr\/wp-json\/wp\/v2\/posts\/347870\/revisions"}],"wp:featuredmedia":[{"embeddable":true,"href":"https:\/\/www.europesays.com\/fr\/wp-json\/wp\/v2\/media\/347871"}],"wp:attachment":[{"href":"https:\/\/www.europesays.com\/fr\/wp-json\/wp\/v2\/media?parent=347870"}],"wp:term":[{"taxonomy":"category","embeddable":true,"href":"https:\/\/www.europesays.com\/fr\/wp-json\/wp\/v2\/categories?post=347870"},{"taxonomy":"post_tag","embeddable":true,"href":"https:\/\/www.europesays.com\/fr\/wp-json\/wp\/v2\/tags?post=347870"}],"curies":[{"name":"wp","href":"https:\/\/api.w.org\/{rel}","templated":true}]}}