{"id":347874,"date":"2025-08-27T15:26:10","date_gmt":"2025-08-27T15:26:10","guid":{"rendered":"https:\/\/www.europesays.com\/fr\/347874\/"},"modified":"2025-08-27T15:26:10","modified_gmt":"2025-08-27T15:26:10","slug":"je-vous-dois-ma-vie-le-rappeur-eminem-se-confie-sur-ses-fans-dans-le-documentaire-stans","status":"publish","type":"post","link":"https:\/\/www.europesays.com\/fr\/347874\/","title":{"rendered":"\u00ab\u00a0Je vous dois ma vie\u00a0\u00bb\u00a0: le rappeur Eminem se confie sur ses fans dans le documentaire \u00ab\u00a0Stans\u00a0\u00bb"},"content":{"rendered":"<p class=\"paragraph text_align_left lp-f-body-02\">Le mot est apparu en 2019 dans le tr\u00e8s s\u00e9rieux Oxford English Dictionary. Un \u00ab stan \u00bb, selon l\u2019ouvrage, est un fan z\u00e9l\u00e9. Son origine, c\u2019est une chanson <a href=\"https:\/\/www.leparisien.fr\/culture-loisirs\/musique\/eminem-devient-grand-pere-a-lage-de-52-ans-et-sa-fille-lui-fait-un-joli-cadeau-avec-le-prenom-de-son-fils-07-04-2025-PVPTDMNM5RF7DMDU64A7E7NPWE.php\" target=\"_self\" rel=\"nofollow noopener\">d\u2019Eminem,<\/a> du m\u00eame nom. Un morceau sorti en 2000, devenu mythique, dans lequel le rappeur imagine un \u00e9change de lettres avec un admirateur, Stan, qui vire \u00e0 l\u2019obsession et finit mal.<\/p>\n<p class=\"paragraph text_align_left lp-f-body-02\">\u00ab Stans \u00bb, c\u2019est donc logiquement le nom du documentaire consacr\u00e9 \u00e0 l\u2019artiste, sa carri\u00e8re et sa relation \u00e0 ses fans, mis en ligne sur Paramount + ce mercredi 27 ao\u00fbt. Ce long-m\u00e9trage, qu\u2019il a lui-m\u00eame produit, retrace son parcours mais se perd un peu en laissant trop la parole \u00e0 ces derniers.<\/p>\n","protected":false},"excerpt":{"rendered":"Le mot est apparu en 2019 dans le tr\u00e8s s\u00e9rieux Oxford English Dictionary. Un \u00ab stan \u00bb, selon&hellip;\n","protected":false},"author":2,"featured_media":347875,"comment_status":"","ping_status":"","sticky":false,"template":"","format":"standard","meta":{"footnotes":""},"categories":[1412],"tags":[650,872,1451,1452,1453,1454,1455,1011,27,60],"class_list":{"0":"post-347874","1":"post","2":"type-post","3":"status-publish","4":"format-standard","5":"has-post-thumbnail","7":"category-f1","8":"tag-cinema","9":"tag-culture-et-loisirs","10":"tag-f1","11":"tag-formula-1","12":"tag-formula1","13":"tag-formule-1","14":"tag-formule1","15":"tag-fr","16":"tag-france","17":"tag-sports"},"share_on_mastodon":{"url":"https:\/\/pubeurope.com\/@fr\/115101432831040229","error":""},"_links":{"self":[{"href":"https:\/\/www.europesays.com\/fr\/wp-json\/wp\/v2\/posts\/347874","targetHints":{"allow":["GET"]}}],"collection":[{"href":"https:\/\/www.europesays.com\/fr\/wp-json\/wp\/v2\/posts"}],"about":[{"href":"https:\/\/www.europesays.com\/fr\/wp-json\/wp\/v2\/types\/post"}],"author":[{"embeddable":true,"href":"https:\/\/www.europesays.com\/fr\/wp-json\/wp\/v2\/users\/2"}],"replies":[{"embeddable":true,"href":"https:\/\/www.europesays.com\/fr\/wp-json\/wp\/v2\/comments?post=347874"}],"version-history":[{"count":0,"href":"https:\/\/www.europesays.com\/fr\/wp-json\/wp\/v2\/posts\/347874\/revisions"}],"wp:featuredmedia":[{"embeddable":true,"href":"https:\/\/www.europesays.com\/fr\/wp-json\/wp\/v2\/media\/347875"}],"wp:attachment":[{"href":"https:\/\/www.europesays.com\/fr\/wp-json\/wp\/v2\/media?parent=347874"}],"wp:term":[{"taxonomy":"category","embeddable":true,"href":"https:\/\/www.europesays.com\/fr\/wp-json\/wp\/v2\/categories?post=347874"},{"taxonomy":"post_tag","embeddable":true,"href":"https:\/\/www.europesays.com\/fr\/wp-json\/wp\/v2\/tags?post=347874"}],"curies":[{"name":"wp","href":"https:\/\/api.w.org\/{rel}","templated":true}]}}