{"id":347876,"date":"2025-08-27T15:27:10","date_gmt":"2025-08-27T15:27:10","guid":{"rendered":"https:\/\/www.europesays.com\/fr\/347876\/"},"modified":"2025-08-27T15:27:10","modified_gmt":"2025-08-27T15:27:10","slug":"cyclisme-tour-poitou-charentes-dorian-godon-soffre-la-2e-etape-arnaud-demare-encore-2e","status":"publish","type":"post","link":"https:\/\/www.europesays.com\/fr\/347876\/","title":{"rendered":"Cyclisme. Tour Poitou-Charentes &#8211; Dorian Godon s&rsquo;offre la 2e \u00e9tape, Arnaud D\u00e9mare encore 2e"},"content":{"rendered":"<p>Ce mercredi avait lieu la 2e \u00e9tape du <strong><a href=\"https:\/\/www.cyclismactu.net\/..\/news-tour-poitou-charentes-route-arnaud-demare-frustre-par-jason-tesson-sur-1ere-etape-89806.html\" target=\"_blank\" rel=\"noopener\">Tour Poitou-Charentes<\/a><\/strong> entre\u00a0Jonzac et\u00a0Gond-Pontouvre, et comme mardi sur la 1\u00e8re \u00e9tape, c&rsquo;est au sprint que s&rsquo;est jou\u00e9e la victoire. Surpuissant, le Fran\u00e7ais <strong>Dorian Godon<\/strong>\u00a0(Decathlon AG2R La Mondiale Team), 4e de la 1\u00e8re \u00e9tape, s&rsquo;est brillamment impos\u00e9, devant son compatriote <strong>Arnaud D\u00e9mare<\/strong> (ARKEA-B&amp;B HOTELS), d\u00e9j\u00e0 deuxi\u00e8me mardi sur la 1\u00e8re \u00e9tape. Le Fran\u00e7ais <strong>Benjamin Thomas\u00a0<\/strong>(Cofidis) compl\u00e8te un podium 100% fran\u00e7ais. Petit lot de consolation pour <strong>Arnaud D\u00e9mare<\/strong>, il prend la t\u00eate du classement g\u00e9n\u00e9ral gr\u00e2ce aux 6 secondes de bonification qu&rsquo;il a obtenues ce mercredi.<\/p>\n<p>Vid\u00e9o &#8211; Dorian Godon est le champion de France 2025 Lire la suite de l&rsquo;article&#13;<\/p>\n<p>\u00a0<\/p>\n<p>&#13;<br \/>\nLe r\u00e9sum\u00e9 de la course :&#13;<\/p>\n<p>Apr\u00e8s le d\u00e9part r\u00e9el, quatre coureurs se sont port\u00e9s \u00e0 l&rsquo;avant :\u00a0<strong>Gabriele Raccagni<\/strong> (Team Polti VisitMalta), et trois co\u00e9quipiers de la formation <strong>Parkhotel Valkenburg<\/strong>,<strong>\u00a0Mathis Avondts<\/strong>, <strong>Nils Sinschek<\/strong>,\u00a0et <strong>Martijn Rasenberg<\/strong>. Malgr\u00e9 une avance qui a pendant un moment d\u00e9pass\u00e9 les 5 minutes, le peloton a parfaitement g\u00e9r\u00e9 la poursuite pour finalement les reprendre \u00e0 trois kilom\u00e8tres de l&rsquo;arriv\u00e9e. <\/p>\n<p>&#13;<\/p>\n<p>Au sprint, c&rsquo;est, comme la veille, un Fran\u00e7ais qui s&rsquo;est impos\u00e9, le futur membre d&rsquo;<strong>INEOS Grenadiers<\/strong>\u00a0<strong>Dorian Godon<\/strong>\u00a0(Decathlon AG2R La Mondiale Team). <strong>Arnaud D\u00e9mare<\/strong>\u00a0(ARKEA-B&amp;B HOTELS) termine 2e comme sur la 1\u00e8re \u00e9tape, tandis que <strong>Benjamin Thomas<\/strong> (Cofidis) compl\u00e8te le podium. <strong>Jason Tesson<\/strong> (Team TotalEnergies), vainqueur de la 1\u00e8re \u00e9tape, termine 5e et perd son maillot jaune au profit d&rsquo;<strong>Arnaud D\u00e9mare<\/strong>, qui le r\u00e9cup\u00e8re au jeu des bonifications.<\/p>\n<p>Tour Poitou-Charentes en Nouvelle-Aquitaine &#8211; Classement de la 2\u00e8 \u00e9tape Tour Poitou-Charentes en Nouvelle-Aquitaine &#8211; Classement g\u00e9n\u00e9ral provisoire apr\u00e8s la 2\u00e8 \u00e9tape<\/p>\n","protected":false},"excerpt":{"rendered":"Ce mercredi avait lieu la 2e \u00e9tape du Tour Poitou-Charentes entre\u00a0Jonzac et\u00a0Gond-Pontouvre, et comme mardi sur la 1\u00e8re&hellip;\n","protected":false},"author":2,"featured_media":347877,"comment_status":"","ping_status":"","sticky":false,"template":"","format":"standard","meta":{"footnotes":""},"categories":[1411],"tags":[1154,207,211,1011,27,209,60,210,21932,212,208,213],"class_list":{"0":"post-347876","1":"post","2":"type-post","3":"status-publish","4":"format-standard","5":"has-post-thumbnail","7":"category-cyclisme","8":"tag-cycling","9":"tag-cyclisme","10":"tag-ffc","11":"tag-fr","12":"tag-france","13":"tag-route","14":"tag-sports","15":"tag-tour-de-france","16":"tag-tour-poitou-charentes","17":"tag-uci","18":"tag-velo","19":"tag-world-tour"},"share_on_mastodon":{"url":"https:\/\/pubeurope.com\/@fr\/115101436721191415","error":""},"_links":{"self":[{"href":"https:\/\/www.europesays.com\/fr\/wp-json\/wp\/v2\/posts\/347876","targetHints":{"allow":["GET"]}}],"collection":[{"href":"https:\/\/www.europesays.com\/fr\/wp-json\/wp\/v2\/posts"}],"about":[{"href":"https:\/\/www.europesays.com\/fr\/wp-json\/wp\/v2\/types\/post"}],"author":[{"embeddable":true,"href":"https:\/\/www.europesays.com\/fr\/wp-json\/wp\/v2\/users\/2"}],"replies":[{"embeddable":true,"href":"https:\/\/www.europesays.com\/fr\/wp-json\/wp\/v2\/comments?post=347876"}],"version-history":[{"count":0,"href":"https:\/\/www.europesays.com\/fr\/wp-json\/wp\/v2\/posts\/347876\/revisions"}],"wp:featuredmedia":[{"embeddable":true,"href":"https:\/\/www.europesays.com\/fr\/wp-json\/wp\/v2\/media\/347877"}],"wp:attachment":[{"href":"https:\/\/www.europesays.com\/fr\/wp-json\/wp\/v2\/media?parent=347876"}],"wp:term":[{"taxonomy":"category","embeddable":true,"href":"https:\/\/www.europesays.com\/fr\/wp-json\/wp\/v2\/categories?post=347876"},{"taxonomy":"post_tag","embeddable":true,"href":"https:\/\/www.europesays.com\/fr\/wp-json\/wp\/v2\/tags?post=347876"}],"curies":[{"name":"wp","href":"https:\/\/api.w.org\/{rel}","templated":true}]}}