{"id":347878,"date":"2025-08-27T15:28:13","date_gmt":"2025-08-27T15:28:13","guid":{"rendered":"https:\/\/www.europesays.com\/fr\/347878\/"},"modified":"2025-08-27T15:28:13","modified_gmt":"2025-08-27T15:28:13","slug":"on-va-a-la-can-au-maroc-pour-gagner","status":"publish","type":"post","link":"https:\/\/www.europesays.com\/fr\/347878\/","title":{"rendered":"\u00abon va \u00e0 la CAN au Maroc pour gagner !\u00bb"},"content":{"rendered":"<p><strong>Foot Mercato : <a href=\"https:\/\/www.footmercato.net\/joueur\/mohamed-camara-8\/\" rel=\"nofollow noopener\" target=\"_blank\">Mohamed<\/a>, \u00e7a fait un an que tu es au Qatar. Quel est ton ressenti sur ton exp\u00e9rience l\u00e0-bas ?<\/strong> <\/p>\n<p>            La suite apr\u00e8s cette publicit\u00e9<\/p>\n<p><strong>Mohamed Camara :<\/strong> tout se passe bien, la vie est calme, le championnat est plaisant \u00e9galement. Je remercie le bon Dieu, tout se passe tr\u00e8s bien au Qatar. <\/p>\n<p><strong>FM : pourquoi as-tu fait le choix de rejoindre le Qatar plut\u00f4t que de rejoindre un autre championnat europ\u00e9en par exemple ?<\/strong> <\/p>\n<p>            La suite apr\u00e8s cette publicit\u00e9<\/p>\n<p><strong>MC :<\/strong> je voulais aller dans un endroit o\u00f9 je pourrais bien pratiquer ma religion. O\u00f9 je serais libre de faire ce que je veux dans ma religion. Al-Sadd, ce qu\u2019ils m\u2019ont propos\u00e9, \u00e7a m\u2019a directement plu. Ce n\u2019est pas seulement un pays islamique, mais le projet sportif m\u2019a plu aussi. C\u2019est pour \u00e7a que j\u2019ai fait ce choix plut\u00f4t que d\u2019aller ailleurs en Europe, que ce soit en Angleterre, en Allemagne, en Espagne. J\u2019ai refus\u00e9 tout \u00e7a pour venir ici. <\/p>\n<p>        \u00ab Le championnat qatari se d\u00e9veloppe \u00e9norm\u00e9ment \u00bb<\/p>\n<p><strong>FM : quel est ton regard sur le niveau de comp\u00e9titivit\u00e9 qu\u2019il y a au Qatar ?<\/strong> <\/p>\n<p>            La suite apr\u00e8s cette publicit\u00e9<\/p>\n<p><strong>MC :<\/strong> le championnat d\u2019ici, c\u2019est un championnat qui reste n\u00e9anmoins tactique et physique. \u00c7a demande de grandes aptitudes physiques aussi. On peut dire que tous les joueurs courent ici. En France, ce que je ne faisais pas, je le fais ici. Parce qu\u2019il faut courir pour les autres aussi. <\/p>\n<p><strong>FM : quelles sont les grandes diff\u00e9rences entre le Qatar et la France ?<\/strong><\/p>\n<p><strong>MC :<\/strong> quand m\u00eame, c\u2019est un championnat un peu physique, mais pas au m\u00eame niveau que la France. Parce que la France, il y a beaucoup de bons clubs, il y a plusieurs bons joueurs. Le championnat, le niveau, ce n\u2019est pas exactement le m\u00eame niveau tout de m\u00eame. Mais le championnat qatari se d\u00e9veloppe \u00e9norm\u00e9ment. Ils am\u00e8nent beaucoup de joueurs, beaucoup de bons joueurs aussi. Ils font de bonnes choses pour mettre les joueurs dans les meilleures conditions.<\/p>\n<p><strong>FM : tu as \u00e9galement jou\u00e9 la Ligue des Champions asiatique. Quel avis as-tu sur le niveau de cette comp\u00e9tition ?<\/strong><\/p>\n<p>            La suite apr\u00e8s cette publicit\u00e9<\/p>\n<p>Je peux dire que le niveau est un peu plus proche de l\u2019Europe. Parce que, si on parle de la Ligue des Champions asiatique, il y a plusieurs sortes de joueurs. Il y a les joueurs qui viennent de l\u2019Asie, du Japon, tout \u00e7a. Mais quand m\u00eame, ce n\u2019est pas comme le niveau de la Ligue des Champions europ\u00e9enne. Mais malgr\u00e9 tout, c\u2019est un peu plus proche. Il y a de tr\u00e8s bons joueurs, beaucoup de tactique. <\/p>\n<p><strong>FM : tu pouvais \u00e9galement rejoindre l\u2019Arabie saoudite comme beaucoup de joueurs. Pourquoi avoir choisi le Qatar plut\u00f4t ?<\/strong><\/p>\n<p><strong>MC :<\/strong> il y avait des propositions. Mais comme je t\u2019ai dit, j\u2019ai suivi mon destin. C\u2019\u00e9tait au Qatar. J\u2019ai parl\u00e9 aussi avec le pr\u00e9sident du club. Tout ce qu\u2019il m\u2019avait propos\u00e9, \u00e7a m\u2019a beaucoup plu. Au Qatar aussi, la ville n\u2019est pas trop petite, ce n\u2019est pas trop grand. La ville de Doha est calme. J\u2019ai vraiment appr\u00e9ci\u00e9 \u00e7a. Ce n\u2019est pas comme l\u2019Arabie Saoudite. \u00c7a ressemble un peu \u00e0 Monaco pour \u00e7a. Il y a beaucoup de s\u00e9curit\u00e9 aussi.<\/p>\n<p><strong>FM : quel joueur qui joue au Qatar pourrait \u00e9voluer en Europe selon toi ?<\/strong><\/p>\n<p><strong>MC :<\/strong> je peux dire qu\u2019il y a beaucoup de bons joueurs ici, en termes de qualit\u00e9 individuelle. Je peux dire aussi, je joue actuellement avec notre capitaine, Akram Afif. S\u2019il \u00e9tait en Europe, on aurait entendu parler de lui. Il est vraiment bon. Il y a beaucoup de joueurs aussi qui jouent dans notre \u00e9quipe. Il y a beaucoup de bons joueurs aussi qui jouent \u00e0 Al-Duhail. Il y a 3-4 joueurs qui sont bons l\u00e0-bas.<\/p>\n<p><strong>FM : tu n\u2019as que 25 ans \u00e0 l\u2019heure actuelle. Est-ce qu\u2019un retour en Europe, dans quelques ann\u00e9es, \u00e7a peut t\u2019int\u00e9resser ?<\/strong> <\/p>\n<p><strong>MC :<\/strong> actuellement, je sais qu\u2019un retour en Europe, \u00e7a ne m\u2019int\u00e9resse pas trop. On ne sait pas ce qu\u2019il va se passer. Parce qu\u2019on n\u2019a pas \u00e7a dans nos mains. Le futur, ce n\u2019est pas dans nos mains. Le retour en Europe, \u00e7a ne m\u2019int\u00e9resse pas actuellement. Mais on verra ce qu\u2019il va se passer dans les 2-3 prochaines ann\u00e9es. <\/p>\n<p>        \u00abOn va au Maroc pour gagner la CAN\u00bb<\/p>\n<p><strong>FM : on va parler un peu de toi avec le Mali aussi. Tu comptes 31 s\u00e9lections et tu as un CV reluisant. Quel est ton r\u00f4le dans la s\u00e9lection du Mali ?<\/strong> <\/p>\n<p><strong>MC :<\/strong> j\u2019ai fait toutes les cat\u00e9gories de jeunes. Dans toutes les cat\u00e9gories, j\u2019ai \u00e9t\u00e9 capitaine. Je repr\u00e9sente beaucoup pour notre Mali, pour ma nation. Je joue un grand r\u00f4le. M\u00eame si je ne porte pas le brassard en \u00e9quipe premi\u00e8re, je joue un grand r\u00f4le dans l\u2019\u00e9quipe. En termes de leadership, en termes de capacit\u00e9s \u00e0 aider l\u2019entra\u00eeneur. Je veux aider l\u2019entra\u00eeneur \u00e0 r\u00e9aliser ses objectifs. En Afrique, tu es oblig\u00e9 de d\u00e9l\u00e9guer certaines choses \u00e0 tes joueurs car on se comprend mieux entre nous. C\u2019est ma nature d\u2019\u00eatre leader. M\u00eame en dehors du terrain, je suis comme \u00e7a.<\/p>\n<p><strong>FM : lors de la derni\u00e8re CAN, vous avez \u00e9t\u00e9 \u00e9limin\u00e9s en quarts de finale. Quel est l\u2019objectif du Mali pour cette CAN ?<\/strong> <\/p>\n<p><strong>MC :<\/strong> l\u2019objectif est clair. Parce que Mali n\u2019a jamais remport\u00e9 la CAN jusqu\u2019\u00e0 pr\u00e9sent. L\u2019ann\u00e9e pass\u00e9e, c\u2019\u00e9tait malheureux. Tout le monde a vu, on pouvait la gagner. Mais Dieu a d\u00e9cid\u00e9 diff\u00e9remment pour nous. Maintenant, la CAN qui va arriver, l\u2019objectif est clair. On va au Maroc pour gagner la CAN. Si on n\u2019y arrive pas, c\u2019est autre chose. Tout le peuple du Mali attend ce troph\u00e9e pour la premi\u00e8re fois donc, on va tout faire pour aller remporter.<\/p>\n<p><strong>FM : le Mali est dans le groupe du Maroc, favori et pays-h\u00f4te. Comment allez-vous aborder ce grand rendez-vous ?<\/strong><\/p>\n<p><strong>MC :<\/strong> je suis avec les Marocains ici, dans l\u2019\u00e9quipe, on en parle entre nous. Si tu joues contre le Mali, il faut t\u2019attendre beaucoup de choses. Mais on verra bien. Parce que nous, on parle, on parle. Mais la derni\u00e8re chose, c\u2019est Dieu qui d\u00e9cide. Mais on verra bien. Mali-Maroc, ce sera un bon match.<\/p>\n<p><strong>FM : le Mali dispose d\u2019une belle g\u00e9n\u00e9ration. Quel est ton regard sur le vivier dont dispose la s\u00e9lection actuellement ?<\/strong><\/p>\n<p><strong>MC :<\/strong> nous tous, on \u00e9tait ensemble \u00e0 l\u2019Acad\u00e9mie Jean-Marc Guillou. La g\u00e9n\u00e9ration qui est pass\u00e9e, les Hamari Traor\u00e9, qui sont l\u00e0 encore. Ce sont nos grands fr\u00e8res, Hamari (Traor\u00e9), Diadi\u00e9 (Samassekou). On \u00e9tait tous ensemble \u00e0 l\u2019Acad\u00e9mie. Ce sont eux qui \u00e9taient nos grands fr\u00e8res. Maintenant, on s\u2019est retrouv\u00e9s encore en \u00e9quipe nationale. \u00c7a, c\u2019est un avantage pour nous. Parce qu\u2019on a d\u00e9j\u00e0 nos grands fr\u00e8res qui \u00e9taient l\u00e0. Ils connaissent beaucoup de rouages. Ils nous ont aid\u00e9s vraiment. Donc, c\u2019est une opportunit\u00e9 de marquer l\u2019histoire. Si cette g\u00e9n\u00e9ration passe sans faire quelque chose, \u00e7a serait regrettable pour nous. <\/p>\n<p><strong>FM : quel joueur malien t\u2019impressionne le plus actuellement ?<\/strong><\/p>\n<p><strong>MC :<\/strong> j\u2019ai envie de parler des jeunes qui sont en train de monter. Mais moi, je ne leur souhaite que du bonheur. Parce que ce sont des jeunes. En mati\u00e8re de progression, on doit les aider. Moi, je peux dire Nene Dorgeles et Kamory Doumbia. Ce sont les deux meilleurs joueurs maliens en Europe actuellement.<\/p>\n<p><strong>FM : pour marquer l\u2019histoire, il y a la CAN, qui peut \u00eatre aussi quelque chose de grand, mais il y a surtout aussi une qualification \u00e0 la Coupe du Monde. Tu n\u2019es pas pass\u00e9 loin en 2022, quels souvenirs gardes-tu de cette aventure ?<\/strong><\/p>\n<p><strong>MC :<\/strong> moi, je n\u2019ai connu les \u00e9liminatoires \u00e0 la Coupe du monde qu\u2019une fois. On a fait les \u00e9liminatoires, six matchs, cinq victoires et un nul. Les deux derniers matchs contre la Tunisie, on a gagn\u00e9, on est \u00e0 la Coupe du Monde. On perd 1-0 au Mali, on marque contre notre camp. Ce jour-l\u00e0, c\u2019\u00e9tait inoubliable pour moi. Il y a deux choses dans ma carri\u00e8re que je ne vais pas oublier. Ce match-l\u00e0, qu\u2019on a perdu contre la Tunisie, alors que la Tunisie, sans manquer de respect, ne m\u00e9ritait pas d\u2019aller \u00e0 la Coupe du Monde devant nous. Et puis, le match de la C\u00f4te d\u2019Ivoire aussi \u00e0 la derni\u00e8re CAN. Perdre \u00e0 la derni\u00e8re minute comme \u00e7a\u2026Non, les deux matchs, c\u2019est inoubliable pour moi.<\/p>\n<p><strong>FM : le Mali est dans un groupe compliqu\u00e9 pour sa qualification \u00e0 la prochaine Coupe du monde. Penses-tu que vous \u00eates capables d\u2019aller chercher la qualification malgr\u00e9 votre l\u00e9ger retard ?<\/strong><\/p>\n<p><strong>MC :<\/strong> on va essayer. Ce n\u2019est pas encore fini. Le Ghana est premier avec 6 points d\u2019avance sur nous. Donc, on va essayer d\u2019aller les chercher. Bient\u00f4t, il y a la tr\u00eave internationale. Il y a deux matchs importants pour nous. On va tout faire pour gagner ces deux matchs-l\u00e0. On verra apr\u00e8s. <\/p>\n<p>        \u00abPaul Pogba est mon idole\u00bb<\/p>\n<p><strong>FM : les \u00e9checs pass\u00e9s vont s\u00fbrement vous permettre de passer un cap dans les prochaines ann\u00e9es\u2026<\/strong><\/p>\n<p><strong>MC :<\/strong> c\u2019est une bonne le\u00e7on pour nous tous. Si tu n\u2019as pas r\u00e9ussi \u00e0 faire quelque chose, \u00e7a veut dire que tu dois apprendre beaucoup de choses pour r\u00e9ussir dans les jours \u00e0 venir. C\u2019est une motivation pour nous. On n\u2019a pas r\u00e9ussi, on a appris beaucoup de trucs. On va travailler plus dur pour r\u00e9ussir la prochaine fois.<\/p>\n<p><strong>FM : on va revenir sur Monaco. Quel souvenir gardes-tu de cette exp\u00e9rience ?<\/strong> <\/p>\n<p><strong>MC :<\/strong> j\u2019ai pass\u00e9 des bons moments \u00e0 Monaco, des bonnes ann\u00e9es. \u00c7a a \u00e9t\u00e9 bien, les gens m\u2019ont bien accueilli. Tout s\u2019est pass\u00e9 bien, il n\u2019y avait pas de probl\u00e8me du tout. Vraiment, je tiens \u00e0 remercier tout le monde. Il n\u2019y avait pas de probl\u00e8me, j\u2019ai pass\u00e9 des bonnes ann\u00e9es aussi avec l\u2019\u00e9quipe. Mais apr\u00e8s, il y a des trucs qui sont arriv\u00e9s. Donc, j\u2019ai d\u00e9cid\u00e9 de partir pour le bien de tout le monde.<\/p>\n<p><strong>FM : comment juges-tu leur progression depuis ton d\u00e9part ?<\/strong> <\/p>\n<p><strong>MC :<\/strong> je regarde tous les matches de Monaco. Je peux dire qu\u2019ils sont en progression. Moi, j\u2019ai trop appr\u00e9ci\u00e9 la mentalit\u00e9 qu\u2019apporte le coach H\u00fctter. Beaucoup d\u2019agressivit\u00e9. Beaucoup d\u2019allant offensif. Je pense que c\u2019est nouveau en France. J\u2019esp\u00e8re qu\u2019ils feront une tr\u00e8s bonne saison. Pourquoi pas \u00eatre champion, m\u00eame !<\/p>\n<p><strong>FM : que penses-tu de l\u2019arriv\u00e9e de Paul Pogba \u00e0 Monaco ?<\/strong><\/p>\n<p><strong>MC :<\/strong> Paul Pogba\u2026 Pour moi, c\u2019est mon idole. Moi, je l\u2019ai\u2026 Quand j\u2019\u00e9tais jeune, j\u2019\u00e9tais au Mali, je n\u2019avais pas sign\u00e9 de contrat professionnel, que Pogba faisait beaucoup de belles choses dans le football. Il a sign\u00e9 un nouveau contrat. Il est dans un bon club. Je pense qu\u2019il va beaucoup aider. Quand il va retrouver son niveau physique, il va beaucoup aider Monaco. Pour moi, c\u2019est le top niveau. <\/p>\n<p>\n    Pub. le 26\/08\/2025 21:04<br \/>\n            &#8211; MAJ le 27\/08\/2025 14:48\n    <\/p>\n","protected":false},"excerpt":{"rendered":"Foot Mercato : Mohamed, \u00e7a fait un an que tu es au Qatar. Quel est ton ressenti sur&hellip;\n","protected":false},"author":2,"featured_media":347879,"comment_status":"","ping_status":"","sticky":false,"template":"","format":"standard","meta":{"footnotes":""},"categories":[1410],"tags":[63,1011,27,60],"class_list":{"0":"post-347878","1":"post","2":"type-post","3":"status-publish","4":"format-standard","5":"has-post-thumbnail","7":"category-football","8":"tag-football","9":"tag-fr","10":"tag-france","11":"tag-sports"},"share_on_mastodon":{"url":"https:\/\/pubeurope.com\/@fr\/115101440650204223","error":""},"_links":{"self":[{"href":"https:\/\/www.europesays.com\/fr\/wp-json\/wp\/v2\/posts\/347878","targetHints":{"allow":["GET"]}}],"collection":[{"href":"https:\/\/www.europesays.com\/fr\/wp-json\/wp\/v2\/posts"}],"about":[{"href":"https:\/\/www.europesays.com\/fr\/wp-json\/wp\/v2\/types\/post"}],"author":[{"embeddable":true,"href":"https:\/\/www.europesays.com\/fr\/wp-json\/wp\/v2\/users\/2"}],"replies":[{"embeddable":true,"href":"https:\/\/www.europesays.com\/fr\/wp-json\/wp\/v2\/comments?post=347878"}],"version-history":[{"count":0,"href":"https:\/\/www.europesays.com\/fr\/wp-json\/wp\/v2\/posts\/347878\/revisions"}],"wp:featuredmedia":[{"embeddable":true,"href":"https:\/\/www.europesays.com\/fr\/wp-json\/wp\/v2\/media\/347879"}],"wp:attachment":[{"href":"https:\/\/www.europesays.com\/fr\/wp-json\/wp\/v2\/media?parent=347878"}],"wp:term":[{"taxonomy":"category","embeddable":true,"href":"https:\/\/www.europesays.com\/fr\/wp-json\/wp\/v2\/categories?post=347878"},{"taxonomy":"post_tag","embeddable":true,"href":"https:\/\/www.europesays.com\/fr\/wp-json\/wp\/v2\/tags?post=347878"}],"curies":[{"name":"wp","href":"https:\/\/api.w.org\/{rel}","templated":true}]}}