{"id":347884,"date":"2025-08-27T15:31:11","date_gmt":"2025-08-27T15:31:11","guid":{"rendered":"https:\/\/www.europesays.com\/fr\/347884\/"},"modified":"2025-08-27T15:31:11","modified_gmt":"2025-08-27T15:31:11","slug":"belle-affluence-autour-de-romans-et-sujets-de-societe","status":"publish","type":"post","link":"https:\/\/www.europesays.com\/fr\/347884\/","title":{"rendered":"belle affluence autour de romans et sujets de soci\u00e9t\u00e9"},"content":{"rendered":"<p>La 22e \u00e9dition de la <a href=\"https:\/\/www.sudouest.fr\/gironde\/lege-cap-ferret\/cap-ferret-16-auteurs-et-un-petit-coup-de-jeune-pour-la-rentree-litteraire-25601742.php\" rel=\"nofollow noopener\" target=\"_blank\">Rentr\u00e9e litt\u00e9raire du Cap-Ferret<\/a> s\u2019est d\u00e9roul\u00e9e de jeudi \u00e0 samedi dernier. L\u2019organisation a \u00e9t\u00e9 reprise par la municipalit\u00e9 de L\u00e8ge-Cap-Ferret en 2024, mais son fondateur Patrick Hourquebie a conserv\u00e9 la direction de l\u2019\u00e9v\u00e9nement, avec sa fid\u00e8le collaboratrice Philippine Cruse. Il dresse un bilan de cette 22e rentr\u00e9e\u00a0: trois jours en public place du Mimbeau autour de nouveaux romans, de titres d\u00e9j\u00e0 connus, et de th\u00e8mes finalement tr\u00e8s vari\u00e9s. Philippe Besson en \u00e9tait le pr\u00e9sident d\u2019honneur, l\u2019un des 16\u00a0auteurs pr\u00e9sents.<\/p>\n<p class=\"interview-question\">Sud Ouest &#8211; Vous \u00eates satisfait de la fr\u00e9quentation de cette Rentr\u00e9e\u00a0litt\u00e9raire ?<\/p>\n<p class=\"interview-answer\">Patrick Hourquebie &#8211; On \u00e9tait complet pratiquement tous les soirs, et le samedi, il y avait des spectateurs debout. Le programme a attir\u00e9 du monde. On a voulu pr\u00e9senter les nouveaux romans de la rentr\u00e9e comme d\u2019habitude, mais on en a profit\u00e9 aussi pour revenir sur des ouvrages qui paraissaient int\u00e9ressants compte tenu de l\u2019actualit\u00e9 et des personnalit\u00e9s pr\u00e9sentes comme Philippe Besson. Cela fait vingt-deux\u00a0ans que l\u2019on existe et le bouche-\u00e0-oreille fonctionne dans le monde de l\u2019\u00e9dition. Nous n\u2019avons pas de mal \u00e0 convaincre les auteurs de venir et certains sont d\u2019ailleurs revenus cette ann\u00e9e.<\/p>\n<p class=\"interview-question\">Quels ont \u00e9t\u00e9 les moments forts\u00a0?<\/p>\n<p class=\"interview-answer\">Il y en a eu beaucoup. Les femmes ont \u00e9t\u00e9 brillantes. Ad\u00e9la\u00efde de Clermont-Tonnerre a fait revivre \u00e0 sa fa\u00e7on la figure de Milady du grand roman d\u2019Alexandre Dumas, de l\u2019avis de beaucoup un livre qui devrait \u00eatre prim\u00e9. C\u00e9line Servais-Picord a propos\u00e9 un roman insolant et amusant sur la mode du d\u00e9veloppement personnel. Sylvie Kaufmann, avec \u00ab\u00a0Les aveugl\u00e9s\u00a0\u00bb, a subjugu\u00e9 le public par la finesse de son analyse, sa simplicit\u00e9 et son parler franc en d\u00e9cortiquant les r\u00e9actions de la France et de l\u2019Allemagne face \u00e0 Poutine.<\/p>\n<p class=\"interview-question\">Les conflits de ce monde ont sembl\u00e9 \u00eatre un fil rouge. Vous aviez m\u00eame un auteur autour de Gaza, ce qui aurait pu \u00eatre pol\u00e9mique\u2026<\/p>\n<p class=\"interview-answer\">Rachid Benzine a fait un petit roman fable sur Gaza, sujet \u00e9minemment \u00e9pineux et complexe. Il a su mettre en \u00e9vidence le c\u00f4t\u00e9 humain de ce qui se passe avec cette histoire d\u2019un libraire qui r\u00e9siste par les livres sous les bombes. Il a parl\u00e9 de Gaza sans entrer dans la pol\u00e9mique, avec beaucoup de finesse. Comme il l\u2019a dit, \u00ab\u00a0la litt\u00e9rature est le dernier refuge de la libert\u00e9\u00a0\u00bb. Le public a appr\u00e9ci\u00e9.<\/p>\n<p class=\"interview-question\">Et puis Pierre Hurmic, un maire \u00e9cologiste de gauche au Cap-Ferret\u2026<\/p>\n<p class=\"interview-answer\">On a effectivement abord\u00e9 aussi les sujets de soci\u00e9t\u00e9, comme les nouvelles technologies, \u00e9galement l\u2019\u00e9cologie avec le maire de Bordeaux et \u00ab\u00a0L\u2019Affaire Savignac\u00a0\u00bb. Les gens ont d\u00e9couvert l\u2019homme qui se cache derri\u00e8re le politique, diff\u00e9rent de ce que l\u2019on peut en penser, et notamment sa critique de l\u2019\u00e9cologie punitive. Le livre a \u00e9t\u00e9 pr\u00e9sent\u00e9 par Philippe Besson. Cette rencontre a \u00e9t\u00e9 tr\u00e8s appr\u00e9ci\u00e9e d\u2019un public qui n\u2019\u00e9tait pourtant pas acquis au maire de Bordeaux.<\/p>\n<p>        <img decoding=\"async\" id=\"25602179\" src=\"https:\/\/www.europesays.com\/fr\/wp-content\/uploads\/2025\/08\/lege-cap-ferret-rentree-litteraire-31-juillet-2025-annonce-patrick-hourquebie-et-alain-bordeloup.jpg\" alt=\"Patrick Hourquebie et l\u2019adjoint \u00e0 la Culture Alain Bordeloup lors de la pr\u00e9sentation de la Rentr\u00e9e litt\u00e9raire.\" itemprop=\"contentURL\"\/><\/p>\n<p>    Patrick Hourquebie et l\u2019adjoint \u00e0 la Culture Alain Bordeloup lors de la pr\u00e9sentation de la Rentr\u00e9e litt\u00e9raire.<\/p>\n<p>Yannick Delneste<\/p>\n","protected":false},"excerpt":{"rendered":"La 22e \u00e9dition de la Rentr\u00e9e litt\u00e9raire du Cap-Ferret s\u2019est d\u00e9roul\u00e9e de jeudi \u00e0 samedi dernier. L\u2019organisation a&hellip;\n","protected":false},"author":2,"featured_media":347885,"comment_status":"","ping_status":"","sticky":false,"template":"","format":"standard","meta":{"footnotes":""},"categories":[1357],"tags":[1379,58,59,1011,27,1380],"class_list":{"0":"post-347884","1":"post","2":"type-post","3":"status-publish","4":"format-standard","5":"has-post-thumbnail","7":"category-livres","8":"tag-books","9":"tag-divertissement","10":"tag-entertainment","11":"tag-fr","12":"tag-france","13":"tag-livres"},"share_on_mastodon":{"url":"https:\/\/pubeurope.com\/@fr\/115101452518705895","error":""},"_links":{"self":[{"href":"https:\/\/www.europesays.com\/fr\/wp-json\/wp\/v2\/posts\/347884","targetHints":{"allow":["GET"]}}],"collection":[{"href":"https:\/\/www.europesays.com\/fr\/wp-json\/wp\/v2\/posts"}],"about":[{"href":"https:\/\/www.europesays.com\/fr\/wp-json\/wp\/v2\/types\/post"}],"author":[{"embeddable":true,"href":"https:\/\/www.europesays.com\/fr\/wp-json\/wp\/v2\/users\/2"}],"replies":[{"embeddable":true,"href":"https:\/\/www.europesays.com\/fr\/wp-json\/wp\/v2\/comments?post=347884"}],"version-history":[{"count":0,"href":"https:\/\/www.europesays.com\/fr\/wp-json\/wp\/v2\/posts\/347884\/revisions"}],"wp:featuredmedia":[{"embeddable":true,"href":"https:\/\/www.europesays.com\/fr\/wp-json\/wp\/v2\/media\/347885"}],"wp:attachment":[{"href":"https:\/\/www.europesays.com\/fr\/wp-json\/wp\/v2\/media?parent=347884"}],"wp:term":[{"taxonomy":"category","embeddable":true,"href":"https:\/\/www.europesays.com\/fr\/wp-json\/wp\/v2\/categories?post=347884"},{"taxonomy":"post_tag","embeddable":true,"href":"https:\/\/www.europesays.com\/fr\/wp-json\/wp\/v2\/tags?post=347884"}],"curies":[{"name":"wp","href":"https:\/\/api.w.org\/{rel}","templated":true}]}}