{"id":347886,"date":"2025-08-27T15:32:14","date_gmt":"2025-08-27T15:32:14","guid":{"rendered":"https:\/\/www.europesays.com\/fr\/347886\/"},"modified":"2025-08-27T15:32:14","modified_gmt":"2025-08-27T15:32:14","slug":"exceptionnel-la-houle-oceanique-offre-un-impressionnant-spectacle-sur-la-cote-bretonne","status":"publish","type":"post","link":"https:\/\/www.europesays.com\/fr\/347886\/","title":{"rendered":"\u00ab\u00a0Exceptionnel\u00a0\u00bb : la houle oc\u00e9anique offre un impressionnant spectacle sur la c\u00f4te bretonne"},"content":{"rendered":"<ul class=\"jsx-862013697 ArticleChapo__List\">\n<li class=\"jsx-862013697 ArticleChapo__List_Item flex\">Une houle \u00ab\u00a0atypique\u00a0\u00bb pour l&rsquo;\u00e9t\u00e9 s&rsquo;abat depuis mardi sur le littoral atlantique.<\/li>\n<li class=\"jsx-862013697 ArticleChapo__List_Item flex\">En cause : l&rsquo;ex-ouragan Erin dans l&rsquo;Atlantique.<\/li>\n<li class=\"jsx-862013697 ArticleChapo__List_Item flex\">Avec des vagues d\u00e9passant 4 \u00e0 5 m\u00e8tres de hauteur, le ph\u00e9nom\u00e8ne a pouss\u00e9 plusieurs municipalit\u00e9s \u00e0 interdire l&rsquo;acc\u00e8s des plages aux vacanciers.<\/li>\n<\/ul>\n<p><a href=\"https:\/\/www.tf1info.fr\/emissions\/tf1\/le-13h-10927\/\" rel=\"nofollow noopener\" class=\"jsx-484472199 Link jsx-1428418400 jsx-640816507\" target=\"_blank\"><\/p>\n<p style=\"font-weight:400\" class=\"jsx-1837267516\">Suivez la couverture compl\u00e8te<\/p>\n<p style=\"font-weight:800\" class=\"jsx-1837267516\">Le 13H<\/p>\n<p><\/a><\/p>\n<p data-module=\"article-paragraph\" class=\"jsx-3046738180 Paragraph Paragraph__End\">\u00c0 Saint-Malo, sur la pointe bretonne, ce mercredi 27 ao\u00fbt au matin, c&rsquo;est un spectacle aussi majestueux qu&rsquo;inattendu \u00a0en \u00e9t\u00e9 qu&rsquo;ont pu admirer les passants. Ici, la puissance des vagues a surpris tout le monde <a href=\"https:\/\/www.tf1info.fr\/meteo\/ouragan-erin-des-vagues-tres-violentes-de-6-metres-dans-atlantique-les-images-du-littoral-francais-en-alerte-face-a-l-arrivee-de-la-houle-cyclonique-2390907.html\" rel=\"nofollow noopener\" target=\"_blank\">avec l&rsquo;arriv\u00e9e de la houle cyclonique<\/a> caus\u00e9e dans l&rsquo;Atlantique par l&rsquo;ex-ouragan Erin qui a menac\u00e9 la c\u00f4te orientale des \u00c9tats-Unis la semaine derni\u00e8re.<\/p>\n<p><img decoding=\"async\" src=\"https:\/\/www.europesays.com\/fr\/wp-content\/uploads\/2025\/08\/jta-2-saint-malo-houle-cyclonique-6840db-0@1x.jpeg\" alt=\"La houle cyclonique touche Saint-Malo ce 27 ao\u00fbt au matin - TF1\" loading=\"lazy\" importance=\"low\" fetchpriority=\"low\" class=\"\" data-module=\"article-image\"\/>La houle cyclonique touche Saint-Malo ce 27 ao\u00fbt au matin &#8211; TF1<\/p>\n<p data-module=\"article-paragraph\" class=\"jsx-3046738180 Paragraph Paragraph__End\">\u00ab\u00a0C&rsquo;est comme un jeu d&rsquo;enfant, il faut passer au bon moment sinon on est mouill\u00e9s\u00a0\u00bb, s&rsquo;amuse un promeneur sur la digue de Saint-Malo (Ille-et-Vilaine), r\u00e9guli\u00e8rement recouverte par l&rsquo;eau, dans le reportage en t\u00eate de cet article. Un peu plus loin, pour des surfeurs, malgr\u00e9 le danger, l&rsquo;occasion \u00e9tait trop belle. Les passants eux ne se \u00ab\u00a0lassent pas\u00a0\u00bb depuis la veille du spectacle \u00ab\u00a0extraordinaire\u00a0\u00bb et \u00ab\u00a0impressionnant\u00a0\u00bb.\u00a0<\/p>\n<p><img decoding=\"async\" src=\"https:\/\/www.europesays.com\/fr\/wp-content\/uploads\/2025\/08\/jta-houle-cyclonique-saint-malot-bretagne-26-aout-2025-c8f7ed-0@1x.jpeg\" alt=\"Houle oc\u00e9anique sur la digue de Saint-Malo - TF1\" loading=\"lazy\" importance=\"low\" fetchpriority=\"low\" class=\"\" data-module=\"article-image\"\/>Houle oc\u00e9anique sur la digue de Saint-Malo &#8211; TF1<\/p>\n<p data-module=\"article-paragraph\" class=\"jsx-3046738180 Paragraph Paragraph__End\">Ce paysage de temp\u00eate en plein mois d&rsquo;ao\u00fbt est d&rsquo;autant plus impressionnant que l&rsquo;arriv\u00e9e de la houle cyclonique est amplifi\u00e9e par les grandes mar\u00e9es. Le ph\u00e9nom\u00e8ne touche depuis mardi le littoral atlantique. Des vagues d\u00e9passant 4 \u00e0 5 m\u00e8tres de hauteur selon M\u00e9t\u00e9o-France ont \u00e9t\u00e9 enregistr\u00e9es, <a href=\"https:\/\/www.tf1info.fr\/meteo\/c-est-effrayant-mais-captivant-le-littoral-francais-en-alerte-face-a-l-arrivee-de-la-houle-cyclonique-2390839.html\" rel=\"nofollow noopener\" target=\"_blank\">poussant plusieurs municipalit\u00e9s \u00e0 interdire l&rsquo;acc\u00e8s des plages<\/a> aux vacanciers.<\/p>\n<p><img decoding=\"async\" src=\"https:\/\/www.europesays.com\/fr\/wp-content\/uploads\/2025\/08\/jta-pointe-bretone-houle-oceanique-2174ea-0@1x.jpeg\" alt=\"La houle oc\u00e9anique sur la pointe bretonne - TF1\" loading=\"lazy\" importance=\"low\" fetchpriority=\"low\" class=\"\" data-module=\"article-image\"\/>La houle oc\u00e9anique sur la pointe bretonne &#8211; TF1<\/p>\n<p data-module=\"article-paragraph\" class=\"jsx-3046738180 Paragraph Paragraph__End\">Par exemple, \u00e0 18h mardi, une bou\u00e9e enregistrant la hauteur de la houle, situ\u00e9e 7 km au large du Cap Ferret (Gironde), \u00ab\u00a0a mesur\u00e9 un maximum de 5,4 m\u00e8tres\u00a0\u00bb, a d\u00e9crit \u00e0 l&rsquo;AFP Laurent Perron, directeur interr\u00e9gional Sud-Ouest de M\u00e9t\u00e9o France. Des vagues d\u00e9passant 6 m\u00e8tres ont \u00e9t\u00e9 enregistr\u00e9es au large du Finist\u00e8re et de 4,7 m\u00e8tres \u00e0 Noirmoutier (Vend\u00e9e).<\/p>\n<p><a href=\"https:\/\/www.tf1info.fr\/justice-faits-divers\/video-plus-ca-allait-et-plus-ils-etaient-deportes-a-saint-malo-un-couple-piege-par-la-maree-secouru-de-justesse-2373690.html\" rel=\"nofollow noopener\" class=\"jsx-3308031228 Link flex\" target=\"_blank\"><img decoding=\"async\" src=\"https:\/\/www.europesays.com\/fr\/wp-content\/uploads\/2025\/08\/couple-en-difficulte-maree-saint-malo-572bd0-0@1x.jpeg\" alt=\"TF1\" loading=\"lazy\" importance=\"low\" fetchpriority=\"low\" class=\"\" aria-hidden=\"true\"\/><\/p>\n<p class=\"jsx-3657663356 ReadMoreArticle__Title\">Lire aussi<\/p>\n<p class=\"jsx-3657663356\">\u00ab\u00a0Plus \u00e7a allait et plus ils \u00e9taient d\u00e9port\u00e9s\u00a0\u00bb : \u00e0 Saint-Malo, un couple pi\u00e9g\u00e9 par la mar\u00e9e secouru de justesse<\/p>\n<p><\/a><\/p>\n<p data-module=\"article-paragraph\" class=\"jsx-3046738180 Paragraph Paragraph__End\">Le ph\u00e9nom\u00e8ne devrait s&rsquo;att\u00e9nuer d\u00e8s ce soir, mais il faudra \u00eatre prudent en mer jusqu&rsquo;\u00e0 ce week-end au moins. \u00ab\u00a0Cela va baisser lentement cette nuit. On pourra avoir de nouveau une houle assez forte vendredi mais comme les coefficients de mar\u00e9e seront plus bas, le risque de submersion marine diminuera\u00a0\u00bb, \u00a0pr\u00e9cise Laurent Perron.<\/p>\n<p>La r\u00e9daction de TF1info | Reportage TF1 : Kevin GAIGNOUX, Julien ERRARD et Irvin BLONZ<\/p>\n","protected":false},"excerpt":{"rendered":"Une houle \u00ab\u00a0atypique\u00a0\u00bb pour l&rsquo;\u00e9t\u00e9 s&rsquo;abat depuis mardi sur le littoral atlantique. En cause : l&rsquo;ex-ouragan Erin dans&hellip;\n","protected":false},"author":2,"featured_media":347887,"comment_status":"","ping_status":"","sticky":false,"template":"","format":"standard","meta":{"footnotes":""},"categories":[1356],"tags":[1111,48401,11,829,58,59,1011,27,1922,5008,48400,11008,252,1364],"class_list":{"0":"post-347886","1":"post","2":"type-post","3":"status-publish","4":"format-standard","5":"has-post-thumbnail","7":"category-television","8":"tag-actu","9":"tag-actualite-meteo-et-intemperies","10":"tag-actualites","11":"tag-bretagne","12":"tag-divertissement","13":"tag-entertainment","14":"tag-fr","15":"tag-france","16":"tag-info","17":"tag-le-13h","18":"tag-meteo-et-intemperies","19":"tag-phenomenes-meteo","20":"tag-television","21":"tag-tv"},"share_on_mastodon":{"url":"https:\/\/pubeurope.com\/@fr\/115101456579867369","error":""},"_links":{"self":[{"href":"https:\/\/www.europesays.com\/fr\/wp-json\/wp\/v2\/posts\/347886","targetHints":{"allow":["GET"]}}],"collection":[{"href":"https:\/\/www.europesays.com\/fr\/wp-json\/wp\/v2\/posts"}],"about":[{"href":"https:\/\/www.europesays.com\/fr\/wp-json\/wp\/v2\/types\/post"}],"author":[{"embeddable":true,"href":"https:\/\/www.europesays.com\/fr\/wp-json\/wp\/v2\/users\/2"}],"replies":[{"embeddable":true,"href":"https:\/\/www.europesays.com\/fr\/wp-json\/wp\/v2\/comments?post=347886"}],"version-history":[{"count":0,"href":"https:\/\/www.europesays.com\/fr\/wp-json\/wp\/v2\/posts\/347886\/revisions"}],"wp:featuredmedia":[{"embeddable":true,"href":"https:\/\/www.europesays.com\/fr\/wp-json\/wp\/v2\/media\/347887"}],"wp:attachment":[{"href":"https:\/\/www.europesays.com\/fr\/wp-json\/wp\/v2\/media?parent=347886"}],"wp:term":[{"taxonomy":"category","embeddable":true,"href":"https:\/\/www.europesays.com\/fr\/wp-json\/wp\/v2\/categories?post=347886"},{"taxonomy":"post_tag","embeddable":true,"href":"https:\/\/www.europesays.com\/fr\/wp-json\/wp\/v2\/tags?post=347886"}],"curies":[{"name":"wp","href":"https:\/\/api.w.org\/{rel}","templated":true}]}}