{"id":347888,"date":"2025-08-27T15:33:10","date_gmt":"2025-08-27T15:33:10","guid":{"rendered":"https:\/\/www.europesays.com\/fr\/347888\/"},"modified":"2025-08-27T15:33:10","modified_gmt":"2025-08-27T15:33:10","slug":"lil-nas-x-sort-du-silence-apres-son-arrestation","status":"publish","type":"post","link":"https:\/\/www.europesays.com\/fr\/347888\/","title":{"rendered":"Lil Nas X sort du silence apr\u00e8s son arrestation"},"content":{"rendered":"<p><img decoding=\"async\" src=\"https:\/\/www.europesays.com\/fr\/wp-content\/uploads\/2025\/08\/photo_1756287903.jpg\" class=\"textcenter img-content\" loading=\"lazy\"\/>Abaca<br \/>\n<br \/>\n\u00ab \u00c7a va aller \u00bb r\u00e9p\u00e8te, comme un mantra, Lil Nas X apr\u00e8s avoir pass\u00e9 quatre jours des plus \u00ab terrifiants \u00bb. Jeudi, le rappeur derri\u00e8re le tube <a href=\"https:\/\/www.chartsinfrance.net\/actualite\/news-109893.html\" target=\"_blank\" class=\"spip_out\" rel=\"nofollow noopener\">\u00ab\u00a0Old Town Road\u00a0\u00bb<\/a> a \u00e9t\u00e9 <a href=\"https:\/\/www.chartsinfrance.net\/actualite\/news-133562.html\" target=\"_blank\" class=\"spip_out\" rel=\"nofollow noopener\">arr\u00eat\u00e9 par la police<\/a> apr\u00e8s avoir \u00e9t\u00e9 aper\u00e7u en train de d\u00e9ambuler en slip et santiags dans les rues de Los Angeles, et dans un \u00e9tat second. \u00ab \u00c0 leur arriv\u00e9e, le suspect s&rsquo;est ru\u00e9 sur les agents. Il a \u00e9t\u00e9 plac\u00e9 en garde \u00e0 vue et emmen\u00e9 \u00e0 l&rsquo;h\u00f4pital pour une possible overdose, puis arr\u00eat\u00e9 pour avoir agress\u00e9 un agent de police \u00bb a pr\u00e9cis\u00e9 un porte-parole de la police de Los Angeles. Si une premi\u00e8re vid\u00e9o le montrait donc marcher en slip, une seconde partag\u00e9e par TMZ voit le rappeur \u00eatre totalement nu et s&rsquo;adresser \u00e0 l&rsquo;automobiliste qui le filme.<\/p>\n<p>Le player Dailymotion est en train de se charger&#8230;<\/p>\n<p>\u00ab\u00a0Votre fille va s&rsquo;en sortir\u00a0\u00bb<br \/>\n\u00c0 l&rsquo;arriv\u00e9e de la police, le chanteur am\u00e9ricain de 26 ans aurait essay\u00e9 de r\u00e9sister \u00e0 son interpellation. Il doit d\u00e9sormais r\u00e9pondre de quatre chefs d&rsquo;accusation pour coups et blessures et r\u00e9sistance \u00e0 agent. \u00ab En supposant que les all\u00e9gations soient vraies, il s&rsquo;agit d&rsquo;une aberration absolue dans la vie de cette personne. Rien de tel ne lui est jamais arriv\u00e9 \u00bb a d\u00e9clar\u00e9 son avocate Christy O&rsquo;Connor, qui d\u00e9ment les accusations de drogue \u00e0 l&rsquo;encontre de son client. Apr\u00e8s son interpellation par la police, Lil Nas X a pass\u00e9 le week-end en cellule. S&rsquo;il a plaid\u00e9 non coupable lors de sa premi\u00e8re comparution qui a eu lieu ce lundi 25 ao\u00fbt, l&rsquo;interpr\u00e8te de <a href=\"https:\/\/www.chartsinfrance.net\/actualite\/news-118272.html\" target=\"_blank\" class=\"spip_out\" rel=\"nofollow noopener\">\u00ab\u00a0Industry Baby\u00a0\u00bb<\/a> repassera devant la justice le 15 septembre. La caution a \u00e9t\u00e9 fix\u00e9e \u00e0 75.000 dollars, soit 65.000 euros. <\/p>\n<p>Dans une story Instagram publi\u00e9e il y a quelques heures, Lil Nas X a tenu \u00e0 rassurer le public apr\u00e8s ce week-end tr\u00e8s compliqu\u00e9. \u00ab \u00c7a va aller. Votre fille va s&rsquo;en sortir, ok ? M*rde, c&rsquo;\u00e9tait ultra terrifiant. J&rsquo;ai pass\u00e9 quatre jours tr\u00e8s terrifiants mais je vais aller bien \u00bb r\u00e9p\u00e8te-t-il dans une vid\u00e9o d&rsquo;une trentaine de secondes. Apr\u00e8s le succ\u00e8s de <a href=\"https:\/\/www.chartsinfrance.net\/actualite\/news-118834.html\" target=\"_blank\" class=\"spip_out\" rel=\"nofollow noopener\">son premier album \u00ab\u00a0Montero\u00a0\u00bb<\/a>, le rappeur ouvertement gay a eu plus de mal \u00e0 convaincre le public avec ses derniers singles comme <a href=\"https:\/\/www.chartsinfrance.net\/actualite\/news-127391.html\" target=\"_blank\" class=\"spip_out\" rel=\"nofollow noopener\">\u00ab\u00a0J Christ\u00a0\u00bb<\/a>, qui a suscit\u00e9 une \u00e9norme pol\u00e9mique, <a href=\"https:\/\/www.chartsinfrance.net\/actualite\/news-130673.html\" target=\"_blank\" class=\"spip_out\" rel=\"nofollow noopener\">\u00ab\u00a0Light Again!\u00a0\u00bb<\/a> ou <a href=\"https:\/\/www.chartsinfrance.net\/actualite\/news-131895.html\" target=\"_blank\" class=\"spip_out\" rel=\"nofollow noopener\">\u00ab\u00a0Hotbox\u00a0\u00bb<\/a>. Il devrait sortir dans les prochains mois son deuxi\u00e8me disque \u00ab\u00a0Dreamboy\u00a0\u00bb.<\/p>\n<blockquote class=\"twitter-tweet\" data-media-max-width=\"560\">\n<p lang=\"en\" dir=\"ltr\">Lil Nas X speaks out for the first time since his arrest. <a href=\"https:\/\/t.co\/WoTcWyn6ge\" rel=\"nofollow\">pic.twitter.com\/WoTcWyn6ge<\/a><\/p>\n<p>\u2014 Pop Base (@PopBase) <a href=\"https:\/\/twitter.com\/PopBase\/status\/1960379183982596267?ref_src=twsrc%5Etfw\" rel=\"nofollow noopener\" target=\"_blank\">August 26, 2025<\/a><\/p><\/blockquote>\n<p> <script async src=\"https:\/\/platform.twitter.com\/widgets.js\" charset=\"utf-8\"><\/script><\/p>\n","protected":false},"excerpt":{"rendered":"Abaca \u00ab \u00c7a va aller \u00bb r\u00e9p\u00e8te, comme un mantra, Lil Nas X apr\u00e8s avoir pass\u00e9 quatre jours&hellip;\n","protected":false},"author":2,"featured_media":347889,"comment_status":"","ping_status":"","sticky":false,"template":"","format":"standard","meta":{"footnotes":""},"categories":[1355],"tags":[58,59,1011,27,1361,873],"class_list":{"0":"post-347888","1":"post","2":"type-post","3":"status-publish","4":"format-standard","5":"has-post-thumbnail","7":"category-musique","8":"tag-divertissement","9":"tag-entertainment","10":"tag-fr","11":"tag-france","12":"tag-music","13":"tag-musique"},"share_on_mastodon":{"url":"https:\/\/pubeurope.com\/@fr\/115101460326537483","error":""},"_links":{"self":[{"href":"https:\/\/www.europesays.com\/fr\/wp-json\/wp\/v2\/posts\/347888","targetHints":{"allow":["GET"]}}],"collection":[{"href":"https:\/\/www.europesays.com\/fr\/wp-json\/wp\/v2\/posts"}],"about":[{"href":"https:\/\/www.europesays.com\/fr\/wp-json\/wp\/v2\/types\/post"}],"author":[{"embeddable":true,"href":"https:\/\/www.europesays.com\/fr\/wp-json\/wp\/v2\/users\/2"}],"replies":[{"embeddable":true,"href":"https:\/\/www.europesays.com\/fr\/wp-json\/wp\/v2\/comments?post=347888"}],"version-history":[{"count":0,"href":"https:\/\/www.europesays.com\/fr\/wp-json\/wp\/v2\/posts\/347888\/revisions"}],"wp:featuredmedia":[{"embeddable":true,"href":"https:\/\/www.europesays.com\/fr\/wp-json\/wp\/v2\/media\/347889"}],"wp:attachment":[{"href":"https:\/\/www.europesays.com\/fr\/wp-json\/wp\/v2\/media?parent=347888"}],"wp:term":[{"taxonomy":"category","embeddable":true,"href":"https:\/\/www.europesays.com\/fr\/wp-json\/wp\/v2\/categories?post=347888"},{"taxonomy":"post_tag","embeddable":true,"href":"https:\/\/www.europesays.com\/fr\/wp-json\/wp\/v2\/tags?post=347888"}],"curies":[{"name":"wp","href":"https:\/\/api.w.org\/{rel}","templated":true}]}}