{"id":347890,"date":"2025-08-27T15:34:09","date_gmt":"2025-08-27T15:34:09","guid":{"rendered":"https:\/\/www.europesays.com\/fr\/347890\/"},"modified":"2025-08-27T15:34:09","modified_gmt":"2025-08-27T15:34:09","slug":"apres-inoxtag-michou-veut-envahir-les-salles-obscures-avec-sa-serie","status":"publish","type":"post","link":"https:\/\/www.europesays.com\/fr\/347890\/","title":{"rendered":"Apr\u00e8s Inoxtag, Michou veut envahir les salles obscures avec sa s\u00e9rie"},"content":{"rendered":"<p>Les fronti\u00e8res entre YouTube et le grand \u00e9cran deviennent plus t\u00e9nues. Un an apr\u00e8s la diffusion du documentaire Kaizen d\u2019<a href=\"https:\/\/www.journaldugeek.com\/2024\/12\/02\/instinct-on-a-lu-le-manga-dinoxtag-ca-vaut-quoi\/\" rel=\"nofollow noopener\" target=\"_blank\">Inoxtag<\/a>, c\u2019est au tour de Michou d\u2019investir les salles obscures fran\u00e7aise avec un concept qu\u2019il promet in\u00e9dit.<strong> Les 5 et 6 septembre<\/strong>, il sera possible de d\u00e9couvrir le premier \u00e9pisode de Terminal sur grand \u00e9cran avant de poursuivre le voyage sur YouTube. Cet \u00e9v\u00e9nement s\u2019inscrit dans le cadre de la programmation <strong>YouTube MK2 Cin\u00e9club<\/strong> lanc\u00e9e en septembre 2024. Une programmation qui a notamment accueilli l\u2019avant-premi\u00e8re du documentaire Dans l\u2019ombre par le cr\u00e9ateur de contenu Ludoc.<\/p>\n<p>Terminal, de son c\u00f4t\u00e9, ressemble plus \u00e0 une comp\u00e9tition t\u00e9l\u00e9vis\u00e9e, entre la partie de Loup et Celebrity Hunted de Prime Video. Le concept\u00a0: 16 cr\u00e9ateurs de contenu sont invit\u00e9s \u00e0 former des \u00e9quipes de deux et \u00e0 se rendre dans un a\u00e9roport. Une chasse \u00e0 l\u2019homme grandeur nature sera alors lanc\u00e9e et les joueurs devront \u00e9chapper \u00e0 un myst\u00e9rieux ma\u00eetre du jeu.<\/p>\n<p>Pendant 48 heures, cette traque sera film\u00e9e. Au gr\u00e9 des alliances et des trahisons, le jeu promet quantit\u00e9 d\u2019\u00e9v\u00e9nements impr\u00e9visibles pour ce que le cr\u00e9ateur de contenu Michou promeut comme une \u201ctraque r\u00e9volutionnaire qui red\u00e9finit les codes du divertissement YouTube fran\u00e7ais\u201d. Parmi les participants, l\u2019on pourra compter sur Michou, Inoxtag, Byilhan, Nico, Doigby, Skyyart, Tatiana, Helyadia, Cocotte, Gurky, Raska, Flamby, Domingo, Rivenzi, Elian et Grim. Michou promet un terrain de jeu de 5 hectares pour permettre \u00e0 ses duos de se rencontrer ou au contraire de s\u2019\u00e9viter.<\/p>\n<p> Dans vos salles <\/p>\n<p>Pour appuyer le caract\u00e8re in\u00e9dit de cet \u00e9v\u00e9nement, qui sera tout de m\u00eame diffus\u00e9 en majorit\u00e9 sur la plateforme am\u00e9ricaine, plusieurs avant-premi\u00e8res seront organis\u00e9es en France. Des s\u00e9ances \u00e0 Paris, Lyon, Bordeaux, Lyon, Nantes ou encore Lille seront organis\u00e9es ces 5 et 6 septembre. Pour d\u00e9couvrir si votre ville est concern\u00e9e, il suffit de se rendre sur le <a href=\"https:\/\/terminal.lefilm.co\/\" rel=\"nofollow noopener\" target=\"_blank\">site officiel de la s\u00e9rie.<\/a>\u00a0 Ensuite, pour celles et ceux qui n\u2019auront pas pu faire le d\u00e9placement, Michou donne rendez-vous d\u00e8s le <strong>7 septembre sur sa cha\u00eene.<\/strong><\/p>\n<\/p>\n<p>    <a href=\"https:\/\/www.youtube.com\/user\/JournalduGeek?sub_confirmation=1\" target=\"_blank\" rel=\"nofollow noopener\"><br \/>\n        S&rsquo;abonner \u00e0 Journal du Geek<br \/>\n    <\/a> <\/p>\n<p>Reste \u00e0 voir maintenant si cette sortie fait autant de bruit que celle du documentaire d\u2019Inoxtag. En septembre 2024, le cr\u00e9ateur de contenu avait fait couler beaucoup d\u2019encre avec le r\u00e9cit de son ascension de l\u2019Everest. Apr\u00e8s que les fans se soient ru\u00e9s sur les s\u00e9ances au moment de leur commercialisation, cette mise \u00e0 disposition massive avait soulev\u00e9 des questions et notamment concernant la chronologie des m\u00e9dias.<\/p>\n<p>En effet, le cr\u00e9ateur avait d\u00e9pass\u00e9 la limite des 500 s\u00e9ances et entrait ainsi dans le cadre des limitations concernant la mise \u00e0 disposition via TF1. Depuis 2022, un film doit patienter 22 mois avant d\u2019\u00eatre propos\u00e9 via les canaux gratuits, comme ceux offerts par la premi\u00e8re chaine. Pour \u00e9chapper \u00e0 cette r\u00e9glementation, les diffuseurs doivent se limiter \u00e0 moins de 500 s\u00e9ances sur deux jours. Le partenaire de cet \u00e9v\u00e9nement, MK2, risquait <strong>45\u00a0000 euros d\u2019amende.<\/strong><\/p>\n<blockquote>\n<p class=\"text-base text-neutral-700 dark:text-neutral-300\">\ud83d\udfe3 Pour ne manquer aucune news sur le Journal du Geek, abonnez-vous sur <a href=\"https:\/\/news.google.com\/publications\/CAAqBwgKMNr_hAswwYyCAw?hl=fr&amp;gl=FR&amp;ceid=FR%3Afr\" target=\"_blank\" rel=\"nofollow noopener\">Google Actualit\u00e9s<\/a> et sur <a href=\"https:\/\/whatsapp.com\/channel\/0029VaClM5y4tRry12tb7D2h\" target=\"_blank\" rel=\"nofollow noopener\">notre WhatsApp<\/a>. Et si vous nous adorez, on a <a href=\"https:\/\/www.journaldugeek.com\/newsletter\/\" target=\"_blank\" rel=\"nofollow noopener\">une newsletter tous les matins<\/a>.<\/p>\n<\/blockquote>\n","protected":false},"excerpt":{"rendered":"Les fronti\u00e8res entre YouTube et le grand \u00e9cran deviennent plus t\u00e9nues. Un an apr\u00e8s la diffusion du documentaire&hellip;\n","protected":false},"author":2,"featured_media":347891,"comment_status":"","ping_status":"","sticky":false,"template":"","format":"standard","meta":{"footnotes":""},"categories":[1354],"tags":[58,59,1346,1011,27,1360,2784],"class_list":{"0":"post-347890","1":"post","2":"type-post","3":"status-publish","4":"format-standard","5":"has-post-thumbnail","7":"category-films","8":"tag-divertissement","9":"tag-entertainment","10":"tag-films","11":"tag-fr","12":"tag-france","13":"tag-movies","14":"tag-youtube"},"share_on_mastodon":{"url":"https:\/\/pubeurope.com\/@fr\/115101464215676415","error":""},"_links":{"self":[{"href":"https:\/\/www.europesays.com\/fr\/wp-json\/wp\/v2\/posts\/347890","targetHints":{"allow":["GET"]}}],"collection":[{"href":"https:\/\/www.europesays.com\/fr\/wp-json\/wp\/v2\/posts"}],"about":[{"href":"https:\/\/www.europesays.com\/fr\/wp-json\/wp\/v2\/types\/post"}],"author":[{"embeddable":true,"href":"https:\/\/www.europesays.com\/fr\/wp-json\/wp\/v2\/users\/2"}],"replies":[{"embeddable":true,"href":"https:\/\/www.europesays.com\/fr\/wp-json\/wp\/v2\/comments?post=347890"}],"version-history":[{"count":0,"href":"https:\/\/www.europesays.com\/fr\/wp-json\/wp\/v2\/posts\/347890\/revisions"}],"wp:featuredmedia":[{"embeddable":true,"href":"https:\/\/www.europesays.com\/fr\/wp-json\/wp\/v2\/media\/347891"}],"wp:attachment":[{"href":"https:\/\/www.europesays.com\/fr\/wp-json\/wp\/v2\/media?parent=347890"}],"wp:term":[{"taxonomy":"category","embeddable":true,"href":"https:\/\/www.europesays.com\/fr\/wp-json\/wp\/v2\/categories?post=347890"},{"taxonomy":"post_tag","embeddable":true,"href":"https:\/\/www.europesays.com\/fr\/wp-json\/wp\/v2\/tags?post=347890"}],"curies":[{"name":"wp","href":"https:\/\/api.w.org\/{rel}","templated":true}]}}