{"id":347892,"date":"2025-08-27T15:35:17","date_gmt":"2025-08-27T15:35:17","guid":{"rendered":"https:\/\/www.europesays.com\/fr\/347892\/"},"modified":"2025-08-27T15:35:17","modified_gmt":"2025-08-27T15:35:17","slug":"tatouages-piercings-plus-que-deux-mois-dattente-pour-donner-son-sang-actualites","status":"publish","type":"post","link":"https:\/\/www.europesays.com\/fr\/347892\/","title":{"rendered":"Tatouages, piercings: plus que deux mois d&rsquo;attente pour donner son sang : Actualit\u00e9s"},"content":{"rendered":"<p class=\"lead \">\u00c0 partir du 1er septembre, il sera possible de donner son sang deux mois apr\u00e8s un tatouage ou un piercing, au lieu de quatre mois jusqu&rsquo;ici, gr\u00e2ce \u00e0 l&rsquo;am\u00e9lioration des techniques de d\u00e9pistage de virus comme l&rsquo;h\u00e9patite C, rappelle mercredi l\u2019\u00c9tablissement fran\u00e7ais du sang.<\/p>\n<p class=\"lead \">Il faudra donc attendre deux fois moins longtemps apr\u00e8s un tatouage, piercing (per\u00e7age des oreilles compris), une s\u00e9ance d&rsquo;acupuncture, de scl\u00e9rose de varices ou de m\u00e9soth\u00e9rapie pour faire un don de sang, de plasma ou de plaquettes, une modification que d\u00e9taille un d\u00e9cret publi\u00e9 au Journal officiel le 10 avril.<\/p>\n<p class=\"lead \">En outre \u00ab\u00a0l&rsquo;\u00e9volution des crit\u00e8res de s\u00e9lection des donneurs est (&#8230;) l&rsquo;occasion pour l&rsquo;EFS de rappeler qu&rsquo;\u00eatre tatou\u00e9 n&#8217;emp\u00eache pas de donner son sang de mani\u00e8re d\u00e9finitive\u00a0\u00bb, souligne l&rsquo;EFS dans un communiqu\u00e9.<\/p>\n<p class=\"lead \">Ce d\u00e9lai r\u00e8glementaire a \u00e9t\u00e9 instaur\u00e9 car un tatouage ou un piercing peut exposer au risque de contamination par des virus comme l&rsquo;h\u00e9patite C.<\/p>\n<p class=\"lead \">Gr\u00e2ce \u00e0 l&rsquo;am\u00e9lioration des techniques de d\u00e9pistage, syst\u00e9matique pour chaque donneur de sang, ce d\u00e9lai a pu \u00eatre r\u00e9duit, pr\u00e9cise l&rsquo;EFS: apr\u00e8s contamination, les infections sont d\u00e9sormais d\u00e9tect\u00e9es plus t\u00f4t qu&rsquo;auparavant.<\/p>\n<p class=\"lead \">Cr\u00e9\u00e9 apr\u00e8s la crise du sang contamin\u00e9, l\u2019\u00c9tablissement du sang cite \u00e9galement \u00ab\u00a0l&rsquo;am\u00e9lioration des conditions d&rsquo;hygi\u00e8ne\u00a0\u00bb dans les salons de tatouage et de piercing qui permettent de pr\u00e9venir les risques de contamination.<\/p>\n<p class=\"lead \">L&rsquo;EFS rappelle qu&rsquo;il est possible de donner son sang toutes les huit semaines, jusqu&rsquo;\u00e0 quatre fois par an pour les femmes et six pour les hommes.<\/p>\n<p class=\"lead \">Moins de 4% des Fran\u00e7ais en \u00e2ge de donner, entre 18 et 70 ans, donnent leur sang au moins une fois par an.<\/p>\n<p class=\"lead \">\u00ab\u00a0On peut faire mieux\u00a0\u00bb, avait d\u00e9clar\u00e9 le pr\u00e9sident de l&rsquo;EFS, Fr\u00e9d\u00e9ric Pacoud, lors d&rsquo;une conf\u00e9rence de presse avant la Journ\u00e9e mondiale des donneurs de sang, le 14 juin.<\/p>\n<p class=\"lead \">Pour les dons de plasma, il est possible de donner toutes les deux semaines, jusqu&rsquo;\u00e0 24 fois par an. C&rsquo;est toutes les quatre semaines pour les dons de plaquettes et jusqu&rsquo;\u00e0 douze fois par an. <\/p>\n<p class=\"lead \">\u00ab\u00a0Chaque ann\u00e9e, les dons de sang, de plasma et de plaquettes permettent de soigner un million de patients atteints de cancers, de maladies chroniques ou encore victimes d\u2019h\u00e9morragies\u00a0\u00bb, rappelle l&rsquo;EFS.<\/p>\n<p class=\"small font-weight-bold text-gray3 \"> publi\u00e9 le 27 ao\u00fbt \u00e0 13h30, AFP<\/p>\n<p>                             Partager<\/p>\n","protected":false},"excerpt":{"rendered":"\u00c0 partir du 1er septembre, il sera possible de donner son sang deux mois apr\u00e8s un tatouage ou&hellip;\n","protected":false},"author":2,"featured_media":347893,"comment_status":"","ping_status":"","sticky":false,"template":"","format":"standard","meta":{"footnotes":""},"categories":[10],"tags":[1011,27,45321,72,226,585,71],"class_list":{"0":"post-347892","1":"post","2":"type-post","3":"status-publish","4":"format-standard","5":"has-post-thumbnail","7":"category-sante","8":"tag-fr","9":"tag-france","10":"tag-hpitaux","11":"tag-health","12":"tag-maladie","13":"tag-sant","14":"tag-sante"},"share_on_mastodon":{"url":"https:\/\/pubeurope.com\/@fr\/115101468170767300","error":""},"_links":{"self":[{"href":"https:\/\/www.europesays.com\/fr\/wp-json\/wp\/v2\/posts\/347892","targetHints":{"allow":["GET"]}}],"collection":[{"href":"https:\/\/www.europesays.com\/fr\/wp-json\/wp\/v2\/posts"}],"about":[{"href":"https:\/\/www.europesays.com\/fr\/wp-json\/wp\/v2\/types\/post"}],"author":[{"embeddable":true,"href":"https:\/\/www.europesays.com\/fr\/wp-json\/wp\/v2\/users\/2"}],"replies":[{"embeddable":true,"href":"https:\/\/www.europesays.com\/fr\/wp-json\/wp\/v2\/comments?post=347892"}],"version-history":[{"count":0,"href":"https:\/\/www.europesays.com\/fr\/wp-json\/wp\/v2\/posts\/347892\/revisions"}],"wp:featuredmedia":[{"embeddable":true,"href":"https:\/\/www.europesays.com\/fr\/wp-json\/wp\/v2\/media\/347893"}],"wp:attachment":[{"href":"https:\/\/www.europesays.com\/fr\/wp-json\/wp\/v2\/media?parent=347892"}],"wp:term":[{"taxonomy":"category","embeddable":true,"href":"https:\/\/www.europesays.com\/fr\/wp-json\/wp\/v2\/categories?post=347892"},{"taxonomy":"post_tag","embeddable":true,"href":"https:\/\/www.europesays.com\/fr\/wp-json\/wp\/v2\/tags?post=347892"}],"curies":[{"name":"wp","href":"https:\/\/api.w.org\/{rel}","templated":true}]}}