{"id":347898,"date":"2025-08-27T15:39:10","date_gmt":"2025-08-27T15:39:10","guid":{"rendered":"https:\/\/www.europesays.com\/fr\/347898\/"},"modified":"2025-08-27T15:39:10","modified_gmt":"2025-08-27T15:39:10","slug":"xai-delon-musk-abandonne-discretement-son-statut-de-societe-a-mission","status":"publish","type":"post","link":"https:\/\/www.europesays.com\/fr\/347898\/","title":{"rendered":"xAI d\u2019Elon Musk abandonne discr\u00e8tement son statut de soci\u00e9t\u00e9 \u00e0 mission"},"content":{"rendered":"<p>En mai 2024, la soci\u00e9t\u00e9 d\u2019intelligence artificielle xAI, fond\u00e9e par Elon Musk, a modifi\u00e9 en toute discr\u00e9tion son statut juridique. Cr\u00e9\u00e9e en 2023 dans l\u2019\u00c9tat du Nevada en tant que Public Benefit Corporation (PBC), une forme d\u2019entreprise hybride visant \u00e0 combiner performance \u00e9conomique et int\u00e9r\u00eat public, xAI a renonc\u00e9 \u00e0 cette d\u00e9nomination sans communication officielle.<\/p>\n<p>Qu\u2019est-ce qu\u2019une Public Benefit Corporation ?<\/p>\n<p>Aux \u00c9tats-Unis, le statut de Public Benefit Corporation permet \u00e0 une soci\u00e9t\u00e9 de se doter d\u2019une mission sociale ou environnementale inscrite dans ses statuts, en compl\u00e9ment de son objectif lucratif. <strong>Les dirigeants s\u2019engagent \u00e0 prendre en compte l\u2019impact de leurs d\u00e9cisions sur l\u2019ensemble des parties prenantes, et non uniquement sur les actionnaires.<\/strong><\/p>\n<p>Si cette structure offre une flexibilit\u00e9 en mati\u00e8re de gouvernance, elle suppose \u00e9galement une obligation de transparence accrue, notamment par la publication de rapports p\u00e9riodiques sur les b\u00e9n\u00e9fices sociaux ou environnementaux g\u00e9n\u00e9r\u00e9s. <strong>Or, Elon Musk a largement montr\u00e9 son opposition aux politiques RSE inclusives.<\/strong><\/p>\n<p>Un retrait discret pour xAI<\/p>\n<p>Selon les registres de l\u2019\u00c9tat du Nevada, xAI a cess\u00e9 d\u2019\u00eatre enregistr\u00e9e en tant que PBC le 9 mai 2024, selon <a href=\"https:\/\/www.newsbytesapp.com\/news\/business\/ironic-elon-musk-s-xai-drops-public-benefit-corporation-status\/story?utm_source=chatgpt.com\" target=\"_blank\" rel=\"noopener nofollow\">NewsBytes<\/a>. Aucun communiqu\u00e9 n\u2019a accompagn\u00e9 ce changement, et l\u2019entreprise a continu\u00e9 d\u2019\u00eatre pr\u00e9sent\u00e9e comme \u00ab soci\u00e9t\u00e9 \u00e0 mission \u00bb dans certains documents juridiques, plusieurs mois apr\u00e8s la modification effective et notamment en mai 2025. Ce d\u00e9calage alimente les critiques d\u2019organisations de la soci\u00e9t\u00e9 civile, qui d\u00e9noncent un usage essentiellement \u00ab marketing \u00bb de cette appellation au lancement de l\u2019entreprise, suivi d\u2019un retrait une fois le statut jug\u00e9 contraignant.<\/p>\n<p>Le timing de cette d\u00e9cision interroge d\u2019autant plus que xAI a \u00e9t\u00e9 mise en cause peu apr\u00e8s pour son impact environnemental. Son centre de donn\u00e9es de Memphis, Tennessee, a activ\u00e9 des turbines \u00e0 gaz naturel sans dispositifs complets de contr\u00f4le de pollution. Une \u00e9tude universitaire a r\u00e9v\u00e9l\u00e9 une d\u00e9gradation de la qualit\u00e9 de l\u2019air local, entra\u00eenant une plainte de la NAACP pour violations de la Clean Air Act.<\/p>\n<p>Le retrait du statut PBC, qui engageait th\u00e9oriquement la soci\u00e9t\u00e9 \u00e0 rendre compte de ses effets soci\u00e9taux, semble donc coh\u00e9rent \u00e0 la fois avec l\u2019absence d\u2019engagement de l\u2019entreprise et les virulentes critiques d\u2019Elon Musk et de l\u2019administration am\u00e9ricaine des politiques RSE des entreprises, que ce soit sur le plan environnemental ou soci\u00e9tal.<\/p>\n<p>Transparence et gouvernance : un enjeu central<\/p>\n<p>La communication limit\u00e9e de xAI sur la s\u00e9curit\u00e9 et la validation de ses mod\u00e8les d\u2019IA ajoute \u00e0 ce climat de d\u00e9fiance. Contrairement \u00e0 certains concurrents du secteur (OpenAI, Google DeepMind, Anthropic), l\u2019entreprise ne publie pas syst\u00e9matiquement de rapports d\u00e9taillant ses proc\u00e9dures de test ou ses m\u00e9canismes de protection. Ce n\u2019est qu\u2019en ao\u00fbt 2025, deux mois apr\u00e8s le lancement de Grok 4, que xAI a introduit une premi\u00e8re mention relative \u00e0 la s\u00e9curit\u00e9 dans sa documentation technique.<\/p>\n","protected":false},"excerpt":{"rendered":"En mai 2024, la soci\u00e9t\u00e9 d\u2019intelligence artificielle xAI, fond\u00e9e par Elon Musk, a modifi\u00e9 en toute discr\u00e9tion son&hellip;\n","protected":false},"author":2,"featured_media":347899,"comment_status":"","ping_status":"","sticky":false,"template":"","format":"standard","meta":{"footnotes":""},"categories":[6],"tags":[35,33,34,1011,27],"class_list":{"0":"post-347898","1":"post","2":"type-post","3":"status-publish","4":"format-standard","5":"has-post-thumbnail","7":"category-economie","8":"tag-business","9":"tag-economie","10":"tag-economy","11":"tag-fr","12":"tag-france"},"share_on_mastodon":{"url":"https:\/\/pubeurope.com\/@fr\/115101483869130196","error":""},"_links":{"self":[{"href":"https:\/\/www.europesays.com\/fr\/wp-json\/wp\/v2\/posts\/347898","targetHints":{"allow":["GET"]}}],"collection":[{"href":"https:\/\/www.europesays.com\/fr\/wp-json\/wp\/v2\/posts"}],"about":[{"href":"https:\/\/www.europesays.com\/fr\/wp-json\/wp\/v2\/types\/post"}],"author":[{"embeddable":true,"href":"https:\/\/www.europesays.com\/fr\/wp-json\/wp\/v2\/users\/2"}],"replies":[{"embeddable":true,"href":"https:\/\/www.europesays.com\/fr\/wp-json\/wp\/v2\/comments?post=347898"}],"version-history":[{"count":0,"href":"https:\/\/www.europesays.com\/fr\/wp-json\/wp\/v2\/posts\/347898\/revisions"}],"wp:featuredmedia":[{"embeddable":true,"href":"https:\/\/www.europesays.com\/fr\/wp-json\/wp\/v2\/media\/347899"}],"wp:attachment":[{"href":"https:\/\/www.europesays.com\/fr\/wp-json\/wp\/v2\/media?parent=347898"}],"wp:term":[{"taxonomy":"category","embeddable":true,"href":"https:\/\/www.europesays.com\/fr\/wp-json\/wp\/v2\/categories?post=347898"},{"taxonomy":"post_tag","embeddable":true,"href":"https:\/\/www.europesays.com\/fr\/wp-json\/wp\/v2\/tags?post=347898"}],"curies":[{"name":"wp","href":"https:\/\/api.w.org\/{rel}","templated":true}]}}