{"id":347908,"date":"2025-08-27T15:44:12","date_gmt":"2025-08-27T15:44:12","guid":{"rendered":"https:\/\/www.europesays.com\/fr\/347908\/"},"modified":"2025-08-27T15:44:12","modified_gmt":"2025-08-27T15:44:12","slug":"saint-etienne-le-vestiaire-solidaire-de-lafpa-recupere-vos-anciens-vetements-pour-des-entretiens-dembauche","status":"publish","type":"post","link":"https:\/\/www.europesays.com\/fr\/347908\/","title":{"rendered":"Saint-Etienne\u00a0: le vestiaire solidaire de l&rsquo;AFPA r\u00e9cup\u00e8re vos anciens v\u00eatements pour des entretiens d&#8217;embauche"},"content":{"rendered":"<p>La Pr\u00e9fecture de la Loire a fait ce mardi un don de v\u00eatements au vestiaire solidaire de l&rsquo;AFPA de Saint-Etienne. Le lieu r\u00e9cup\u00e8re d&rsquo;anciennes tenues pour les offrir \u00e0 des demandeurs d&#8217;emploi convoqu\u00e9s \u00e0 un entretien.<\/p>\n<p>On sait tous qu&rsquo;il est parfois difficile de trouver des v\u00eatements qui tiennent la route au moment de faire bonne impression pour un entretien d&#8217;embauche. D&rsquo;autant plus difficile lorsque l&rsquo;on est \u00e9loign\u00e9 de l&#8217;emploi depuis longtemps et que l&rsquo;on n&rsquo;a pas beaucoup de revenus. C&rsquo;est pour palier cette situation que l&rsquo;<a target=\"_blank\" rel=\"nofollow noopener noreferrer\" class=\"IciLink ici-link IciArticleLink g-ici-body-regular-1 underline brand svelte-lu7k6w\" href=\"https:\/\/www.afpa.fr\/centre\/centre-de-saint-etienne\">AFPA de Saint-Etienne<\/a>, l&rsquo;Agence nationale pour la formation professionnelle des adultes, <strong>a cr\u00e9\u00e9 il y a un an un vestiaire solidaire<\/strong>, dans le quartier du Soleil \u00e0 Saint-Etienne.<\/p>\n<p>Des \u00e9tag\u00e8res pleine de t-shirts, des portants pour les chemises et les vestes, des mannequins&#8230;etc, on trouve un peu de tout, \u00e0 partir du moment o\u00f9 cela peut correspondre pour un entretien d\u2019embauche\u00a0: \u00ab\u00a0Ca peut \u00eatre aussi pour un stage ou se pr\u00e9senter \u00e0 une \u00e9cole, c&rsquo;est large, mais \u00e7a doit avoir un rapport avec l&#8217;emploi\u00a0\u00bb, explique\u00a0Anne-Sophie Laroche, directrice du centre AFPA, \u00ab\u00a0On ne donne pas de v\u00eatements \u00e0 tous ceux qui en ont besoin, <strong>il faut que la personne soit envoy\u00e9e par un organisme<\/strong>, quel qu&rsquo;il soit, comme France travail par exemple, parce que \u00e7a nous permet d&rsquo;\u00eatre s\u00fbr qu&rsquo;il y a bien un entretien et de faire un retour aussi\u00a0\u00bb.<\/p>\n<p><img loading=\"lazy\" decoding=\"async\" class=\"VisualPreview svelte-1rldrkz\" src=\"data:image\/jpeg;base64,\/9j\/2wBDACgcHiMeGSgjISMtKygwPGRBPDc3PHtYXUlkkYCZlo+AjIqgtObDoKrarYqMyP\/L2u71\/\/\/\/m8H\/\/\/\/6\/+b9\/\/j\/2wBDASstLTw1PHZBQXb4pYyl+Pj4+Pj4+Pj4+Pj4+Pj4+Pj4+Pj4+Pj4+Pj4+Pj4+Pj4+Pj4+Pj4+Pj4+Pj4+Pj4+Pj\/wAARCAAfACoDASIAAhEBAxEB\/8QAFwAAAwEAAAAAAAAAAAAAAAAAAAEDAv\/EABcQAQEBAQAAAAAAAAAAAAAAAAABAhH\/xAAXAQEBAQEAAAAAAAAAAAAAAAAAAQID\/8QAFhEBAQEAAAAAAAAAAAAAAAAAAAER\/9oADAMBAAIRAxEAPwCXWpUZVI5ttgoAAFIEcxXMKZUkWoJA1wqyM0jHG5E1\/9k=\" alt=\"Le vestiaire solidaire manque de v\u00eatements petites et grandes tailles\" width=\"600\" height=\"450\"\/>  Le vestiaire solidaire manque de v\u00eatements petites et grandes tailles \u00a9 Radio France &#8211; Aur\u00e9lie Jacquand<\/p>\n<p><strong>En un an le concept a permis de donner des v\u00eatements \u00e0 environ 80 personnes<\/strong>. La particularit\u00e9, c&rsquo;est que ce\u00a0sont aussi des b\u00e9n\u00e9ficiaires qui g\u00e8rent le lieu et les v\u00eatements\u00a0: \u00ab\u00a0Ils trient les v\u00eatements, mettent des \u00e9tiquettes, g\u00e8rent le stock. Ils accueillent et conseillent aussi les personnes qui viennent chercher des v\u00eatements. Ca permet de travailler le travail en \u00e9quipe, la confiance en soi\u00a0\u00bb. Ces personnes sont accompagn\u00e9es\u00a0pendant 16 semaines par la formatrice Aur\u00e9lie Spadavecchia\u00a0: \u00ab\u00a0Ils me le disent, on n&rsquo;est plus les m\u00eames. Parfois il leur faut quelques jours, quelques semaines ou mois, mais tr\u00e8s souvent ils partent contents, avec le sourire\u00a0\u00bb. Un accompagnement qui fonctionne puisqu&rsquo;<strong>environ 60% des personnes qui passent ici r\u00e9ussissent \u00e0 trouver un emploi par la suite<\/strong>.<\/p>\n<p>Le vestiaire solidaire est <strong>ouvert les mardi et jeudi de 13h \u00e0 16h<\/strong>, dans les locaux de l&rsquo;AFPA dans le quartier du soleil \u00e0 St Etienne. Quant aux\u00a0v\u00eatements que vous donnez mais qui ne conviennent pas pour passer un entretien, ils seront donn\u00e9s \u00e0 la ressourcerie Chrysalide pour recyclage.<\/p>\n","protected":false},"excerpt":{"rendered":"La Pr\u00e9fecture de la Loire a fait ce mardi un don de v\u00eatements au vestiaire solidaire de l&rsquo;AFPA&hellip;\n","protected":false},"author":2,"featured_media":347909,"comment_status":"","ping_status":"","sticky":false,"template":"","format":"standard","meta":{"footnotes":""},"categories":[9653],"tags":[1111,11,2430,1777,674,1011,27,12,25,4001],"class_list":{"0":"post-347908","1":"post","2":"type-post","3":"status-publish","4":"format-standard","5":"has-post-thumbnail","7":"category-saint-etienne","8":"tag-actu","9":"tag-actualites","10":"tag-auvergne-rhone-alpes","11":"tag-eu","12":"tag-europe","13":"tag-fr","14":"tag-france","15":"tag-news","16":"tag-republique-francaise","17":"tag-saint-etienne"},"share_on_mastodon":{"url":"https:\/\/pubeurope.com\/@fr\/115101503502219422","error":""},"_links":{"self":[{"href":"https:\/\/www.europesays.com\/fr\/wp-json\/wp\/v2\/posts\/347908","targetHints":{"allow":["GET"]}}],"collection":[{"href":"https:\/\/www.europesays.com\/fr\/wp-json\/wp\/v2\/posts"}],"about":[{"href":"https:\/\/www.europesays.com\/fr\/wp-json\/wp\/v2\/types\/post"}],"author":[{"embeddable":true,"href":"https:\/\/www.europesays.com\/fr\/wp-json\/wp\/v2\/users\/2"}],"replies":[{"embeddable":true,"href":"https:\/\/www.europesays.com\/fr\/wp-json\/wp\/v2\/comments?post=347908"}],"version-history":[{"count":0,"href":"https:\/\/www.europesays.com\/fr\/wp-json\/wp\/v2\/posts\/347908\/revisions"}],"wp:featuredmedia":[{"embeddable":true,"href":"https:\/\/www.europesays.com\/fr\/wp-json\/wp\/v2\/media\/347909"}],"wp:attachment":[{"href":"https:\/\/www.europesays.com\/fr\/wp-json\/wp\/v2\/media?parent=347908"}],"wp:term":[{"taxonomy":"category","embeddable":true,"href":"https:\/\/www.europesays.com\/fr\/wp-json\/wp\/v2\/categories?post=347908"},{"taxonomy":"post_tag","embeddable":true,"href":"https:\/\/www.europesays.com\/fr\/wp-json\/wp\/v2\/tags?post=347908"}],"curies":[{"name":"wp","href":"https:\/\/api.w.org\/{rel}","templated":true}]}}