{"id":347910,"date":"2025-08-27T15:45:12","date_gmt":"2025-08-27T15:45:12","guid":{"rendered":"https:\/\/www.europesays.com\/fr\/347910\/"},"modified":"2025-08-27T15:45:12","modified_gmt":"2025-08-27T15:45:12","slug":"jean-jacques-vanier-au-jardin-botanique","status":"publish","type":"post","link":"https:\/\/www.europesays.com\/fr\/347910\/","title":{"rendered":"Jean-Jacques Vanier au jardin botanique"},"content":{"rendered":"<p>Longtemps, sa m\u00e8re ne venait pas dans sa chambre pour l\u2019embrasser quand il \u00e9tait petit. Et Marcel Proust \u00e9crit A la recherche du temps perdu. Dans son spectacle A la recherche de la recherche, Jean-Jacques Vanier part \u00e0 la recherche de cette recherche, nous entra\u00eene vers nos propres souvenirs d\u2019enfance, nos m\u00e8res, tout ce qui nous fonde.<\/p>\n<p class=\"note\">Jeudi\u00a028 et vendredi 29\u00a0ao\u00fbt, \u00e0 19\u00a0h, en plein air au jardin botanique Jean-Marie Pelt, 100, rue du Jardin-Botanique, \u00e0 Villers-l\u00e8s-Nancy. Tarif\u00a0: 15\u00a0\u20ac. R\u00e9servations au 03\u00a083\u00a041\u00a047\u00a047.<\/p>\n","protected":false},"excerpt":{"rendered":"Longtemps, sa m\u00e8re ne venait pas dans sa chambre pour l\u2019embrasser quand il \u00e9tait petit. Et Marcel Proust&hellip;\n","protected":false},"author":2,"featured_media":347911,"comment_status":"","ping_status":"","sticky":false,"template":"","format":"standard","meta":{"footnotes":""},"categories":[9635],"tags":[1111,11,7110,1687,1707,1704,1777,674,1011,27,775,10262,1702,12,48405,25,3140,10261],"class_list":{"0":"post-347910","1":"post","2":"type-post","3":"status-publish","4":"format-standard","5":"has-post-thumbnail","7":"category-nancy","8":"tag-actu","9":"tag-actualites","10":"tag-cc-du-territoire-de-luneville-a-baccarat-54a","11":"tag-culture-loisirs","12":"tag-edition-luneville","13":"tag-edition-nancy-et-agglomeration","14":"tag-eu","15":"tag-europe","16":"tag-fr","17":"tag-france","18":"tag-grand-est","19":"tag-metropole-du-grand-nancy-54b5","20":"tag-nancy","21":"tag-news","22":"tag-reherrey","23":"tag-republique-francaise","24":"tag-spectacle","25":"tag-villers-les-nancy"},"share_on_mastodon":{"url":"https:\/\/pubeurope.com\/@fr\/115101507594199597","error":""},"_links":{"self":[{"href":"https:\/\/www.europesays.com\/fr\/wp-json\/wp\/v2\/posts\/347910","targetHints":{"allow":["GET"]}}],"collection":[{"href":"https:\/\/www.europesays.com\/fr\/wp-json\/wp\/v2\/posts"}],"about":[{"href":"https:\/\/www.europesays.com\/fr\/wp-json\/wp\/v2\/types\/post"}],"author":[{"embeddable":true,"href":"https:\/\/www.europesays.com\/fr\/wp-json\/wp\/v2\/users\/2"}],"replies":[{"embeddable":true,"href":"https:\/\/www.europesays.com\/fr\/wp-json\/wp\/v2\/comments?post=347910"}],"version-history":[{"count":0,"href":"https:\/\/www.europesays.com\/fr\/wp-json\/wp\/v2\/posts\/347910\/revisions"}],"wp:featuredmedia":[{"embeddable":true,"href":"https:\/\/www.europesays.com\/fr\/wp-json\/wp\/v2\/media\/347911"}],"wp:attachment":[{"href":"https:\/\/www.europesays.com\/fr\/wp-json\/wp\/v2\/media?parent=347910"}],"wp:term":[{"taxonomy":"category","embeddable":true,"href":"https:\/\/www.europesays.com\/fr\/wp-json\/wp\/v2\/categories?post=347910"},{"taxonomy":"post_tag","embeddable":true,"href":"https:\/\/www.europesays.com\/fr\/wp-json\/wp\/v2\/tags?post=347910"}],"curies":[{"name":"wp","href":"https:\/\/api.w.org\/{rel}","templated":true}]}}