{"id":347912,"date":"2025-08-27T15:46:38","date_gmt":"2025-08-27T15:46:38","guid":{"rendered":"https:\/\/www.europesays.com\/fr\/347912\/"},"modified":"2025-08-27T15:46:38","modified_gmt":"2025-08-27T15:46:38","slug":"nationale-1-federale-nancy-handball-tahu-lufuanitu-vers-la-liga-espagnole","status":"publish","type":"post","link":"https:\/\/www.europesays.com\/fr\/347912\/","title":{"rendered":"Nationale 1 F\u00e9d\u00e9rale. Nancy Handball : Tahu Lufuanitu vers la Liga espagnole"},"content":{"rendered":"<p>Premi\u00e8re <a href=\"https:\/\/www.estrepublicain.fr\/sport\/2025\/01\/12\/mercato-tahu-lufuanitu-premiere-recrue-du-nancy-handball\" target=\"_blank\" rel=\"noopener\">recrue du mercato lorrain, le malheureux Tahu Lufuanitu<\/a> n\u2019aura pas fait de vieux os \u00e0 Nancy ! Arriv\u00e9 du c\u00f4t\u00e9 de la Place Stanislas au mois de juillet dernier, <a href=\"https:\/\/www.estrepublicain.fr\/sport\/2025\/07\/23\/nancy-handball-une-reprise-aux-airs-d-enterrement\" target=\"_blank\" rel=\"noopener\">pour la reprise de l\u2019entra\u00eenement<\/a> , l\u2019ex-joueur de Tremblay (24 ans) y a finalement v\u00e9cu un peu plus d\u2019un mois d\u2019errance, entre une \u00ab pr\u00e9pa \u00bb en pointill\u00e9s et un quotidien fait d\u2019incertitudes (mat\u00e9rielles).<\/p>\n<p>Jamais align\u00e9 sous le maillot bleu et or\u2026 qu\u2019il n\u2019a d\u2019ailleurs jamais re\u00e7u, l\u2019international congolais &#8211; qui n\u2019a par ailleurs jusqu\u2019ici per\u00e7u aucun subside de la part de son nouveau club &#8211; a donc pr\u00e9f\u00e9r\u00e9 mettre de lui-m\u00eame un terme \u00e0 cette exp\u00e9rience cauchemardesque en demandant et obtenant la rupture de son contrat (qui courrait initialement jusqu\u2019en 2027).<\/p>\n<p>Ce contenu est bloqu\u00e9 car vous n&rsquo;avez pas accept\u00e9 les cookies et autres traceurs.<\/p>\n<p>En cliquant sur \u00ab J\u2019accepte \u00bb, les cookies et autres traceurs seront d\u00e9pos\u00e9s et vous pourrez visualiser les contenus  (<a href=\"\" class=\"consentModule_policy\" target=\"_blank\" title=\"Consulter la politique de protection des donn\u00e9es du fournisseur\">plus d&rsquo;informations<\/a>).<\/p>\n<p>En cliquant sur \u00ab J\u2019accepte tous les cookies \u00bb, vous autorisez des d\u00e9p\u00f4ts de cookies et autres traceurs pour le stockage de vos donn\u00e9es sur nos sites et applications \u00e0 des fins de personnalisation et de ciblage publicitaire.<\/p>\n<p class=\"consentModule_secondaryText\">Vous gardez la possibilit\u00e9 de retirer votre consentement \u00e0 tout moment en consultant notre <a href=\"https:\/\/www.estrepublicain.fr\/protection-des-donnees\" target=\"_blank\" title=\"Consulter notre politique de protection des donn\u00e9es\" rel=\"noopener\">politique de protection des donn\u00e9es<\/a>. <br \/>&#13;<br \/>\n            <a href=\"https:\/\/www.estrepublicain.fr\/sport\/2025\/08\/27\/javascript:Didomi.notice.show()\" class=\"consentModule_cmp\" target=\"_blank\" rel=\"noopener\">G\u00e9rer mes choix<\/a>&#13;\n        <\/p>\n<p>&#13;<br \/>\n                        J&rsquo;accepte&#13;<br \/>\n            J&rsquo;accepte tous les cookies&#13;\n        <\/p>\n<p>Ainsi lib\u00e9r\u00e9, Tahu Lufuanitu (24 ans) s\u2019est engag\u00e9 pour deux saisons avec le CB Nava, huiti\u00e8me de Liga ASOBAL (le championnat d\u2019\u00e9lite espagnol) : une formation en qu\u00eate d\u2019un gaucher depuis la blessure de son ailier international chilien Pancho Ahumada (m\u00e9nisque). Sans doute, sportivement, l\u2019une des plus belles opportunit\u00e9s du moment sur ce march\u00e9 d\u2019arri\u00e8re-saison pour Tahu Lufuanitu qui, lors du dernier exercice, avait disput\u00e9 23 rencontres de Starligue avec Tremblay et inscrit 27 buts (1,2 b\/m de moyenne).<\/p>\n<p>Ce contenu est bloqu\u00e9 car vous n&rsquo;avez pas accept\u00e9 les cookies et autres traceurs.<\/p>\n<p>En cliquant sur \u00ab J\u2019accepte \u00bb, les cookies et autres traceurs seront d\u00e9pos\u00e9s et vous pourrez visualiser les contenus  (<a href=\"\" class=\"consentModule_policy\" target=\"_blank\" title=\"Consulter la politique de protection des donn\u00e9es du fournisseur\">plus d&rsquo;informations<\/a>).<\/p>\n<p>En cliquant sur \u00ab J\u2019accepte tous les cookies \u00bb, vous autorisez des d\u00e9p\u00f4ts de cookies et autres traceurs pour le stockage de vos donn\u00e9es sur nos sites et applications \u00e0 des fins de personnalisation et de ciblage publicitaire.<\/p>\n<p class=\"consentModule_secondaryText\">Vous gardez la possibilit\u00e9 de retirer votre consentement \u00e0 tout moment en consultant notre <a href=\"https:\/\/www.estrepublicain.fr\/protection-des-donnees\" target=\"_blank\" title=\"Consulter notre politique de protection des donn\u00e9es\" rel=\"noopener\">politique de protection des donn\u00e9es<\/a>. <br \/>&#13;<br \/>\n            <a href=\"https:\/\/www.estrepublicain.fr\/sport\/2025\/08\/27\/javascript:Didomi.notice.show()\" class=\"consentModule_cmp\" target=\"_blank\" rel=\"noopener\">G\u00e9rer mes choix<\/a>&#13;\n        <\/p>\n<p>&#13;<br \/>\n                        J&rsquo;accepte&#13;<br \/>\n            J&rsquo;accepte tous les cookies&#13;\n        <\/p>\n<p>  Le quatri\u00e8me d\u00e9part dans le groupe \u00ab pro \u00bb<\/p>\n<p>Apr\u00e8s le pivot Erwan Modeste (Tremblay ; D1), l\u2019arri\u00e8re gauche Noah Kouadio (Saint-Rapha\u00ebl ; D1) &#8211; deux gar\u00e7ons finalement partis renforcer Saintes (D2) &#8211; et <a href=\"https:\/\/www.estrepublicain.fr\/sport\/2025\/08\/16\/nancy-handball-baptiste-clay-file-a-frontignan\" target=\"_blank\" rel=\"noopener\">le demi-centre Baptiste Clay (Frontignan ; D2)<\/a> , Tahu Lufuanitu est le quatri\u00e8me joueur \u00ab pro \u00bb \u00e0 quitter pr\u00e9cipitamment <a href=\"https:\/\/www.estrepublicain.fr\/sport\/2025\/08\/26\/le-nancy-handball-obtient-son-placement-en-redressement-judiciaire\" target=\"_blank\" rel=\"noopener\">un effectif \u00e0 l\u2019avenir toujours incertain<\/a> (*). <\/p>\n<p class=\"note\">(*) Du c\u00f4t\u00e9 du centre de formation, Ma\u00ebl Bouvret et Tom Hurstel se sont \u00e9clips\u00e9s pour les m\u00eames raisons.<\/p>\n","protected":false},"excerpt":{"rendered":"Premi\u00e8re recrue du mercato lorrain, le malheureux Tahu Lufuanitu n\u2019aura pas fait de vieux os \u00e0 Nancy !&hellip;\n","protected":false},"author":2,"featured_media":347913,"comment_status":"","ping_status":"","sticky":false,"template":"","format":"standard","meta":{"footnotes":""},"categories":[9635],"tags":[1111,11,1704,1777,674,107,1701,1011,27,775,1792,1702,13622,1703,12,25,517,1700],"class_list":{"0":"post-347912","1":"post","2":"type-post","3":"status-publish","4":"format-standard","5":"has-post-thumbnail","7":"category-nancy","8":"tag-actu","9":"tag-actualites","10":"tag-edition-nancy-et-agglomeration","11":"tag-eu","12":"tag-europe","13":"tag-fil-info","14":"tag-fil-info-sport","15":"tag-fr","16":"tag-france","17":"tag-grand-est","18":"tag-handball","19":"tag-nancy","20":"tag-nancy-handball","21":"tag-nancy-ville-54b","22":"tag-news","23":"tag-republique-francaise","24":"tag-sport","25":"tag-sport-lorrain"},"share_on_mastodon":{"url":"https:\/\/pubeurope.com\/@fr\/115101511404136722","error":""},"_links":{"self":[{"href":"https:\/\/www.europesays.com\/fr\/wp-json\/wp\/v2\/posts\/347912","targetHints":{"allow":["GET"]}}],"collection":[{"href":"https:\/\/www.europesays.com\/fr\/wp-json\/wp\/v2\/posts"}],"about":[{"href":"https:\/\/www.europesays.com\/fr\/wp-json\/wp\/v2\/types\/post"}],"author":[{"embeddable":true,"href":"https:\/\/www.europesays.com\/fr\/wp-json\/wp\/v2\/users\/2"}],"replies":[{"embeddable":true,"href":"https:\/\/www.europesays.com\/fr\/wp-json\/wp\/v2\/comments?post=347912"}],"version-history":[{"count":0,"href":"https:\/\/www.europesays.com\/fr\/wp-json\/wp\/v2\/posts\/347912\/revisions"}],"wp:featuredmedia":[{"embeddable":true,"href":"https:\/\/www.europesays.com\/fr\/wp-json\/wp\/v2\/media\/347913"}],"wp:attachment":[{"href":"https:\/\/www.europesays.com\/fr\/wp-json\/wp\/v2\/media?parent=347912"}],"wp:term":[{"taxonomy":"category","embeddable":true,"href":"https:\/\/www.europesays.com\/fr\/wp-json\/wp\/v2\/categories?post=347912"},{"taxonomy":"post_tag","embeddable":true,"href":"https:\/\/www.europesays.com\/fr\/wp-json\/wp\/v2\/tags?post=347912"}],"curies":[{"name":"wp","href":"https:\/\/api.w.org\/{rel}","templated":true}]}}