{"id":347914,"date":"2025-08-27T15:47:11","date_gmt":"2025-08-27T15:47:11","guid":{"rendered":"https:\/\/www.europesays.com\/fr\/347914\/"},"modified":"2025-08-27T15:47:11","modified_gmt":"2025-08-27T15:47:11","slug":"au-pradet-la-saint-pierre-une-fete-ancree-dans-le-patrimoine","status":"publish","type":"post","link":"https:\/\/www.europesays.com\/fr\/347914\/","title":{"rendered":"Au Pradet, la Saint-Pierre, une f\u00eate ancr\u00e9e dans le patrimoine"},"content":{"rendered":"<p>                    <img loading=\"lazy\" decoding=\"async\" src=\"https:\/\/www.europesays.com\/fr\/wp-content\/uploads\/2025\/08\/f9d101002f0b3dd5a4229cf2a511ef.jpg\" class=\"img-responsive post-image\" width=\"680\" height=\"510\" alt=\"Au Pradet, la Saint-Pierr\" title=\"Au Pradet, la Saint-Pierre, une f\u00eate ancr\u00e9e dans le patrimoine\"\/><\/p>\n<p class=\"chapo\">Le port des Oursini\u00e8res a vibr\u00e9 au rythme des traditions et des festivit\u00e9s \u00e0 l\u2019occasion de la Saint-Pierre, patron des p\u00eacheurs.<\/p>\n<p>Une f\u00eate ancr\u00e9e dans le patrimoine local qui rassemble les g\u00e9n\u00e9rations autour des valeurs de la mer, de la m\u00e9moire et de la f\u00eate.<br class=\"texte\"\/><br \/>\nDans l\u2019apr\u00e8s-midi, petits et grands ont profit\u00e9 d\u2019un programme d\u2019animations familiales. Des ateliers cr\u00e9atifs (confection de couronnes de fleurs) ont ravi les enfants, pendant que d\u2019autres s\u2019essayaient au paddle ou \u00e0 l\u2019optimist, encadr\u00e9s par le service des sports de la Ville et des membres du Club Nautique du Pradet.<\/p>\n<p>Le traditionnel concours de p\u00e9tanque a rassembl\u00e9 de nombreux adeptes sur le boulodrome du port, dans un esprit bon enfant. En fin d\u2019apr\u00e8s-midi, le temps fort de la journ\u00e9e a rassembl\u00e9 les habitants et les premiers estivants avec la procession en l\u2019honneur de Saint-Pierre, le long de la plage, suivie de la b\u00e9n\u00e9diction des bateaux par le cur\u00e9 de la paroisse.<\/p>\n<p>Les spectateurs ont assist\u00e9 \u00e0 des d\u00e9monstrations de joutes nautiques propos\u00e9es par le club de Saint-Mandrier. Et comme le veut la tradition, la soir\u00e9e s\u2019est prolong\u00e9e autour d\u2019un bal\u00e8ti entra\u00eenant et d\u2019une sardinade partag\u00e9e entre les habitants et les visiteurs.<\/p>\n<p><strong>Cette \u00e9dition a tenu toutes ses promesses gr\u00e2ce \u00e0 la mobilisation de la Ville, du Comit\u00e9 des F\u00eates du Pradet, de la Soci\u00e9t\u00e9 Nautique du Port des Oursini\u00e8res et du Sporting Boulomane Prad\u00e9tan.<\/strong><\/p>\n<p>Photo de Une \u00a9PRESSE AGENCE<\/p>\n","protected":false},"excerpt":{"rendered":"Le port des Oursini\u00e8res a vibr\u00e9 au rythme des traditions et des festivit\u00e9s \u00e0 l\u2019occasion de la Saint-Pierre,&hellip;\n","protected":false},"author":2,"featured_media":347915,"comment_status":"","ping_status":"","sticky":false,"template":"","format":"standard","meta":{"footnotes":""},"categories":[9619],"tags":[1111,11,2408,1777,674,1011,27,12,882,25,2310],"class_list":{"0":"post-347914","1":"post","2":"type-post","3":"status-publish","4":"format-standard","5":"has-post-thumbnail","7":"category-toulon","8":"tag-actu","9":"tag-actualites","10":"tag-appels-d","11":"tag-eu","12":"tag-europe","13":"tag-fr","14":"tag-france","15":"tag-news","16":"tag-provence-alpes-cote-dazur","17":"tag-republique-francaise","18":"tag-toulon"},"share_on_mastodon":{"url":"https:\/\/pubeurope.com\/@fr\/115101515397687069","error":""},"_links":{"self":[{"href":"https:\/\/www.europesays.com\/fr\/wp-json\/wp\/v2\/posts\/347914","targetHints":{"allow":["GET"]}}],"collection":[{"href":"https:\/\/www.europesays.com\/fr\/wp-json\/wp\/v2\/posts"}],"about":[{"href":"https:\/\/www.europesays.com\/fr\/wp-json\/wp\/v2\/types\/post"}],"author":[{"embeddable":true,"href":"https:\/\/www.europesays.com\/fr\/wp-json\/wp\/v2\/users\/2"}],"replies":[{"embeddable":true,"href":"https:\/\/www.europesays.com\/fr\/wp-json\/wp\/v2\/comments?post=347914"}],"version-history":[{"count":0,"href":"https:\/\/www.europesays.com\/fr\/wp-json\/wp\/v2\/posts\/347914\/revisions"}],"wp:featuredmedia":[{"embeddable":true,"href":"https:\/\/www.europesays.com\/fr\/wp-json\/wp\/v2\/media\/347915"}],"wp:attachment":[{"href":"https:\/\/www.europesays.com\/fr\/wp-json\/wp\/v2\/media?parent=347914"}],"wp:term":[{"taxonomy":"category","embeddable":true,"href":"https:\/\/www.europesays.com\/fr\/wp-json\/wp\/v2\/categories?post=347914"},{"taxonomy":"post_tag","embeddable":true,"href":"https:\/\/www.europesays.com\/fr\/wp-json\/wp\/v2\/tags?post=347914"}],"curies":[{"name":"wp","href":"https:\/\/api.w.org\/{rel}","templated":true}]}}