{"id":347917,"date":"2025-08-27T15:49:09","date_gmt":"2025-08-27T15:49:09","guid":{"rendered":"https:\/\/www.europesays.com\/fr\/347917\/"},"modified":"2025-08-27T15:49:09","modified_gmt":"2025-08-27T15:49:09","slug":"une-toxicomane-condamnee-pour-avoir-squatte-lhabitation-dun-magistrat","status":"publish","type":"post","link":"https:\/\/www.europesays.com\/fr\/347917\/","title":{"rendered":"une toxicomane condamn\u00e9e pour avoir squatt\u00e9 l&rsquo;habitation d&rsquo;un magistrat"},"content":{"rendered":"<p>            Par<br \/>\n        <strong><br \/>\n            <a href=\"https:\/\/actu.fr\/auteur\/jm-aubert\" title=\"Consulter tous les articles de Jean-Marc Aubert\" rel=\"nofollow noopener\" target=\"_blank\">Jean-Marc Aubert<\/a><br \/>\n        <\/strong><\/p>\n<p>        Publi\u00e9 le<\/p>\n<p>            27 ao\u00fbt 2025 \u00e0 17h35        <\/p>\n<p>Une femme \u00e2g\u00e9e de 39 ans pr\u00e9venue d\u2019avoir occup\u00e9 ill\u00e9galement la maison secondaire d\u2019un magistrat de la cour d\u2019appel de N\u00eemes, dans la commune de <strong>Saint-Andr\u00e9-de-Sangonis<\/strong> a \u00e9t\u00e9 condamn\u00e9e \u00e0 six mois de prison avec un sursis probatoire de deux ans, par le <strong>tribunal correctionnel de Montpellier. <\/strong>Elle a \u00e9t\u00e9\u00a0relax\u00e9e pour une autre occupation illicite, dans la m\u00eame commune.<\/p>\n<p>    <a href=\"https:\/\/www.google.com\/maps\/embed?pb=!1m18!1m12!1m3!1d64428.48830282252!2d3.477194029039911!3d43.64585488432758!2m3!1f0!2f0!3f0!3m2!1i1024!2i768!4f13.1!3m3!1m2!1s0x12b15bf07f8202cf%3A0xe48199b753f93c49!2sSaint-Andr%C3%A9-de-Sangonis!5e0!3m2!1sfr!2sfr!4v1756308789808!5m2!1sfr!2sfr\" title=\"Ouvrie le lien\" rel=\"nofollow noopener\" target=\"_blank\">Cliquez ici pour visualiser le contenu<\/a><\/p>\n<p class=\" wall-content\">Le 3 ao\u00fbt 2025, la trentenaire avait forc\u00e9 le volet d\u2019une habitation qu\u2019elle pensait vide et abandonn\u00e9e pour le squatter. Le propri\u00e9taire, un magistrat en poste dans le Gard est inform\u00e9 de cette occupation ill\u00e9gale et d\u00e9pose une plainte aupr\u00e8s des <strong>gendarmes<\/strong> de la compagnie de Lod\u00e8ve. Les enqu\u00eateurs proc\u00e8dent \u00e0 son interpellation et d\u00e9couvre que cette toxicomane lourde, notamment Addict \u00e0 l\u2019h\u00e9ro\u00efne, est d\u00e9j\u00e0 vis\u00e9e par d\u2019autres proc\u00e9dures pour des faits identiques : elle s\u2019introduit par effraction dans des propri\u00e9t\u00e9s vides.<\/p>\n<p class=\" wall-content\">La trentenaire squatte des habitations depuis fin 2023, \u00e0 la suite de son expulsion par la gendarmerie d\u2019un appartement o\u00f9 elle \u00e9tait h\u00e9berg\u00e9e gracieusement \u00e0 Saint-Andr\u00e9-de-Sangonis, avant de faire venir sa fille et son concubin. Les lieux avaient \u00e9t\u00e9 laiss\u00e9s avec des traces d\u2019excr\u00e9ments par terre et aux murs.<\/p>\n<p>Six mois de prison avec sursis<\/p>\n<p class=\" wall-content\">Poursuivie pour ces deux d\u00e9lits, la pr\u00e9venue a \u00e9t\u00e9 relax\u00e9e pour le premier, les juges ayant estim\u00e9 qu\u2019elle n\u2019avait pas squatt\u00e9 l\u2019appartement puisqu\u2019il avait \u00e9t\u00e9 mis \u00e0 sa disposition par son propri\u00e9taire. En revanche, le tribunal est entr\u00e9 en voie de condamnation pour la seconde occupation ill\u00e9gale de la villa du magistrat n\u00eemois, puisqu\u2019elle s\u2019y \u00e9tait introduit par effraction.<\/p>\n<p>Vid\u00e9os : en ce moment sur Actu<\/p>\n<p class=\" wall-content\">Elle a\u00a0\u00e9cop\u00e9\u00a0de six mois de\u00a0prison\u00a0avec un sursis probatoire de deux ans avec l\u2019obligation de suivre des soins concernant son addiction \u00e0 la toxicomanie, h\u00e9ro\u00efne et cannabis. Par\u00a0ailleurs, la trentenaire a l\u2019interdiction d\u2019entrer en contact avec les parties civiles.<\/p>\n<p class=\" wall-content\">Personnalisez votre actualit\u00e9 en ajoutant vos villes et m\u00e9dias en favori avec <a href=\"https:\/\/moncompte.actu.fr\" title=\"D\u00e9couvez Mon Actu\" rel=\"nofollow noopener\" data-trk=\"{&quot;cta&quot;:{&quot;action&quot;:&quot;https:\\\/\\\/moncompte.actu.fr&quot;,&quot;category&quot;:&quot;mon compte&quot;,&quot;from&quot;:&quot;article footer&quot;,&quot;name&quot;:&quot;Mon actu&quot;,&quot;type&quot;:&quot;cta&quot;}}\" target=\"_blank\">Mon Actu<\/a>.<\/p>\n","protected":false},"excerpt":{"rendered":"Par Jean-Marc Aubert Publi\u00e9 le 27 ao\u00fbt 2025 \u00e0 17h35 Une femme \u00e2g\u00e9e de 39 ans pr\u00e9venue d\u2019avoir&hellip;\n","protected":false},"author":2,"featured_media":347918,"comment_status":"","ping_status":"","sticky":false,"template":"","format":"standard","meta":{"footnotes":""},"categories":[9599],"tags":[1111,11,1777,674,118,1011,27,3381,303,2208,12,2680,25],"class_list":{"0":"post-347917","1":"post","2":"type-post","3":"status-publish","4":"format-standard","5":"has-post-thumbnail","7":"category-montpellier","8":"tag-actu","9":"tag-actualites","10":"tag-eu","11":"tag-europe","12":"tag-faits-divers","13":"tag-fr","14":"tag-france","15":"tag-gendarmerie","16":"tag-justice","17":"tag-montpellier","18":"tag-news","19":"tag-occitanie","20":"tag-republique-francaise"},"share_on_mastodon":{"url":"https:\/\/pubeurope.com\/@fr\/115101523241467359","error":""},"_links":{"self":[{"href":"https:\/\/www.europesays.com\/fr\/wp-json\/wp\/v2\/posts\/347917","targetHints":{"allow":["GET"]}}],"collection":[{"href":"https:\/\/www.europesays.com\/fr\/wp-json\/wp\/v2\/posts"}],"about":[{"href":"https:\/\/www.europesays.com\/fr\/wp-json\/wp\/v2\/types\/post"}],"author":[{"embeddable":true,"href":"https:\/\/www.europesays.com\/fr\/wp-json\/wp\/v2\/users\/2"}],"replies":[{"embeddable":true,"href":"https:\/\/www.europesays.com\/fr\/wp-json\/wp\/v2\/comments?post=347917"}],"version-history":[{"count":0,"href":"https:\/\/www.europesays.com\/fr\/wp-json\/wp\/v2\/posts\/347917\/revisions"}],"wp:featuredmedia":[{"embeddable":true,"href":"https:\/\/www.europesays.com\/fr\/wp-json\/wp\/v2\/media\/347918"}],"wp:attachment":[{"href":"https:\/\/www.europesays.com\/fr\/wp-json\/wp\/v2\/media?parent=347917"}],"wp:term":[{"taxonomy":"category","embeddable":true,"href":"https:\/\/www.europesays.com\/fr\/wp-json\/wp\/v2\/categories?post=347917"},{"taxonomy":"post_tag","embeddable":true,"href":"https:\/\/www.europesays.com\/fr\/wp-json\/wp\/v2\/tags?post=347917"}],"curies":[{"name":"wp","href":"https:\/\/api.w.org\/{rel}","templated":true}]}}