{"id":347921,"date":"2025-08-27T15:51:09","date_gmt":"2025-08-27T15:51:09","guid":{"rendered":"https:\/\/www.europesays.com\/fr\/347921\/"},"modified":"2025-08-27T15:51:09","modified_gmt":"2025-08-27T15:51:09","slug":"a-rouen-les-transports-gratuits-pour-les-moins-de-18-ans-a-la-rentree-comment-financer-cette-mesure","status":"publish","type":"post","link":"https:\/\/www.europesays.com\/fr\/347921\/","title":{"rendered":"\u00c0 Rouen, les transports gratuits pour les moins de 18 ans \u00e0 la rentr\u00e9e : comment financer cette mesure\u00a0?"},"content":{"rendered":"<p>            Par<br \/>\n        <strong><br \/>\n            <a href=\"https:\/\/actu.fr\/auteur\/adrien-filoche\" title=\"Consulter tous les articles de Adrien Filoche\" target=\"_blank\" rel=\"noopener\">Adrien Filoche<\/a><br \/>\n        <\/strong><\/p>\n<p>        Publi\u00e9 le<\/p>\n<p>            27 ao\u00fbt 2025 \u00e0 17h06        <\/p>\n<p>D\u00e8s la <a href=\"https:\/\/actu.fr\/societe\/rentree-2025-bac-brevet-groupe-de-niveaux-vie-sexuelle-ce-qui-change-a-l-ecole-au-college-et-au-lycee_63072333.html\" target=\"_blank\" rel=\"noopener\">rentr\u00e9e de septembre\u00a02025,<\/a> les transports de la <a href=\"https:\/\/actu.fr\/tag\/metropole-rouen\" target=\"_blank\" rel=\"noopener\">M\u00e9tropole de Rouen<\/a> seront <strong>gratuits<\/strong> pour tous les jeunes de moins de 18\u00a0ans, <a href=\"https:\/\/actu.fr\/normandie\/rouen_76540\/exclu-les-transports-en-commun-de-rouen-bientot-gratuits-pour-les-moins-de-18-ans-on-vous-explique-tout_62787879.html\" target=\"_blank\" rel=\"noopener\">comme nous l\u2019avions annonc\u00e9 en juin dernier.<\/a> Ce dispositif, qui permet \u00ab\u2009d\u2019all\u00e9ger le poids financier des transports en commun pour les familles et de favoriser les alternatives \u00e0 la voiture individuelle\u2009\u00bb, comme le pr\u00e9sente la M\u00e9tropole de Rouen, a un co\u00fbt. En effet, la perte de recettes li\u00e9es \u00e0 la mesure est estim\u00e9e \u00e0 <strong>4,3\u00a0millions d\u2019euros par an.<\/strong> Alors, comment financer un tel dispositif\u2009?<\/p>\n<p>Une \u00ab\u2009recette\u2009\u00bb de 10\u00a0millions d\u2019euros qui tombe bien<\/p>\n<p class=\" wall-content\">Interrog\u00e9 par 76actu, <strong>Cyrille Moreau<\/strong>, vice-pr\u00e9sident de la M\u00e9tropole de Rouen en charge des transports, revient sur un premier point\u2009: \u00ab\u2009Il n\u2019y aura <strong>pas une hausse des tarifs<\/strong> pour financer la gratuit\u00e9\u2009\u00bb, promet l\u2019\u00e9lu \u00e9cologiste.<\/p>\n<p class=\" wall-content\">Concernant cette gratuit\u00e9, justement, elle a \u00e9t\u00e9 rendue possible gr\u00e2ce \u00e0 un m\u00e9canisme un peu particulier. \u00ab\u2009\u00c0 la fin de l\u2019ann\u00e9e, nous arrivons \u00e0 la fin de notre pr\u00e9c\u00e9dent contrat avec Transdev\u2009\u00bb, rappelle Cyrielle Moreau. Pour rappel, en juin dernier, <a href=\"https:\/\/actu.fr\/normandie\/rouen_76540\/info-76actu-qui-sera-le-prochain-gestionnaire-du-reseau-astuce-a-rouen-un-favori-se-dessine-avant-le-vote_62763399.html\" target=\"_blank\" rel=\"noopener\">Transdev a \u00e9t\u00e9 reconduit en tant que d\u00e9l\u00e9gataire<\/a> des transports en commun rouennais pour neuf ans \u00e0 partir de janvier\u00a02026. Avec un tout <strong>nouveau contrat<\/strong>, donc.<\/p>\n<p class=\" wall-content\">Lors du pr\u00e9c\u00e9dent accord, la M\u00e9tropole de Rouen avait un poste de d\u00e9pense important qui concernait le tramway de Rouen. \u00ab\u2009Nous sommes arriv\u00e9s \u00e0 la fin de l\u2019amortissement du tramway. On r\u00e9cup\u00e8re donc 10 millions d\u2019euros. Sur ces 10 millions, 4, enfin plus pr\u00e9cis\u00e9ment 4,3, vont servir pour financer la gratuit\u00e9\u2009\u00bb, souligne Cyrille Moreau.<\/p>\n<p class=\" wall-content\">Sans cela, le dispositif de gratuit\u00e9 pour les moins de 18\u00a0ans n\u2019aurait tr\u00e8s probablement pas vu le jour, comme le confie le pr\u00e9sident de la M\u00e9tropole de Rouen <a href=\"https:\/\/actu.fr\/tag\/nicolas-mayer-rossignol\" target=\"_blank\" rel=\"noopener\">Nicolas Mayer-Rossignol.<\/a><\/p>\n<blockquote class=\"ac-article-quote wall-content\">\n<p>Nous avons ren\u00e9goci\u00e9 le contrat avec Transdev, et sans cette marge de 10 millions d&rsquo;euros, nous n&rsquo;aurions certainement pas pu financer la gratuit\u00e9.<\/p>\n<p>    <strong>Nicolas Mayer-Rossignol,<\/strong><br \/>\n        Pr\u00e9sident de la M\u00e9tropole de Rouen.     <\/p><\/blockquote>\n<p class=\" wall-content\">La somme restante sera r\u00e9investie pour financer le d\u00e9veloppement du r\u00e9seau de transport, qui comprend par exemple le prolongement de la ligne T4 sur le Madrillet ou encore la <a href=\"https:\/\/actu.fr\/normandie\/rouen_76540\/ligne-t5-a-rouen-pres-de-trois-de-travaux-vont-commencer-cet-ete-pour-le-nouveau-teor_59385265.html\" target=\"_blank\" rel=\"noopener\">cr\u00e9ation de la nouvelle ligne T5<\/a>, dont la mise en service est attendue pour le d\u00e9but d\u2019ann\u00e9e 2026.<\/p>\n<p>Suivez l\u2019actualit\u00e9 de Rouen sur <a href=\"https:\/\/www.whatsapp.com\/channel\/0029VaKfnf99hXF2ddApFB1D\" target=\"_blank\" rel=\"noopener\">notre cha\u00eene WhatsApp<\/a> et sur <a href=\"https:\/\/www.tiktok.com\/@76actu.fr?lang=fr\" target=\"_blank\" rel=\"noopener\">notre compte TikTok<\/a><\/p>\n<p class=\" wall-content\">Personnalisez votre actualit\u00e9 en ajoutant vos villes et m\u00e9dias en favori avec <a href=\"https:\/\/moncompte.actu.fr\" title=\"D\u00e9couvez Mon Actu\" rel=\"nofollow noopener\" data-trk=\"{&quot;cta&quot;:{&quot;action&quot;:&quot;https:\\\/\\\/moncompte.actu.fr&quot;,&quot;category&quot;:&quot;mon compte&quot;,&quot;from&quot;:&quot;article footer&quot;,&quot;name&quot;:&quot;Mon actu&quot;,&quot;type&quot;:&quot;cta&quot;}}\" target=\"_blank\">Mon Actu<\/a>.<\/p>\n<p>                    <script async src=\"\/\/www.tiktok.com\/embed.js\"><\/script><\/p>\n","protected":false},"excerpt":{"rendered":"Par Adrien Filoche Publi\u00e9 le 27 ao\u00fbt 2025 \u00e0 17h06 D\u00e8s la rentr\u00e9e de septembre\u00a02025, les transports de&hellip;\n","protected":false},"author":2,"featured_media":347922,"comment_status":"","ping_status":"","sticky":false,"template":"","format":"standard","meta":{"footnotes":""},"categories":[9587],"tags":[1111,11,1777,674,1011,27,9725,12,5161,25,9590,104,2803],"class_list":{"0":"post-347921","1":"post","2":"type-post","3":"status-publish","4":"format-standard","5":"has-post-thumbnail","7":"category-rouen","8":"tag-actu","9":"tag-actualites","10":"tag-eu","11":"tag-europe","12":"tag-fr","13":"tag-france","14":"tag-metropole-rouen","15":"tag-news","16":"tag-normandie","17":"tag-republique-francaise","18":"tag-rouen","19":"tag-societe","20":"tag-transport"},"share_on_mastodon":{"url":"https:\/\/pubeurope.com\/@fr\/115101531108594337","error":""},"_links":{"self":[{"href":"https:\/\/www.europesays.com\/fr\/wp-json\/wp\/v2\/posts\/347921","targetHints":{"allow":["GET"]}}],"collection":[{"href":"https:\/\/www.europesays.com\/fr\/wp-json\/wp\/v2\/posts"}],"about":[{"href":"https:\/\/www.europesays.com\/fr\/wp-json\/wp\/v2\/types\/post"}],"author":[{"embeddable":true,"href":"https:\/\/www.europesays.com\/fr\/wp-json\/wp\/v2\/users\/2"}],"replies":[{"embeddable":true,"href":"https:\/\/www.europesays.com\/fr\/wp-json\/wp\/v2\/comments?post=347921"}],"version-history":[{"count":0,"href":"https:\/\/www.europesays.com\/fr\/wp-json\/wp\/v2\/posts\/347921\/revisions"}],"wp:featuredmedia":[{"embeddable":true,"href":"https:\/\/www.europesays.com\/fr\/wp-json\/wp\/v2\/media\/347922"}],"wp:attachment":[{"href":"https:\/\/www.europesays.com\/fr\/wp-json\/wp\/v2\/media?parent=347921"}],"wp:term":[{"taxonomy":"category","embeddable":true,"href":"https:\/\/www.europesays.com\/fr\/wp-json\/wp\/v2\/categories?post=347921"},{"taxonomy":"post_tag","embeddable":true,"href":"https:\/\/www.europesays.com\/fr\/wp-json\/wp\/v2\/tags?post=347921"}],"curies":[{"name":"wp","href":"https:\/\/api.w.org\/{rel}","templated":true}]}}