{"id":347925,"date":"2025-08-27T15:53:15","date_gmt":"2025-08-27T15:53:15","guid":{"rendered":"https:\/\/www.europesays.com\/fr\/347925\/"},"modified":"2025-08-27T15:53:15","modified_gmt":"2025-08-27T15:53:15","slug":"les-douanes-font-un-gros-coup-de-filet-dans-une-entreprise-pres-de-grenoble","status":"publish","type":"post","link":"https:\/\/www.europesays.com\/fr\/347925\/","title":{"rendered":"Les douanes font un gros coup de filet dans une entreprise pr\u00e8s de Grenoble"},"content":{"rendered":"<p>            Par<br \/>\n        <strong><br \/>\n            <a href=\"https:\/\/actu.fr\/auteur\/emma-ressegaire\" title=\"Consulter tous les articles de Emma Ressegaire\" target=\"_blank\" rel=\"noopener\">Emma Ressegaire<\/a><br \/>\n        <\/strong><\/p>\n<p>        Publi\u00e9 le<\/p>\n<p>            27 ao\u00fbt 2025 \u00e0 17h31        <\/p>\n<p>C\u2019est <strong>une belle prise<\/strong> qu\u2019ont r\u00e9alis\u00e9e les agents de la brigade de surveillance int\u00e9rieure (BSI) et le bureau de douane de Grenoble. Apr\u00e8s plusieurs mois d\u2019enqu\u00eate, c\u2019est fin juillet que ces derniers ont r\u00e9alis\u00e9 <strong>la saisie de quatre tonnes de tabac<\/strong> dans les locaux d\u2019une entreprise situ\u00e9e en p\u00e9riph\u00e9rie de <a href=\"https:\/\/actu.fr\/grenoble\/\" target=\"_blank\" rel=\"noopener\">Grenoble<\/a>. <br \/>Une annonce faite par les douanes, ce mercredi 27 ao\u00fbt.\u00a0<\/p>\n<p>Une marchandise estim\u00e9e \u00e0 plusieurs centaines de milliers d\u2019euros<\/p>\n<p class=\" wall-content\">Selon les douanes, au moins \u00ab\u00a090 % des tabacs saisis \u00e9taient fumables au travers de manipulations simples \u00e0 la port\u00e9e de tout un chacun\u00a0\u00bb. Et\u00a0d\u2019apr\u00e8s eux, la quantit\u00e9 saisie repr\u00e9sente l\u2019\u00e9quivalent de<strong> \u00ab\u00a0plusieurs centaines de milliers d\u2019euros\u00a0\u00bb<\/strong> \u00e0 la revente.<\/p>\n<p class=\" wall-content\">D\u2019apr\u00e8s les premiers \u00e9l\u00e9ments de l\u2019enqu\u00eate, ce tabac \u00e9tait <strong>import\u00e9 ill\u00e9galement<\/strong> sur le territoire fran\u00e7ais depuis d\u2019autres pays de l\u2019Union europ\u00e9enne et devait \u00eatre revendu sur internet.<\/p>\n<p class=\" wall-content\">De plus, la soci\u00e9t\u00e9 qui poss\u00e9dait cette marchandise ne disposait <strong>ni du statut de fournisseur agr\u00e9\u00e9<\/strong>, ni de celui d\u2019entrepositaire agr\u00e9\u00e9.<\/p>\n<p class=\" wall-content\">Personnalisez votre actualit\u00e9 en ajoutant vos villes et m\u00e9dias en favori avec <a href=\"https:\/\/moncompte.actu.fr\" title=\"D\u00e9couvez Mon Actu\" rel=\"nofollow noopener\" data-trk=\"{&quot;cta&quot;:{&quot;action&quot;:&quot;https:\\\/\\\/moncompte.actu.fr&quot;,&quot;category&quot;:&quot;mon compte&quot;,&quot;from&quot;:&quot;article footer&quot;,&quot;name&quot;:&quot;Mon actu&quot;,&quot;type&quot;:&quot;cta&quot;}}\" target=\"_blank\">Mon Actu<\/a>.<\/p>\n","protected":false},"excerpt":{"rendered":"Par Emma Ressegaire Publi\u00e9 le 27 ao\u00fbt 2025 \u00e0 17h31 C\u2019est une belle prise qu\u2019ont r\u00e9alis\u00e9e les agents&hellip;\n","protected":false},"author":2,"featured_media":347926,"comment_status":"","ping_status":"","sticky":false,"template":"","format":"standard","meta":{"footnotes":""},"categories":[9566],"tags":[1111,11,2430,1777,674,118,1011,27,2731,12,25,6582],"class_list":{"0":"post-347925","1":"post","2":"type-post","3":"status-publish","4":"format-standard","5":"has-post-thumbnail","7":"category-grenoble","8":"tag-actu","9":"tag-actualites","10":"tag-auvergne-rhone-alpes","11":"tag-eu","12":"tag-europe","13":"tag-faits-divers","14":"tag-fr","15":"tag-france","16":"tag-grenoble","17":"tag-news","18":"tag-republique-francaise","19":"tag-tabac"},"share_on_mastodon":{"url":"https:\/\/pubeurope.com\/@fr\/115101538968089963","error":""},"_links":{"self":[{"href":"https:\/\/www.europesays.com\/fr\/wp-json\/wp\/v2\/posts\/347925","targetHints":{"allow":["GET"]}}],"collection":[{"href":"https:\/\/www.europesays.com\/fr\/wp-json\/wp\/v2\/posts"}],"about":[{"href":"https:\/\/www.europesays.com\/fr\/wp-json\/wp\/v2\/types\/post"}],"author":[{"embeddable":true,"href":"https:\/\/www.europesays.com\/fr\/wp-json\/wp\/v2\/users\/2"}],"replies":[{"embeddable":true,"href":"https:\/\/www.europesays.com\/fr\/wp-json\/wp\/v2\/comments?post=347925"}],"version-history":[{"count":0,"href":"https:\/\/www.europesays.com\/fr\/wp-json\/wp\/v2\/posts\/347925\/revisions"}],"wp:featuredmedia":[{"embeddable":true,"href":"https:\/\/www.europesays.com\/fr\/wp-json\/wp\/v2\/media\/347926"}],"wp:attachment":[{"href":"https:\/\/www.europesays.com\/fr\/wp-json\/wp\/v2\/media?parent=347925"}],"wp:term":[{"taxonomy":"category","embeddable":true,"href":"https:\/\/www.europesays.com\/fr\/wp-json\/wp\/v2\/categories?post=347925"},{"taxonomy":"post_tag","embeddable":true,"href":"https:\/\/www.europesays.com\/fr\/wp-json\/wp\/v2\/tags?post=347925"}],"curies":[{"name":"wp","href":"https:\/\/api.w.org\/{rel}","templated":true}]}}