{"id":347927,"date":"2025-08-27T15:54:18","date_gmt":"2025-08-27T15:54:18","guid":{"rendered":"https:\/\/www.europesays.com\/fr\/347927\/"},"modified":"2025-08-27T15:54:18","modified_gmt":"2025-08-27T15:54:18","slug":"polemique-a-grenoble-eric-hattab-denonce-un-discours-scandaleux-lors-dune-commemoration-de-la-rafle-de-1942","status":"publish","type":"post","link":"https:\/\/www.europesays.com\/fr\/347927\/","title":{"rendered":"Pol\u00e9mique \u00c0 Grenoble : \u00c9ric Hattab D\u00e9nonce Un Discours \u00ab\u00a0scandaleux\u00a0\u00bb Lors D\u2019une Comm\u00e9moration De La Rafle De 1942"},"content":{"rendered":"<p class=\"\" data-is=\"component-paragraph\">Sur i24NEWS, \u00c9ric Hattab est revenu sur l\u2019incident survenu \u00e0 Grenoble lors de la c\u00e9r\u00e9monie annuelle en hommage aux victimes de la rafle du 26 ao\u00fbt 1942. Selon lui, un repr\u00e9sentant de la mairie a profit\u00e9 de son discours pour \u00e9voquer la guerre \u00e0 Gaza, citer les victimes palestiniennes et d\u00e9noncer le \u00ab gouvernement d\u2019extr\u00eame-droite isra\u00e9lien \u00bb, avant d\u2019aborder la reconnaissance d\u2019un \u00c9tat palestinien.<\/p>\n<p><img alt=\"Video poster\" class=\"video-poster\" data-is=\"lazy-image\" data-observed-item-id=\"https:\/\/api.i24news.tv\/fr\/brightcove\/6377524626112\/poster\"\/>Le Crif d\u00e9nonce un \u00ab\u00a0d\u00e9tournement de la m\u00e9moire\u00a0\u00bb<\/p>\n<p class=\"\" data-is=\"component-paragraph\">Face \u00e0 ces propos, \u00c9ric Hattab a d\u00e9cid\u00e9 de quitter la c\u00e9r\u00e9monie, imm\u00e9diatement suivi par plusieurs \u00e9lues pr\u00e9sentes.<\/p>\n<p class=\"\" data-is=\"component-paragraph\">L\u2019int\u00e9ress\u00e9 affirme que la suite du discours, qu\u2019il a lue par la suite, est \u00ab encore plus grave \u00bb. Le repr\u00e9sentant municipal aurait d\u00e9clar\u00e9 : \u00ab Aucun peuple ne peut l\u00e9gitimement s\u2019\u00e9riger au-dessus des autres. C\u2019est par ce type de d\u00e9rives que commence le chemin vers les trag\u00e9dies du pass\u00e9, en premier lieu la Shoah. \u00bb\u00a0Pour \u00c9ric Hattab, cette formulation visait explicitement \u00ab le peuple juif \u00bb, ce qu\u2019il qualifie de \u00ab scandaleux \u00bb.\u00a0Il regrette \u00e9galement que l\u2019orateur ait mentionn\u00e9 les victimes civiles palestiniennes, mais pas les 1 200 Isra\u00e9liens tu\u00e9s lors de l\u2019attaque du 7 octobre, ni les otages toujours d\u00e9tenus \u00e0 Gaza. \u00ab Aucun mot, rien \u00bb, d\u00e9plore-t-il. Pour l\u2019heure, la mairie de Grenoble n\u2019a pas r\u00e9agi officiellement \u00e0 cette pol\u00e9mique.<\/p>\n","protected":false},"excerpt":{"rendered":"Sur i24NEWS, \u00c9ric Hattab est revenu sur l\u2019incident survenu \u00e0 Grenoble lors de la c\u00e9r\u00e9monie annuelle en hommage&hellip;\n","protected":false},"author":2,"featured_media":347928,"comment_status":"","ping_status":"","sticky":false,"template":"","format":"standard","meta":{"footnotes":""},"categories":[9566],"tags":[1111,11,2430,1777,674,1011,27,2731,12,25],"class_list":{"0":"post-347927","1":"post","2":"type-post","3":"status-publish","4":"format-standard","5":"has-post-thumbnail","7":"category-grenoble","8":"tag-actu","9":"tag-actualites","10":"tag-auvergne-rhone-alpes","11":"tag-eu","12":"tag-europe","13":"tag-fr","14":"tag-france","15":"tag-grenoble","16":"tag-news","17":"tag-republique-francaise"},"share_on_mastodon":{"url":"https:\/\/pubeurope.com\/@fr\/115101542921918952","error":""},"_links":{"self":[{"href":"https:\/\/www.europesays.com\/fr\/wp-json\/wp\/v2\/posts\/347927","targetHints":{"allow":["GET"]}}],"collection":[{"href":"https:\/\/www.europesays.com\/fr\/wp-json\/wp\/v2\/posts"}],"about":[{"href":"https:\/\/www.europesays.com\/fr\/wp-json\/wp\/v2\/types\/post"}],"author":[{"embeddable":true,"href":"https:\/\/www.europesays.com\/fr\/wp-json\/wp\/v2\/users\/2"}],"replies":[{"embeddable":true,"href":"https:\/\/www.europesays.com\/fr\/wp-json\/wp\/v2\/comments?post=347927"}],"version-history":[{"count":0,"href":"https:\/\/www.europesays.com\/fr\/wp-json\/wp\/v2\/posts\/347927\/revisions"}],"wp:featuredmedia":[{"embeddable":true,"href":"https:\/\/www.europesays.com\/fr\/wp-json\/wp\/v2\/media\/347928"}],"wp:attachment":[{"href":"https:\/\/www.europesays.com\/fr\/wp-json\/wp\/v2\/media?parent=347927"}],"wp:term":[{"taxonomy":"category","embeddable":true,"href":"https:\/\/www.europesays.com\/fr\/wp-json\/wp\/v2\/categories?post=347927"},{"taxonomy":"post_tag","embeddable":true,"href":"https:\/\/www.europesays.com\/fr\/wp-json\/wp\/v2\/tags?post=347927"}],"curies":[{"name":"wp","href":"https:\/\/api.w.org\/{rel}","templated":true}]}}