{"id":347929,"date":"2025-08-27T15:55:10","date_gmt":"2025-08-27T15:55:10","guid":{"rendered":"https:\/\/www.europesays.com\/fr\/347929\/"},"modified":"2025-08-27T15:55:10","modified_gmt":"2025-08-27T15:55:10","slug":"grave-accident-entre-un-camion-et-une-trottinette-un-homme-de-53-ans-est-mort","status":"publish","type":"post","link":"https:\/\/www.europesays.com\/fr\/347929\/","title":{"rendered":"grave accident entre un camion et une trottinette, un homme de 53 ans est mort"},"content":{"rendered":"<p>            Par<br \/>\n        <strong><br \/>\n            <a href=\"https:\/\/actu.fr\/auteur\/laurene-fertin\" title=\"Consulter tous les articles de Laur\u00e8ne Fertin\" rel=\"nofollow noopener\" target=\"_blank\">Laur\u00e8ne Fertin<\/a><br \/>\n        <\/strong><\/p>\n<p>        Publi\u00e9 le<\/p>\n<p>            27 ao\u00fbt 2025 \u00e0 17h27        <\/p>\n<p><strong>Un homme<\/strong>, \u00e2g\u00e9 de 53 ans, a perdu la vie ce mercredi 27 ao\u00fbt 2025.<\/p>\n<p class=\" wall-content\"><strong>Un accident<\/strong> a en effet eu lieu entre <strong>une trottinette<\/strong> et <strong>un camion<\/strong> boulevard de l\u2019Yser dans le quartier Br\u00e9quigny (non loin du Super U), confirme la police aupr\u00e8s d\u2019actu Rennes, selon une information <a href=\"https:\/\/www.ouest-france.fr\/bretagne\/rennes-35000\/une-trottinette-et-un-camion-entrent-en-collision-a-rennes-un-homme-de-50-ans-decede-986d2cd2-8353-11f0-8fe4-89fec8244e4a\" rel=\"nofollow noopener\" target=\"_blank\">de Ouest France<\/a>.\u00a0<\/p>\n<p>    <a href=\"https:\/\/www.google.com\/maps\/embed?pb=!1m18!1m12!1m3!1d3169.1661581924764!2d-1.680561484685704!3d48.092091093859246!2m3!1f0!2f0!3f0!3m2!1i1024!2i768!4f13.1!3m3!1m2!1s0x480edfc1055130c3%3A0xa90d56bdede7b8c6!2sBd%20de%20l%27Yser%2C%2035200%20Rennes!5e0!3m2!1sfr!2sfr!4v1756306783280!5m2!1sfr!2sfr\" title=\"Ouvrie le lien\" rel=\"nofollow noopener\" target=\"_blank\">Cliquez ici pour visualiser le contenu<\/a><\/p>\n<p>Une enqu\u00eate ouverte<\/p>\n<p class=\" wall-content\"><strong>Pompiers<\/strong> et <strong>Smur<\/strong> se sont d\u00e9p\u00each\u00e9s pour porter secours \u00e0 la victime, aux alentours de 13h45. Une tente blanche a \u00e9t\u00e9 d\u00e9ploy\u00e9e sur la route. L\u2019homme, <strong>en arr\u00eat cardio-respiratoire<\/strong>, est malheureusement <strong>d\u00e9c\u00e9d\u00e9. <\/strong>Sa trottinette a \u00e9t\u00e9 retrouv\u00e9e au sol.<\/p>\n<p class=\" wall-content\"><strong>\u00ab\u00a0Une enqu\u00eate<\/strong> est ouverte\u00a0\u00bb, pr\u00e9cise la police, afin de conna\u00eetre <strong>les circonstances<\/strong> de l\u2019accident.<\/p>\n<p>Pas la premi\u00e8re fois<\/p>\n<p class=\" wall-content\">Dans la m\u00e9tropole de Rennes, \u00e0 L\u2019Hermitage pr\u00e9cis\u00e9ment,<a href=\"https:\/\/actu.fr\/bretagne\/l-hermitage_35131\/accident-tragique-pres-de-rennes-un-jeune-homme-chute-de-sa-trottinette-electrique-et-perd-la-vie_62328807.html\" rel=\"nofollow noopener\" target=\"_blank\"> le 28\u00a0f\u00e9vrier dernier, <strong>un jeune homme de 22\u00a0ans <\/strong>roulant sur sa trottinette \u00e9lectrique est <strong>d\u00e9c\u00e9d\u00e9<\/strong><\/a> alors qu\u2019il conduisait l\u2019engin \u00e0 deux roues <strong>\u00e0 vive allure<\/strong>. Aucun v\u00e9hicule n\u2019a \u00e9t\u00e9 impliqu\u00e9.<\/p>\n<p class=\" wall-content\">Dans le quartier Saint-Martin, \u00e0 Rennes, peu avant 10h, le 8 novembre 2024, <a href=\"https:\/\/actu.fr\/bretagne\/rennes_35238\/rennes-percutee-en-trottinette-quartier-saint-martin-une-femme-dans-un-etat-grave_61840509.html\" rel=\"nofollow noopener\" target=\"_blank\">une femme d\u2019une soixantaine d\u2019ann\u00e9es a \u00e9t\u00e9 percut\u00e9e par une trottinette<\/a> alors qu\u2019elle promenait son chien.<\/p>\n<p>Votre r\u00e9gion, votre actu !<\/p>\n<p>Recevez chaque jour les infos qui comptent pour vous.<\/p>\n<p>\t<a href=\"https:\/\/actu.fr\/newsletter\" class=\"ac-btn ac-btn--corner ac-btn--medium ac-btn--blue800\" rel=\"nofollow noopener\" target=\"_blank\">S&rsquo;incrire<\/a><\/p>\n<p class=\" wall-content\">De la m\u00eame fa\u00e7on, le 18 juin 2024, \u00e0 Rennes, <strong>St\u00e9phanie Cadeau<\/strong>, a perdu la vie au mail Fran\u00e7ois-Mitterrand <a href=\"https:\/\/actu.fr\/bretagne\/rennes_35238\/accident-mortel-avec-une-trottinette-a-rennes-j-ai-vu-le-choc-en-direct_61263580.html\" rel=\"nofollow noopener\" target=\"_blank\">apr\u00e8s avoir \u00e9t\u00e9 <strong>percut\u00e9e par une trottinette<\/strong> qui roulait en zone pi\u00e9tonne<\/a>.<\/p>\n<p class=\" wall-content\">Personnalisez votre actualit\u00e9 en ajoutant vos villes et m\u00e9dias en favori avec <a href=\"https:\/\/moncompte.actu.fr\" title=\"D\u00e9couvez Mon Actu\" rel=\"nofollow noopener\" data-trk=\"{&quot;cta&quot;:{&quot;action&quot;:&quot;https:\\\/\\\/moncompte.actu.fr&quot;,&quot;category&quot;:&quot;mon compte&quot;,&quot;from&quot;:&quot;article footer&quot;,&quot;name&quot;:&quot;Mon actu&quot;,&quot;type&quot;:&quot;cta&quot;}}\" target=\"_blank\">Mon Actu<\/a>.<\/p>\n","protected":false},"excerpt":{"rendered":"Par Laur\u00e8ne Fertin Publi\u00e9 le 27 ao\u00fbt 2025 \u00e0 17h27 Un homme, \u00e2g\u00e9 de 53 ans, a perdu&hellip;\n","protected":false},"author":2,"featured_media":347930,"comment_status":"","ping_status":"","sticky":false,"template":"","format":"standard","meta":{"footnotes":""},"categories":[2821],"tags":[1111,11,829,1777,674,118,1011,27,12,1072,1311,584,25],"class_list":{"0":"post-347929","1":"post","2":"type-post","3":"status-publish","4":"format-standard","5":"has-post-thumbnail","7":"category-rennes","8":"tag-actu","9":"tag-actualites","10":"tag-bretagne","11":"tag-eu","12":"tag-europe","13":"tag-faits-divers","14":"tag-fr","15":"tag-france","16":"tag-news","17":"tag-police","18":"tag-pompiers","19":"tag-rennes","20":"tag-republique-francaise"},"share_on_mastodon":{"url":"https:\/\/pubeurope.com\/@fr\/115101546845111624","error":""},"_links":{"self":[{"href":"https:\/\/www.europesays.com\/fr\/wp-json\/wp\/v2\/posts\/347929","targetHints":{"allow":["GET"]}}],"collection":[{"href":"https:\/\/www.europesays.com\/fr\/wp-json\/wp\/v2\/posts"}],"about":[{"href":"https:\/\/www.europesays.com\/fr\/wp-json\/wp\/v2\/types\/post"}],"author":[{"embeddable":true,"href":"https:\/\/www.europesays.com\/fr\/wp-json\/wp\/v2\/users\/2"}],"replies":[{"embeddable":true,"href":"https:\/\/www.europesays.com\/fr\/wp-json\/wp\/v2\/comments?post=347929"}],"version-history":[{"count":0,"href":"https:\/\/www.europesays.com\/fr\/wp-json\/wp\/v2\/posts\/347929\/revisions"}],"wp:featuredmedia":[{"embeddable":true,"href":"https:\/\/www.europesays.com\/fr\/wp-json\/wp\/v2\/media\/347930"}],"wp:attachment":[{"href":"https:\/\/www.europesays.com\/fr\/wp-json\/wp\/v2\/media?parent=347929"}],"wp:term":[{"taxonomy":"category","embeddable":true,"href":"https:\/\/www.europesays.com\/fr\/wp-json\/wp\/v2\/categories?post=347929"},{"taxonomy":"post_tag","embeddable":true,"href":"https:\/\/www.europesays.com\/fr\/wp-json\/wp\/v2\/tags?post=347929"}],"curies":[{"name":"wp","href":"https:\/\/api.w.org\/{rel}","templated":true}]}}