{"id":347931,"date":"2025-08-27T15:56:11","date_gmt":"2025-08-27T15:56:11","guid":{"rendered":"https:\/\/www.europesays.com\/fr\/347931\/"},"modified":"2025-08-27T15:56:11","modified_gmt":"2025-08-27T15:56:11","slug":"a-rennes-un-homme-de-53-ans-meurt-apres-avoir-ete-percute-par-un-camion","status":"publish","type":"post","link":"https:\/\/www.europesays.com\/fr\/347931\/","title":{"rendered":"\u00e0 Rennes, un homme de 53 ans meurt apr\u00e8s avoir \u00e9t\u00e9 percut\u00e9 par un camion"},"content":{"rendered":"<p>Un homme qui roulait \u00e0 trottinette est mort apr\u00e8s une collision avec un camion, dans un quartier du Sud de Rennes. Un accident survenu en milieu d&rsquo;apr\u00e8s-midi, ce mercredi 27 ao\u00fbt.<\/p>\n<p>\n      La Quotidienne Soci\u00e9t\u00e9\n    <\/p>\n<p>\n      De la vie quotidienne aux grands enjeux, recevez tous les jours les sujets qui font la soci\u00e9t\u00e9 locale, comme la justice, l\u2019\u00e9ducation, la sant\u00e9 et la famille.\n    <\/p>\n<p>    France T\u00e9l\u00e9visions utilise votre adresse e-mail afin de vous envoyer la newsletter \u00ab\u00a0La Quotidienne Soci\u00e9t\u00e9\u00a0\u00bb. Vous pouvez vous d\u00e9sinscrire \u00e0 tout moment via le lien en bas de cette newsletter. <a target=\"_blank\" href=\"https:\/\/www.francetelevisions.fr\/groupe\/confidentialite\/politique-de-confidentialite\/politique-de-confidentialite-de-france-televisions-6503\" rel=\"nofollow noopener\">Notre politique de confidentialit\u00e9<\/a><\/p>\n<p>Il \u00e9tait 15:48 lorsque les secours ont \u00e9t\u00e9 alert\u00e9s, ce mercredi 27 ao\u00fbt 2025. Un homme de 53 ans gisait au sol, square des Hautes Chalais, dans le quartier Br\u00e9quigny, \u00e0 Rennes. L&rsquo;\u00e9quipe du Smur et une dizaine de pompiers ont trouv\u00e9 la victime en arr\u00eat cardio-respiratoire et n&rsquo;ont pu le r\u00e9animer.\u00a0\u00a0<\/p>\n<p>L&rsquo;homme serait mort sur le coup, apr\u00e8s une collision entre la trottinette qu&rsquo;il conduisait et un camion, \u00e0 proximit\u00e9 du boulevard de l&rsquo;Yser. Choqu\u00e9, le conducteur du poids lourd a \u00e9t\u00e9 pris en charge.\u00a0<\/p>\n<p>Une enqu\u00eate, confi\u00e9e \u00e0 la police, est ouverte pour d\u00e9terminer les circonstances de ce drame.<\/p>\n","protected":false},"excerpt":{"rendered":"Un homme qui roulait \u00e0 trottinette est mort apr\u00e8s une collision avec un camion, dans un quartier du&hellip;\n","protected":false},"author":2,"featured_media":347932,"comment_status":"","ping_status":"","sticky":false,"template":"","format":"standard","meta":{"footnotes":""},"categories":[2821],"tags":[1111,11,829,1777,674,1011,27,12,584,25],"class_list":{"0":"post-347931","1":"post","2":"type-post","3":"status-publish","4":"format-standard","5":"has-post-thumbnail","7":"category-rennes","8":"tag-actu","9":"tag-actualites","10":"tag-bretagne","11":"tag-eu","12":"tag-europe","13":"tag-fr","14":"tag-france","15":"tag-news","16":"tag-rennes","17":"tag-republique-francaise"},"share_on_mastodon":{"url":"https:\/\/pubeurope.com\/@fr\/115101550768124189","error":""},"_links":{"self":[{"href":"https:\/\/www.europesays.com\/fr\/wp-json\/wp\/v2\/posts\/347931","targetHints":{"allow":["GET"]}}],"collection":[{"href":"https:\/\/www.europesays.com\/fr\/wp-json\/wp\/v2\/posts"}],"about":[{"href":"https:\/\/www.europesays.com\/fr\/wp-json\/wp\/v2\/types\/post"}],"author":[{"embeddable":true,"href":"https:\/\/www.europesays.com\/fr\/wp-json\/wp\/v2\/users\/2"}],"replies":[{"embeddable":true,"href":"https:\/\/www.europesays.com\/fr\/wp-json\/wp\/v2\/comments?post=347931"}],"version-history":[{"count":0,"href":"https:\/\/www.europesays.com\/fr\/wp-json\/wp\/v2\/posts\/347931\/revisions"}],"wp:featuredmedia":[{"embeddable":true,"href":"https:\/\/www.europesays.com\/fr\/wp-json\/wp\/v2\/media\/347932"}],"wp:attachment":[{"href":"https:\/\/www.europesays.com\/fr\/wp-json\/wp\/v2\/media?parent=347931"}],"wp:term":[{"taxonomy":"category","embeddable":true,"href":"https:\/\/www.europesays.com\/fr\/wp-json\/wp\/v2\/categories?post=347931"},{"taxonomy":"post_tag","embeddable":true,"href":"https:\/\/www.europesays.com\/fr\/wp-json\/wp\/v2\/tags?post=347931"}],"curies":[{"name":"wp","href":"https:\/\/api.w.org\/{rel}","templated":true}]}}