{"id":347933,"date":"2025-08-27T15:57:10","date_gmt":"2025-08-27T15:57:10","guid":{"rendered":"https:\/\/www.europesays.com\/fr\/347933\/"},"modified":"2025-08-27T15:57:10","modified_gmt":"2025-08-27T15:57:10","slug":"strasbourg-est-la-14eme-ville-la-plus-chere-de-france-pour-les-etudiants-selon-lunef","status":"publish","type":"post","link":"https:\/\/www.europesays.com\/fr\/347933\/","title":{"rendered":"Strasbourg est la 14\u00e8me ville la plus ch\u00e8re de France pour les \u00e9tudiants selon l\u2019Unef"},"content":{"rendered":"<p style=\"margin: 0;\">mercredi 27 ao\u00fbt 2025 \u00e0 17:50<\/p>\n<p>\t<img decoding=\"async\" src=\"https:\/\/www.europesays.com\/fr\/wp-content\/uploads\/2025\/08\/15948-strasbourg-est-la-14eme-ville-la-plus-chere-de-france-pour-les-etudiants-selon-lunef_w1500.jpg\" class=\"blur\" alt=\"Strasbourg est la 14\u00e8me ville la plus ch\u00e8re de France pour les \u00e9tudiants selon l\u2019Unef\"\/><br \/>\n\t<img decoding=\"async\" src=\"https:\/\/www.europesays.com\/fr\/wp-content\/uploads\/2025\/08\/15948-strasbourg-est-la-14eme-ville-la-plus-chere-de-france-pour-les-etudiants-selon-lunef_w1500.jpg\" class=\"main\" alt=\"Strasbourg est la 14\u00e8me ville la plus ch\u00e8re de France pour les \u00e9tudiants selon l\u2019Unef\"\/><\/p>\n<p>L\u2019Union nationale des \u00e9tudiants de France a d\u00e9voil\u00e9 son classement annuel des villes o\u00f9 le co\u00fbt de la vie est le plus important pour les jeunes.<\/p>\n<p>&#13;<\/p>\n<p>Sur 47 villes, Strasbourg occupe la 14\u00e8me place. Il faut en moyenne 1261,48\u20ac par mois pour y vivre en tant qu\u2019\u00e9tudiant. Metz est 28\u00e8me dans ce classement avec 1160\u20ac\/mois. Nancy est 35\u00e8me avec 1142\u20ac\/mois. Dans les 3 cas, le co\u00fbt de la vie a augment\u00e9 de 4 \u00e0 5% en un an.<\/p>\n","protected":false},"excerpt":{"rendered":"mercredi 27 ao\u00fbt 2025 \u00e0 17:50 L\u2019Union nationale des \u00e9tudiants de France a d\u00e9voil\u00e9 son classement annuel des&hellip;\n","protected":false},"author":2,"featured_media":347934,"comment_status":"","ping_status":"","sticky":false,"template":"","format":"standard","meta":{"footnotes":""},"categories":[2820],"tags":[1111,11,1777,674,1011,27,775,12,25,640],"class_list":{"0":"post-347933","1":"post","2":"type-post","3":"status-publish","4":"format-standard","5":"has-post-thumbnail","7":"category-strasbourg","8":"tag-actu","9":"tag-actualites","10":"tag-eu","11":"tag-europe","12":"tag-fr","13":"tag-france","14":"tag-grand-est","15":"tag-news","16":"tag-republique-francaise","17":"tag-strasbourg"},"share_on_mastodon":{"url":"https:\/\/pubeurope.com\/@fr\/115101555085459935","error":""},"_links":{"self":[{"href":"https:\/\/www.europesays.com\/fr\/wp-json\/wp\/v2\/posts\/347933","targetHints":{"allow":["GET"]}}],"collection":[{"href":"https:\/\/www.europesays.com\/fr\/wp-json\/wp\/v2\/posts"}],"about":[{"href":"https:\/\/www.europesays.com\/fr\/wp-json\/wp\/v2\/types\/post"}],"author":[{"embeddable":true,"href":"https:\/\/www.europesays.com\/fr\/wp-json\/wp\/v2\/users\/2"}],"replies":[{"embeddable":true,"href":"https:\/\/www.europesays.com\/fr\/wp-json\/wp\/v2\/comments?post=347933"}],"version-history":[{"count":0,"href":"https:\/\/www.europesays.com\/fr\/wp-json\/wp\/v2\/posts\/347933\/revisions"}],"wp:featuredmedia":[{"embeddable":true,"href":"https:\/\/www.europesays.com\/fr\/wp-json\/wp\/v2\/media\/347934"}],"wp:attachment":[{"href":"https:\/\/www.europesays.com\/fr\/wp-json\/wp\/v2\/media?parent=347933"}],"wp:term":[{"taxonomy":"category","embeddable":true,"href":"https:\/\/www.europesays.com\/fr\/wp-json\/wp\/v2\/categories?post=347933"},{"taxonomy":"post_tag","embeddable":true,"href":"https:\/\/www.europesays.com\/fr\/wp-json\/wp\/v2\/tags?post=347933"}],"curies":[{"name":"wp","href":"https:\/\/api.w.org\/{rel}","templated":true}]}}