{"id":347935,"date":"2025-08-27T15:58:12","date_gmt":"2025-08-27T15:58:12","guid":{"rendered":"https:\/\/www.europesays.com\/fr\/347935\/"},"modified":"2025-08-27T15:58:12","modified_gmt":"2025-08-27T15:58:12","slug":"la-croix-rouge-aide-les-ecoliers","status":"publish","type":"post","link":"https:\/\/www.europesays.com\/fr\/347935\/","title":{"rendered":"la Croix-Rouge aide les \u00e9coliers"},"content":{"rendered":"<p>Il y a des ann\u00e9es scolaires qui d\u00e9butent bien. Et ce n\u2019est pas la Croix-Rouge de Strasbourg qui dira le contraire. \u00ab\u00a0Nous n\u2019avions pas pu organiser de distribution en 2024 faute de dons. Cette ann\u00e9e, nous avons re\u00e7u une palette pleine de <a href=\"https:\/\/www.dna.fr\/education\/2025\/08\/18\/rentree-scolaire-le-prix-des-fournitures-en-baisse-une-premiere-depuis-plusieurs-annees\" target=\"_blank\" rel=\"nofollow noopener\">fournitures scolaires<\/a> de la part de Carrefour Mundolsheim\u00a0\u00bb, remercie chaleureusement Chr\u00e9tien Temgoua Dongmo, pr\u00e9sident de l\u2019association.<\/p>\n<p>Une centaine de familles de l\u2019Eurom\u00e9tropole ont ainsi pu profiter de cette initiative solidaire samedi 23 ao\u00fbt, un soulagement pour bon nombre d\u2019entre elles. \u00ab\u00a0 <a href=\"https:\/\/www.dna.fr\/education\/2025\/08\/08\/le-secours-populaire-et-caritas-aident-les-familles-precaires-pour-les-fournitures-scolaires\" target=\"_blank\" rel=\"nofollow noopener\">La rentr\u00e9e scolaire est un grand poste de d\u00e9penses<\/a> , malgr\u00e9 les aides financi\u00e8res. L\u2019argent \u00e9conomis\u00e9 permettra de payer la cantine, la carte de transport ou les loisirs\u2026\u00a0\u00bb, s\u2019\u00e9meut une m\u00e8re de famille, les larmes aux yeux.<\/p>\n<p>  Une distribution ouverte \u00e0 tous<\/p>\n<p>Cette distribution a \u00e9t\u00e9 ouverte \u00e0 tous, personnes accompagn\u00e9es et habitu\u00e9es de la Croix-Rouge, personnes venues pour la premi\u00e8re fois, mais aussi de tous les \u00e2ges, de la maternelle aux \u00e9tudes sup\u00e9rieures\u2026 voire certains parents. \u00ab\u00a0Ici, il y a une neutralit\u00e9 et une impartialit\u00e9. Quand on donne \u00e0 une personne, alors on donne \u00e0 tous\u00a0\u00bb, insiste le bienveillant pr\u00e9sident. <\/p>\n<p>Il rappelle que cette action poursuit un double objectif\u00a0: r\u00e9duire les in\u00e9galit\u00e9s scolaires en apportant un soutien mat\u00e9riel concret aux enfants de familles fragilis\u00e9es et valoriser l\u2019engagement b\u00e9n\u00e9vole en incluant \u00e9galement les proches des volontaires. Une op\u00e9ration qui illustre pleinement les valeurs de la Croix-Rouge et la devise du bureau local\u00a0: \u00ab\u00a0Ensemble, nous construisons un avenir plus solidaire.\u00bb<\/p>\n<p>La Croix-Rouge est toujours \u00e0 la recherche de b\u00e9n\u00e9voles pour diverses missions, ainsi que de dons. N\u2019h\u00e9sitez pas \u00e0 vous manifester pour leur permettre une distribution de fournitures scolaires pour la rentr\u00e9e scolaire 2026.<\/p>\n","protected":false},"excerpt":{"rendered":"Il y a des ann\u00e9es scolaires qui d\u00e9butent bien. Et ce n\u2019est pas la Croix-Rouge de Strasbourg qui&hellip;\n","protected":false},"author":2,"featured_media":347936,"comment_status":"","ping_status":"","sticky":false,"template":"","format":"standard","meta":{"footnotes":""},"categories":[2820],"tags":[1111,11,2880,1057,1777,674,107,1011,27,775,12,25,801,104,640,2879,1631],"class_list":{"0":"post-347935","1":"post","2":"type-post","3":"status-publish","4":"format-standard","5":"has-post-thumbnail","7":"category-strasbourg","8":"tag-actu","9":"tag-actualites","10":"tag-edition-strasbourg","11":"tag-education","12":"tag-eu","13":"tag-europe","14":"tag-fil-info","15":"tag-fr","16":"tag-france","17":"tag-grand-est","18":"tag-news","19":"tag-republique-francaise","20":"tag-social","21":"tag-societe","22":"tag-strasbourg","23":"tag-strasbourg-ville","24":"tag-vie-associative"},"share_on_mastodon":{"url":"https:\/\/pubeurope.com\/@fr\/115101558641964851","error":""},"_links":{"self":[{"href":"https:\/\/www.europesays.com\/fr\/wp-json\/wp\/v2\/posts\/347935","targetHints":{"allow":["GET"]}}],"collection":[{"href":"https:\/\/www.europesays.com\/fr\/wp-json\/wp\/v2\/posts"}],"about":[{"href":"https:\/\/www.europesays.com\/fr\/wp-json\/wp\/v2\/types\/post"}],"author":[{"embeddable":true,"href":"https:\/\/www.europesays.com\/fr\/wp-json\/wp\/v2\/users\/2"}],"replies":[{"embeddable":true,"href":"https:\/\/www.europesays.com\/fr\/wp-json\/wp\/v2\/comments?post=347935"}],"version-history":[{"count":0,"href":"https:\/\/www.europesays.com\/fr\/wp-json\/wp\/v2\/posts\/347935\/revisions"}],"wp:featuredmedia":[{"embeddable":true,"href":"https:\/\/www.europesays.com\/fr\/wp-json\/wp\/v2\/media\/347936"}],"wp:attachment":[{"href":"https:\/\/www.europesays.com\/fr\/wp-json\/wp\/v2\/media?parent=347935"}],"wp:term":[{"taxonomy":"category","embeddable":true,"href":"https:\/\/www.europesays.com\/fr\/wp-json\/wp\/v2\/categories?post=347935"},{"taxonomy":"post_tag","embeddable":true,"href":"https:\/\/www.europesays.com\/fr\/wp-json\/wp\/v2\/tags?post=347935"}],"curies":[{"name":"wp","href":"https:\/\/api.w.org\/{rel}","templated":true}]}}