{"id":347937,"date":"2025-08-27T15:59:15","date_gmt":"2025-08-27T15:59:15","guid":{"rendered":"https:\/\/www.europesays.com\/fr\/347937\/"},"modified":"2025-08-27T15:59:15","modified_gmt":"2025-08-27T15:59:15","slug":"eric-ciotti-annonce-sa-candidature-a-la-mairie-de-nice","status":"publish","type":"post","link":"https:\/\/www.europesays.com\/fr\/347937\/","title":{"rendered":"Eric Ciotti annonce sa candidature \u00e0 la mairie de Nice"},"content":{"rendered":"<p>                          <img loading=\"lazy\" decoding=\"async\" src=\"https:\/\/www.europesays.com\/fr\/wp-content\/uploads\/2025\/08\/094237a_ftp-import-images-1-c8e8pu3rxumw-5242263-01-06.jpg\" alt=\"Eric Ciotti au Sommet des libert\u00e9s, au Casino de Paris, le 24\u00a0juin\u00a02025.\"   width=\"664\" height=\"443\"\/>    Eric Ciotti au Sommet des libert\u00e9s, au Casino de Paris, le 24\u00a0juin\u00a02025.  JULIE SEBADELHA \/ AFP                        <\/p>\n<p class=\"article__paragraph  \">\u00ab\u00a0C\u2019est avec beaucoup d\u2019\u00e9motion (\u2026) que je veux faire part aux Ni\u00e7ois et aux Ni\u00e7oises, et vous faire part de fa\u00e7on g\u00e9n\u00e9rale, de ma candidature pour devenir maire de Nice\u00a0\u00bb, a d\u00e9clar\u00e9 le pr\u00e9sident de l\u2019Union des droites pour la R\u00e9publique (UDR), Eric Ciotti, mercredi 27\u00a0ao\u00fbt <a href=\"https:\/\/www.tf1info.fr\/politique\/eric-ciotti-annonce-sur-tf1-etre-candidat-a-la-mairie-de-nice-en-2026-elections-municipales-2391043.html\" target=\"_blank\" rel=\"noopener nofollow\" title=\"Nouvelle fen\u00eatre\">au journal t\u00e9l\u00e9vis\u00e9 de TF1<\/a>. L\u2019ex-patron des R\u00e9publicains (LR), ralli\u00e9 au Rassemblement national (RN), ambitionne ainsi de d\u00e9loger son ex-mentor devenu rival, Christian Estrosi.<\/p>\n<p class=\"article__paragraph  \">\u00ab\u00a0Ce que je souhaite, c\u2019est offrir une nouvelle esp\u00e9rance aux Ni\u00e7oises et aux Ni\u00e7ois\u00a0\u00bb, a d\u00e9clar\u00e9 M.\u00a0Ciotti, attaquant le bilan de M.\u00a0Estrosi, \u00ab\u00a0\u00e9lu au conseil municipal depuis quatre d\u00e9cennies\u00a0\u00bb et qui a \u00ab\u00a0d\u00e9riv\u00e9\u00a0\u00bb selon lui.<\/p>\n<p>                  \u00ab\u00a0Mauvaise gestion\u00a0\u00bb                  <\/p>\n<p class=\"article__paragraph  \">M.\u00a0Ciotti a dit vouloir \u00ab\u00a0rassembler (\u2026) pour donner une nouvelle perspective\u00a0\u00bb \u00e0 la ville qui, d\u2019apr\u00e8s lui, \u00ab\u00a0souffre d\u2019ins\u00e9curit\u00e9\u00a0\u00bb et d\u2019une \u00ab\u00a0situation financi\u00e8re extr\u00eamement d\u00e9grad\u00e9e avec plus de 3\u00a0milliards d\u2019euros de dette, avec des imp\u00f4ts qui ont massivement augment\u00e9\u00a0\u00bb. Il a pr\u00e9cis\u00e9 vouloir \u00ab\u00a0effacer l\u2019augmentation de 25\u00a0% des imp\u00f4ts que Christian Estrosi, du fait d\u2019une mauvaise gestion, a mise en \u0153uvre l\u2019ann\u00e9e derni\u00e8re\u00a0\u00bb.<\/p>\n<p class=\"article__paragraph  \">Le patron de l\u2019UDR a aussi dit vouloir \u00ab\u00a0plus d\u2019attention pour [les] familles, pour [les] jeunes\u00a0\u00bb, propos\u00e9 que les \u00e9coles b\u00e9n\u00e9ficient de la climatisation et \u00ab\u00a0que [les] a\u00een\u00e9s b\u00e9n\u00e9ficient de structures qui prennent en charge leurs difficult\u00e9s\u00a0\u00bb.<\/p>\n<p class=\"article__paragraph  \">Quant \u00e0 la situation nationale, \u00ab\u00a0quand il y a une crise politique (\u2026), il faut redonner la parole au peuple\u00a0\u00bb, a d\u00e9clar\u00e9 le d\u00e9put\u00e9. \u00ab\u00a0Le 8\u00a0septembre prochain, je ne donnerai pas ma confiance \u00e0 Fran\u00e7ois Bayrou\u00a0\u00bb, a-t-il annonc\u00e9, pr\u00e9cisant\u00a0: \u00ab\u00a0Pas simplement pour les questions budg\u00e9taires\u00a0\u00bb, mais aussi \u00ab\u00a0pour l\u2019ensemble de son \u0153uvre\u00a0\u00bb.<\/p>\n<p class=\"article__paragraph  \">\u00ab\u00a0Tout mon soutien \u00e0 Eric Ciotti\u00a0\u00bb, a comment\u00e9 sur X le pr\u00e9sident du RN, Jordan Bardella, ajoutant\u00a0: \u00ab\u00a0Il conna\u00eet parfaitement sa ville, il aime ses habitants\u00a0: il est le mieux plac\u00e9 pour apporter \u00e0 la ville de Nice le renouveau dont elle a besoin.\u00a0\u00bb<\/p>\n<p>                  \u00ab\u00a0Adversaire comme les autres\u00a0\u00bb                  <\/p>\n<p class=\"article__paragraph  \">Christian Estrosi, lui aussi ex-LR et d\u00e9sormais proche d\u2019Edouard Philippe, avait \u00e9t\u00e9 r\u00e9\u00e9lu pour un troisi\u00e8me mandat en\u00a02020 avec pr\u00e8s de 60\u00a0% des voix au second tour. Mardi, <a href=\"https:\/\/www.sudradio.fr\/emission\/le-petit-dejeuner-politique-sudradio-486\" target=\"_blank\" rel=\"noopener nofollow\" title=\"Nouvelle fen\u00eatre\">sur Sud Radio<\/a>, interrog\u00e9 au sujet d\u2019Eric Ciotti, il a balay\u00e9\u00a0: c\u2019est pour lui \u00ab\u00a0un adversaire comme les autres\u00a0\u00bb.<\/p>\n<p> Newsletter  <\/p>\n<p> <a href=\"https:\/\/www.lemonde.fr\/newsletters\/politique\/\" class=\"inread__link js-services-inread-link\" target=\"_blank\" rel=\"nofollow noopener\">  <\/p>\n<p>\u00ab Politique \u00bb<\/p>\n<p>Chaque semaine, \u00ab Le Monde \u00bb analyse pour vous les enjeux de l&rsquo;actualit\u00e9 politique<\/p>\n<p>S&rsquo;inscrire<\/p>\n<p> <\/a>             <\/p>\n<p class=\"article__paragraph  \">Les deux sont des enfants du pays. Apr\u00e8s une carri\u00e8re de champion de moto, Christian Estrosi a \u00e9t\u00e9 \u00e0 la t\u00eate de la r\u00e9gion Provence-Alpe-C\u00f4te d\u2019Azur, d\u00e9put\u00e9, ministre de Fran\u00e7ois Fillon ou de Dominique de\u00a0Villepin. Avec son ami Renaud Muselier, actuel pr\u00e9sident de la r\u00e9gion, il se pr\u00e9sente comme un rempart au RN.<\/p>\n<p class=\"article__paragraph  \">Eric Ciotti a, lui, commenc\u00e9 par \u00eatre attach\u00e9 parlementaire du jeune d\u00e9put\u00e9 Estrosi, avec qui il finira par se brouiller. Jamais maire ni ministre, il deviendra d\u00e9put\u00e9, prendra la t\u00eate des Alpes-Maritimes et surtout celle du parti Les R\u00e9publicains, avant un divorce fracassant. Il aura a \u00e9t\u00e9 le premier chef du parti gaulliste \u00e0 rompre le cordon sanitaire avec l\u2019extr\u00eame droite, en s\u2019alliant \u00e0 Marine Le\u00a0Pen apr\u00e8s la dissolution de l\u2019Assembl\u00e9e nationale en juin\u00a02024.<\/p>\n<p>                                     Lire aussi |  Article r\u00e9serv\u00e9 \u00e0 nos abonn\u00e9s  <a href=\"https:\/\/www.lemonde.fr\/politique\/article\/2025\/06\/28\/l-udr-peine-a-trouver-sa-place-au-cote-du-rassemblement-national_6616273_823448.html\" class=\"js-article-read-also catcher--favoris__link\" data-premium=\"1\" id=\"article-title-3429115\" rel=\"nofollow noopener\" target=\"_blank\">L\u2019UDR peine \u00e0 trouver sa place au c\u00f4t\u00e9 du RN<\/a>    <\/p>\n<p>   Lire plus tard  <\/p>\n<p class=\"article__paragraph  \">La confrontation entre MM.\u00a0Ciotti et Estrosi s\u2019annonce rude, \u00e0 moins que la justice rattrape l\u2019un ou l\u2019autre\u00a0: les noms des deux rivaux apparaissent dans plusieurs enqu\u00eates, sans qu\u2019aucun des deux ne soit poursuivi \u00e0 ce stade. Eric Ciotti est notamment cit\u00e9 dans une enqu\u00eate pr\u00e9liminaire pour d\u00e9tournement de fonds publics, ouverte en mai autour de soup\u00e7ons de cumuls d\u2019emplois au conseil d\u00e9partemental des Alpes-Maritimes.<\/p>\n<p class=\"article__paragraph  \">Christian Estrosi a, lui, \u00e9t\u00e9 plac\u00e9 en garde \u00e0 vue au d\u00e9but de l\u2019\u00e9t\u00e9 dans une enqu\u00eate sur l\u2019organisation de plusieurs \u00e9v\u00e9nements \u00e0 Nice. D\u2019autres enqu\u00eates sont en cours, portant notamment sur la reconstruction apr\u00e8s la temp\u00eate Alex ou sur les conditions de s\u00e9curisation de la promenade des Anglais le soir de l\u2019attentat du 14\u00a0juillet\u00a02016.<\/p>\n<p class=\"author__detail\">  Le Monde avec AFP  <\/p>\n","protected":false},"excerpt":{"rendered":"Eric Ciotti au Sommet des libert\u00e9s, au Casino de Paris, le 24\u00a0juin\u00a02025. JULIE SEBADELHA \/ AFP \u00ab\u00a0C\u2019est avec&hellip;\n","protected":false},"author":2,"featured_media":347938,"comment_status":"","ping_status":"","sticky":false,"template":"","format":"standard","meta":{"footnotes":""},"categories":[2819],"tags":[1111,11,1777,674,1011,27,12,2401,882,25],"class_list":{"0":"post-347937","1":"post","2":"type-post","3":"status-publish","4":"format-standard","5":"has-post-thumbnail","7":"category-nice","8":"tag-actu","9":"tag-actualites","10":"tag-eu","11":"tag-europe","12":"tag-fr","13":"tag-france","14":"tag-news","15":"tag-nice","16":"tag-provence-alpes-cote-dazur","17":"tag-republique-francaise"},"share_on_mastodon":{"url":"https:\/\/pubeurope.com\/@fr\/115101562569709263","error":""},"_links":{"self":[{"href":"https:\/\/www.europesays.com\/fr\/wp-json\/wp\/v2\/posts\/347937","targetHints":{"allow":["GET"]}}],"collection":[{"href":"https:\/\/www.europesays.com\/fr\/wp-json\/wp\/v2\/posts"}],"about":[{"href":"https:\/\/www.europesays.com\/fr\/wp-json\/wp\/v2\/types\/post"}],"author":[{"embeddable":true,"href":"https:\/\/www.europesays.com\/fr\/wp-json\/wp\/v2\/users\/2"}],"replies":[{"embeddable":true,"href":"https:\/\/www.europesays.com\/fr\/wp-json\/wp\/v2\/comments?post=347937"}],"version-history":[{"count":0,"href":"https:\/\/www.europesays.com\/fr\/wp-json\/wp\/v2\/posts\/347937\/revisions"}],"wp:featuredmedia":[{"embeddable":true,"href":"https:\/\/www.europesays.com\/fr\/wp-json\/wp\/v2\/media\/347938"}],"wp:attachment":[{"href":"https:\/\/www.europesays.com\/fr\/wp-json\/wp\/v2\/media?parent=347937"}],"wp:term":[{"taxonomy":"category","embeddable":true,"href":"https:\/\/www.europesays.com\/fr\/wp-json\/wp\/v2\/categories?post=347937"},{"taxonomy":"post_tag","embeddable":true,"href":"https:\/\/www.europesays.com\/fr\/wp-json\/wp\/v2\/tags?post=347937"}],"curies":[{"name":"wp","href":"https:\/\/api.w.org\/{rel}","templated":true}]}}