{"id":347941,"date":"2025-08-27T16:01:11","date_gmt":"2025-08-27T16:01:11","guid":{"rendered":"https:\/\/www.europesays.com\/fr\/347941\/"},"modified":"2025-08-27T16:01:11","modified_gmt":"2025-08-27T16:01:11","slug":"plus-de-20-000-enfants-vont-faire-leur-rentree-dans-les-ecoles-publiques","status":"publish","type":"post","link":"https:\/\/www.europesays.com\/fr\/347941\/","title":{"rendered":"plus de 20 000 enfants vont faire leur rentr\u00e9e dans les \u00e9coles publiques"},"content":{"rendered":"<p>            Par<br \/>\n        <strong><br \/>\n            <a href=\"https:\/\/actu.fr\/auteur\/laure-gentil\" title=\"Consulter tous les articles de Laure Gentil\" target=\"_blank\" rel=\"noopener\">Laure Gentil<\/a><br \/>\n        <\/strong><\/p>\n<p>        Publi\u00e9 le<\/p>\n<p>            27 ao\u00fbt 2025 \u00e0 17h41        <\/p>\n<p>La semaine prochaine c\u2019est la rentr\u00e9e. Aussi, ce mercredi 27\u00a0ao\u00fbt,<a href=\"https:\/\/actu.fr\/pays-de-la-loire\/nantes_44109\/je-ne-mache-pas-mes-mots-portrait-de-johanna-rolland-premiere-femme-maire-de-nantes_62902956.html\" target=\"_blank\" rel=\"noopener\"> la maire de Nantes, Johanna Rolland<\/a>, et ses adjointes <strong>Ghislaine Rodriguez<\/strong> et <strong>Marl\u00e8ne Collineau<\/strong>, ont fait le point sur l\u2019avanc\u00e9e des travaux dans les \u00e9coles publiques de la cit\u00e9 des ducs de Bretagne ainsi que sur les objectifs fix\u00e9s pour l\u2019ann\u00e9e scolaire qui s\u2019annonce.<\/p>\n<p class=\" wall-content\">En tout, ce<strong> lundi 1er\u00a0septembre<\/strong>, ce sont \u00ab\u200920\u2009300 petites Nantaises et petits Nantais qui vont franchir les portes de l\u2019une des 142 \u00e9coles publiques\u2009\u00bb de la ville, dont 3\u2009000 nouveaux \u00e9l\u00e8ves, comme le rappelle Johanna Rolland.<\/p>\n<blockquote class=\"ac-article-quote wall-content\">\n<p>En 2025, l&rsquo;\u00e9ducation demeure notre priorit\u00e9. C&rsquo;est le premier budget de la ville de Nantes.<\/p>\n<p>    <strong>Johanna Rolland<\/strong><br \/>\n        Maire de Nantes    <\/p><\/blockquote>\n<p class=\" wall-content\">\u00ab\u2009Depuis 2017, nous avons engag\u00e9 279\u00a0millions d\u2019euros pour la cr\u00e9ation de 12 nouvelles \u00e9coles, la transformation de 39 \u00e9tablissements\u2009\u00bb, a-t-elle aussi pr\u00e9cis\u00e9. De plus, comme chaque \u00e9t\u00e9, des \u00e9coles ont pu profiter de \u00ab\u2009travaux d\u2019entretien et d\u2019am\u00e9lioration\u2009\u00bb. Cette ann\u00e9e, ce sont 95 \u00e9coles qui sont concern\u00e9es \u00ab\u2009pour un montant total de 4,6\u00a0millions d\u2019euros\u2009\u00bb.<\/p>\n<p>Le service de sant\u00e9 scolaire<\/p>\n<p class=\" wall-content\">Pour cette rentr\u00e9e, l\u2019un des sujets centraux pour la ville est celui de la sant\u00e9 et notamment celui de la sant\u00e9 mentale. Nantes est l\u2019une des <strong>onze villes de France<\/strong> \u00ab\u2009\u00e0 assurer en propre, pour le compte de l\u2019\u00c9tat, un service sant\u00e9 scolaire,\u2009\u00bb a soulign\u00e9 Johanna Rolland. Un point sur lequel a aussi insist\u00e9 son adjointe \u00e0 la sant\u00e9, Marl\u00e8ne Collineau, qui n\u2019a pas manqu\u00e9 de reprocher le manque de moyens donn\u00e9s par l\u2019\u00c9tat \u00e0 ce service.<\/p>\n<blockquote class=\"ac-article-quote wall-content\">\n<p>Deux millions d&rsquo;euros, c&rsquo;est le co\u00fbt du service de sant\u00e9 scolaire pour la ville de Nantes. Et 85 000 euros, c&rsquo;est la subvention de l&rsquo;\u00e9ducation nationale pour effectuer ce service.<\/p>\n<p>    <strong>Marl\u00e8ne Collineau<\/strong><br \/>\n        Adjointe \u00e0 la sant\u00e9     <\/p><\/blockquote>\n<p class=\" wall-content\">Ce budget annuel de<strong> deux millions d\u2019euros<\/strong> permet de financer \u00ab\u2009les postes de l\u2019\u00e9quipe pluridisciplinaire, compos\u00e9e de 14 m\u00e9decins, 17 infirmiers et 11 assistants sociaux scolaires\u2009\u00bb selon la Ville de Nantes.<\/p>\n<p>Votre r\u00e9gion, votre actu !<\/p>\n<p>Recevez chaque jour les infos qui comptent pour vous.<\/p>\n<p>\t<a href=\"https:\/\/actu.fr\/newsletter\" class=\"ac-btn ac-btn--corner ac-btn--medium ac-btn--blue800\" target=\"_blank\" rel=\"noopener\">S&rsquo;incrire<\/a><\/p>\n<p class=\" wall-content\">Ce service contribue aussi \u00e0 multiplier par deux \u00ab\u2009le passage de l\u2019ensemble des enfants devant une infirmi\u00e8re ou un m\u00e9decin scolaire pour rep\u00e9rer des probl\u00e8mes de sant\u00e9,\u2009\u00bb a d\u00e9clar\u00e9 Marl\u00e8ne Collineau. \u00ab\u2009Nous devons aussi, en lien avec l\u2019\u00c9ducation nationale, dans les missions obligatoires, cr\u00e9er un parcours de sant\u00e9 et mettre en place des actions d\u2019\u00e9ducation \u00e0 la sant\u00e9 sur des sujets qui sont des sujets vari\u00e9s, l\u2019hygi\u00e8ne, le sommeil, l\u2019\u00e9lectricit\u00e9, les \u00e9crans, un sujet qui est devenu majeur aujourd\u2019hui.\u2009\u00bb<\/p>\n<p>Des travaux achev\u00e9s et d\u2019autres en cours<\/p>\n<p class=\" wall-content\">Et qu\u2019en est-il des travaux dans les \u00e9coles nantaises\u2009? En 2025, quatre chantiers se sont achev\u00e9s ou sont en train de l\u2019\u00eatre. Au total, la Ville de Nantes a investi environ 279\u00a0millions d\u2019euros dans l\u2019agrandissement et la <strong>r\u00e9novation de 39 \u00e9coles<\/strong> et la<strong> construction de 12 nouvelles, entre\u00a02017 et\u00a02026.<\/strong><\/p>\n<blockquote class=\"ac-article-quote wall-content\">\n<p>Les travaux \u00e0 l&rsquo;\u00e9cole Mutualit\u00e9 se sont achev\u00e9s en d\u00e9but d&rsquo;ann\u00e9e. L&rsquo;\u00e9cole des R\u00e9formes est devenue une \u00e9cole maternelle, Champenois accueillera pour sa part, d\u00e8s le 1er septembre, les enfants dans de meilleures conditions apr\u00e8s un an de travaux qui ont n\u00e9cessit\u00e9 un d\u00e9m\u00e9nagement. D\u00e9but 2026, c&rsquo;est la nouvelle \u00e9cole primaire Jos\u00e9phine Baker qui accueillera, elle, 400 enfants sur l&rsquo;\u00eele de Nantes.<\/p>\n<p>    <strong>Johanna Rolland<\/strong><br \/>\n        Maire de Nantes    <\/p><\/blockquote>\n<p class=\" wall-content\">Ces r\u00e9novations sont aussi l\u2019occasion pour la maire et sa majorit\u00e9 de continuer la \u00ab<a href=\"https:\/\/actu.fr\/pays-de-la-loire\/nantes_44109\/cantines-arbres-plantes-les-ecoles-de-nantes-font-la-transition-ecologique_61536338.html\" target=\"_blank\" rel=\"noopener\">\u2009bifurcation \u00e9cologique<\/a>\u2009\u00bb. \u00ab\u2009Nous poursuivons la transformation de nos cours d\u2019\u00e9coles en les adaptant au d\u00e9r\u00e8glement climatique, en remettant la nature au c\u0153ur du quotidien\u2009\u00bb, explique Ghislaine Rodriguez, adjointe \u00e0 l\u2019\u00e9ducation.<\/p>\n<p>    <img   decoding=\"async\" loading=\"lazy\" src=\"https:\/\/www.europesays.com\/fr\/wp-content\/uploads\/2025\/08\/johanna-rolland-nantes-960x640.jpeg\" alt=\"La maire de Nantes Johanna Rolland, et ses adjointes Ghislaine Rodriguez et Marl\u00e8ne Collineau.\" width=\"960\" height=\"640\"\/><br \/>\n    La maire de Nantes Johanna Rolland, et ses adjointes Ghislaine Rodriguez et Marl\u00e8ne Collineau. (\u00a9Laure Gentil \/ actu Nantes)<\/p>\n<p class=\" wall-content\">15 \u00e9coles et groupes scolaires ont ainsi \u00e9t\u00e9 \u00e9quip\u00e9s de<strong> panneaux photovolta\u00efques<\/strong> install\u00e9s sur les toits (2\u2009015 m\u00b2) et 20 \u00e9coles et groupes scolaires sont dot\u00e9s de<strong> toitures v\u00e9g\u00e9talis\u00e9es.<\/strong><\/p>\n<p class=\" wall-content\">Les <a href=\"https:\/\/actu.fr\/pays-de-la-loire\/nantes_44109\/nantes-les-creches-se-debarrassent-de-leur-pelouse-synthetique-pour-des-jardins_61305721.html\" target=\"_blank\" rel=\"noopener\">cours d\u2019\u00e9coles sont \u00e9galement pass\u00e9es au vert<\/a> avec 419 arbres\u00a0plant\u00e9s dans les cours d\u2019\u00e9cole et 16\u2009416 m\u00b2 de cours d\u00e9bitum\u00e9s depuis le d\u00e9but du mandat.<\/p>\n<p class=\" wall-content\">Personnalisez votre actualit\u00e9 en ajoutant vos villes et m\u00e9dias en favori avec <a href=\"https:\/\/moncompte.actu.fr\" title=\"D\u00e9couvez Mon Actu\" rel=\"nofollow noopener\" data-trk=\"{&quot;cta&quot;:{&quot;action&quot;:&quot;https:\\\/\\\/moncompte.actu.fr&quot;,&quot;category&quot;:&quot;mon compte&quot;,&quot;from&quot;:&quot;article footer&quot;,&quot;name&quot;:&quot;Mon actu&quot;,&quot;type&quot;:&quot;cta&quot;}}\" target=\"_blank\">Mon Actu<\/a>.<\/p>\n","protected":false},"excerpt":{"rendered":"Par Laure Gentil Publi\u00e9 le 27 ao\u00fbt 2025 \u00e0 17h41 La semaine prochaine c\u2019est la rentr\u00e9e. Aussi, ce&hellip;\n","protected":false},"author":2,"featured_media":347942,"comment_status":"","ping_status":"","sticky":false,"template":"","format":"standard","meta":{"footnotes":""},"categories":[2818],"tags":[1111,11,1057,1777,674,1011,27,6945,766,12,2636,10918,25,104],"class_list":{"0":"post-347941","1":"post","2":"type-post","3":"status-publish","4":"format-standard","5":"has-post-thumbnail","7":"category-nantes","8":"tag-actu","9":"tag-actualites","10":"tag-education","11":"tag-eu","12":"tag-europe","13":"tag-fr","14":"tag-france","15":"tag-johanna-rolland","16":"tag-nantes","17":"tag-news","18":"tag-pays-de-la-loire","19":"tag-rentree-scolaire","20":"tag-republique-francaise","21":"tag-societe"},"share_on_mastodon":{"url":"https:\/\/pubeurope.com\/@fr\/115101570434092632","error":""},"_links":{"self":[{"href":"https:\/\/www.europesays.com\/fr\/wp-json\/wp\/v2\/posts\/347941","targetHints":{"allow":["GET"]}}],"collection":[{"href":"https:\/\/www.europesays.com\/fr\/wp-json\/wp\/v2\/posts"}],"about":[{"href":"https:\/\/www.europesays.com\/fr\/wp-json\/wp\/v2\/types\/post"}],"author":[{"embeddable":true,"href":"https:\/\/www.europesays.com\/fr\/wp-json\/wp\/v2\/users\/2"}],"replies":[{"embeddable":true,"href":"https:\/\/www.europesays.com\/fr\/wp-json\/wp\/v2\/comments?post=347941"}],"version-history":[{"count":0,"href":"https:\/\/www.europesays.com\/fr\/wp-json\/wp\/v2\/posts\/347941\/revisions"}],"wp:featuredmedia":[{"embeddable":true,"href":"https:\/\/www.europesays.com\/fr\/wp-json\/wp\/v2\/media\/347942"}],"wp:attachment":[{"href":"https:\/\/www.europesays.com\/fr\/wp-json\/wp\/v2\/media?parent=347941"}],"wp:term":[{"taxonomy":"category","embeddable":true,"href":"https:\/\/www.europesays.com\/fr\/wp-json\/wp\/v2\/categories?post=347941"},{"taxonomy":"post_tag","embeddable":true,"href":"https:\/\/www.europesays.com\/fr\/wp-json\/wp\/v2\/tags?post=347941"}],"curies":[{"name":"wp","href":"https:\/\/api.w.org\/{rel}","templated":true}]}}