{"id":347943,"date":"2025-08-27T16:02:11","date_gmt":"2025-08-27T16:02:11","guid":{"rendered":"https:\/\/www.europesays.com\/fr\/347943\/"},"modified":"2025-08-27T16:02:11","modified_gmt":"2025-08-27T16:02:11","slug":"pres-de-nantes-des-blablabancs-pour-recreer-du-lien-entre-les-habitants","status":"publish","type":"post","link":"https:\/\/www.europesays.com\/fr\/347943\/","title":{"rendered":"pr\u00e8s de Nantes, des \u00ab\u00a0blablabancs\u00a0\u00bb pour recr\u00e9er du lien entre les habitants"},"content":{"rendered":"<p class=\"article-p mdl\">En cette p\u00e9riode de temp\u00eate politique, une initiative formidable. Le \u00ab\u00a0blablabanc\u00a0\u00bb, install\u00e9 \u00e0 Orvault, pr\u00e8s de Nantes (Loire-Atlantique), sert \u00e0 recr\u00e9er du lien et \u00e0 favoriser le dialogue entre habitants. Le principe est simple : si vous vous asseyez sur ce banc, c&rsquo;est le signe que vous \u00eates pr\u00eats \u00e0 discuter.\u00a0<\/p>\n<p class=\"article-p mdl\">C&rsquo;est un banc avec juste une pancarte qui indique le principe. Au bout de dix minutes seulement, Louisette, 85 ans, et Claudine, 64 ans, s&rsquo;asseoient pour <strong>\u00e9changer quelques mots<\/strong>. Elles prennent place sur ce banc <strong>tous les jours<\/strong>. \u00ab\u00a0Le banc, c&rsquo;est la convivialit\u00e9, on s&rsquo;installe, on discute, je suis super heureuse\u00a0\u00bb, a affirm\u00e9 l&rsquo;une d&rsquo;entre elles.<\/p>\n<p class=\"article-p mdl\">Des \u00e9changes qui ont \u00e9galement du bien \u00e0 Joe, 85 ans. Adepte du \u00ab\u00a0blablabanc\u00a0\u00bb, c&rsquo;est un <strong>rem\u00e8de contre sa solitude<\/strong>. \u00ab\u00a0C&rsquo;est un banc de rapprochement, d&rsquo;amiti\u00e9, on peut le partager avec des personnes qui peuvent \u00eatre seules\u00a0\u00bb, a-t-il expliqu\u00e9. \u00ab\u00a0\u00c7a fait passer un bon moment\u00a0\u00bb, a-t-il ajout\u00e9.<\/p>\n<p>            D&rsquo;autres bancs devraient \u00eatre install\u00e9s dans la commune<\/p>\n<p class=\"article-p mdl\">Le maire d&rsquo;Orvault, Jean-S\u00e9bastien Guitton, a voulu lancer ce projet, initi\u00e9 par plusieurs associations de la ville, pour <strong>recr\u00e9er du lien<\/strong> entre les habitants. \u00ab\u00a0Les participants se sont dits : &lsquo;tiens, ce serait sympa si dans notre commune, il y avait des bancs'\u00a0\u00bb, a-t-il justifi\u00e9. \u00ab\u00a0Si vous avez envie de parler, asseyez-vous pour rencontrer des gens que vous ne rencontreriez pas d&rsquo;habitude, c&rsquo;est aussi quelque chose d&rsquo;important\u00a0\u00bb, a-t-il ajout\u00e9. La mairie pr\u00e9voit d&rsquo;ailleurs d&rsquo;installer d&rsquo;autres \u00ab\u00a0blablabancs\u00a0\u00bb dans <strong>diff\u00e9rents quartiers<\/strong> de la ville.<\/p>\n<p>    La r\u00e9daction vous recommande<\/p>\n<p class=\"s-newsletter__title\">\n                L\u2019actualit\u00e9 par la r\u00e9daction de RTL dans votre bo\u00eete mail.\n            <\/p>\n<p class=\"s-newsletter__subtitle\">\n                Gr\u00e2ce \u00e0 votre compte RTL abonnez-vous \u00e0 la newsletter RTL info pour suivre toute l&rsquo;actualit\u00e9 au quotidien\n            <\/p>\n<p>\n                                    Lire la suite\n                                <\/p>\n","protected":false},"excerpt":{"rendered":"En cette p\u00e9riode de temp\u00eate politique, une initiative formidable. Le \u00ab\u00a0blablabanc\u00a0\u00bb, install\u00e9 \u00e0 Orvault, pr\u00e8s de Nantes (Loire-Atlantique),&hellip;\n","protected":false},"author":2,"featured_media":347944,"comment_status":"","ping_status":"","sticky":false,"template":"","format":"standard","meta":{"footnotes":""},"categories":[2818],"tags":[1111,11,1777,674,107,1011,27,3047,766,12,2636,362,360,25],"class_list":{"0":"post-347943","1":"post","2":"type-post","3":"status-publish","4":"format-standard","5":"has-post-thumbnail","7":"category-nantes","8":"tag-actu","9":"tag-actualites","10":"tag-eu","11":"tag-europe","12":"tag-fil-info","13":"tag-fr","14":"tag-france","15":"tag-loire-atlantique","16":"tag-nantes","17":"tag-news","18":"tag-pays-de-la-loire","19":"tag-replay","20":"tag-replay-integral","21":"tag-republique-francaise"},"share_on_mastodon":{"url":"https:\/\/pubeurope.com\/@fr\/115101574389659637","error":""},"_links":{"self":[{"href":"https:\/\/www.europesays.com\/fr\/wp-json\/wp\/v2\/posts\/347943","targetHints":{"allow":["GET"]}}],"collection":[{"href":"https:\/\/www.europesays.com\/fr\/wp-json\/wp\/v2\/posts"}],"about":[{"href":"https:\/\/www.europesays.com\/fr\/wp-json\/wp\/v2\/types\/post"}],"author":[{"embeddable":true,"href":"https:\/\/www.europesays.com\/fr\/wp-json\/wp\/v2\/users\/2"}],"replies":[{"embeddable":true,"href":"https:\/\/www.europesays.com\/fr\/wp-json\/wp\/v2\/comments?post=347943"}],"version-history":[{"count":0,"href":"https:\/\/www.europesays.com\/fr\/wp-json\/wp\/v2\/posts\/347943\/revisions"}],"wp:featuredmedia":[{"embeddable":true,"href":"https:\/\/www.europesays.com\/fr\/wp-json\/wp\/v2\/media\/347944"}],"wp:attachment":[{"href":"https:\/\/www.europesays.com\/fr\/wp-json\/wp\/v2\/media?parent=347943"}],"wp:term":[{"taxonomy":"category","embeddable":true,"href":"https:\/\/www.europesays.com\/fr\/wp-json\/wp\/v2\/categories?post=347943"},{"taxonomy":"post_tag","embeddable":true,"href":"https:\/\/www.europesays.com\/fr\/wp-json\/wp\/v2\/tags?post=347943"}],"curies":[{"name":"wp","href":"https:\/\/api.w.org\/{rel}","templated":true}]}}