{"id":347949,"date":"2025-08-27T16:05:12","date_gmt":"2025-08-27T16:05:12","guid":{"rendered":"https:\/\/www.europesays.com\/fr\/347949\/"},"modified":"2025-08-27T16:05:12","modified_gmt":"2025-08-27T16:05:12","slug":"dans-cette-commune-pres-de-toulouse-luniforme-a-lecole-ravit-les-parents","status":"publish","type":"post","link":"https:\/\/www.europesays.com\/fr\/347949\/","title":{"rendered":"dans cette commune pr\u00e8s de Toulouse, l&rsquo;uniforme \u00e0 l&rsquo;\u00e9cole ravit les parents"},"content":{"rendered":"<p>            Par<br \/>\n        <strong><br \/>\n            <a href=\"https:\/\/actu.fr\/auteur\/enzo-legros\" title=\"Consulter tous les articles de Enzo Legros\" rel=\"nofollow noopener\" target=\"_blank\">Enzo Legros<\/a><br \/>\n        <\/strong><\/p>\n<p>        Publi\u00e9 le<\/p>\n<p>            27 ao\u00fbt 2025 \u00e0 17h16        <\/p>\n<p>Pendant que son fils et sa fille tentent de trouver un sweat \u00e0 leur taille dans la salle polyvalente de l\u2019Odyss\u00e9e \u00e0 Balma, mercredi 27 ao\u00fbt, Fatma d\u00e9couvre, ravie, <strong>l\u2019uniforme que porteront ses deux enfants<\/strong> <a href=\"https:\/\/actu.fr\/occitanie\/toulouse_31555\/professeurs-eleves-moyens-voici-a-quoi-s-attendre-dans-l-academie-de-toulouse-a-la-rentree-2025_62177448.html\" rel=\"nofollow noopener\" target=\"_blank\">\u00e0 la rentr\u00e9e 2025<\/a>. Car dans cette commune voisine de Toulouse, la journ\u00e9e de cours se d\u00e9roule avec le nom de son \u00e9cole sur le torse depuis maintenant un an. Dans le cadre d\u2019une exp\u00e9rimentation nationale, <strong>Balma est la seule ville de Haute-Garonne<\/strong> \u00e0 s\u2019 \u00eatre lanc\u00e9 le d\u00e9fi de la tenue unique dans deux de ses \u00e9tablissements. \u00c0 l\u2019aube <a href=\"https:\/\/actu.fr\/occitanie\/balma_31044\/uniformes-a-l-ecole-apres-un-couac-avec-l-etat-cette-ville-pres-de-toulouse-devrait-poursuivre-le-test_62358429.html\" rel=\"nofollow noopener\" target=\"_blank\">d\u2019une deuxi\u00e8me ann\u00e9e de test<\/a>, le maire Vincent Terrail-Nov\u00e8s et la municipalit\u00e9 ne le regrettent pas. Interrog\u00e9e, la majorit\u00e9 des parents en gardent un tr\u00e8s bon avis selon un sondage.<\/p>\n<p>66\u2009% des parents souhaitent la g\u00e9n\u00e9ralisation de l\u2019uniforme<\/p>\n<p class=\" wall-content\">L\u2019ann\u00e9e derni\u00e8re, certains parents ont habill\u00e9 leurs enfants tous les matins <a href=\"https:\/\/actu.fr\/occitanie\/balma_31044\/pres-de-toulouse-rentree-les-uniformes-debarquent-a-l-ecole-premieres-impressions_61541322.html\" rel=\"nofollow noopener\" target=\"_blank\">de polos et sweats blancs d\u00e9cor\u00e9s par le nom de l\u2019\u00e9cole Jos\u00e9 Cabanis ou Saint-Exup\u00e9ry<\/a>, les deux concern\u00e9es par l\u2019exp\u00e9rimentation. Au total <strong>360\u00a0\u00e9l\u00e8ves<\/strong> ont port\u00e9 une tenue \u00e0 l\u2019effigie de leur \u00e9cole en 2024-2025, pour plus de 1\u2009400 enfants scolaris\u00e9s sur la commune en \u00e9cole \u00e9l\u00e9mentaire.<\/p>\n<p>    <img   decoding=\"async\" loading=\"lazy\" src=\"https:\/\/www.europesays.com\/fr\/wp-content\/uploads\/2025\/08\/1000049315-960x640.jpg\" alt=\"Environ 360 \u00e9l\u00e8ves vont porter l'uniforme \u00e0 Balma \u00e0 la rentr\u00e9e 2025. \" width=\"960\" height=\"640\"\/><br \/>\n    Environ 360 \u00e9l\u00e8ves vont porter l\u2019uniforme \u00e0 Balma \u00e0 la rentr\u00e9e 2025. (\u00a9Enzo Legros\/Actu Toulouse)<\/p>\n<p class=\" wall-content\">\u00c0 l\u2019heure du bilan, la mairie <a href=\"https:\/\/actu.fr\/occitanie\/balma_31044\" rel=\"nofollow noopener\" target=\"_blank\">de Balma<\/a> avoue <strong>qu\u2019elle ne s\u2019attendait pas \u00e0 un tel succ\u00e8s<\/strong>. Selon un sondage r\u00e9alis\u00e9 \u00e0 la fin de l\u2019ann\u00e9e scolaire, \u00ab\u200965\u2009% des parents consid\u00e8rent que l\u2019uniforme a simplifi\u00e9 leur quotidien\u2009\u00bb et \u00ab\u200966\u2009% se disent favorables \u00e0 ce que l\u2019uniforme soit g\u00e9n\u00e9ralis\u00e9 dans toutes les \u00e9coles de France\u2009\u00bb.<\/p>\n<p>Un quotidien simplifi\u00e9<\/p>\n<p class=\" wall-content\">Qui dit une seule tenue dit aussi moins de temps \u00e0 choisir les habits de son enfant le matin, et \u00e7a, <strong>65\u2009% des parents l\u2019ont remarqu\u00e9,<\/strong> selon le sondage. \u00ab\u2009La couleur blanche des v\u00eatements pouvait appara\u00eetre comme une contrainte, en fin de compte, certains ont utilis\u00e9 de la javel et il n\u2019y a pas eu de probl\u00e8me\u2009\u00bb, ajoute Agn\u00e8s Bor\u00e9, membre de l\u2019Union nationale des associations autonomes de parents d\u2019\u00e9l\u00e8ves et m\u00e8re de famille \u00e0 Balma.<\/p>\n<p class=\" wall-content\">L\u2019unique point plus n\u00e9gatif mis en lumi\u00e8re par le sondage, et par 44\u2009% des parents, est le choix de la mairie de ne <strong>pas inclure le pantalon<\/strong> dans le kit offert. \u00ab\u2009Je trouve \u00e7a vraiment dommage, car c\u2019est compliqu\u00e9 de trouver un pantalon bleu marine, sans que ce soit un jogging, comme demand\u00e9\u2009\u00bb, estime par exemple Fatma quelques jours avant la rentr\u00e9e.<\/p>\n<p>    <img   decoding=\"async\" loading=\"lazy\" src=\"https:\/\/www.europesays.com\/fr\/wp-content\/uploads\/2025\/08\/1000049326-960x640.jpg\" alt=\"L'uniforme des \u00e9coles Jos\u00e9 Cabanis et Saint-Exup\u00e9ry de Balma n'offre que des sweats et des polos, laissant la charge aux parents de trouver un pantalon \" width=\"960\" height=\"640\"\/><br \/>\n    L\u2019uniforme des \u00e9coles Jos\u00e9 Cabanis et Saint-Exup\u00e9ry de Balma n\u2019offre que des sweats et des polos, laissant la charge aux parents de trouver un pantalon \u00ab\u00a0bleu marine\u00a0\u00bb. (\u00a9Enzo Legros\/Actu Toulouse)<\/p>\n<p>Votre r\u00e9gion, votre actu !<\/p>\n<p>Recevez chaque jour les infos qui comptent pour vous.<\/p>\n<p>\t<a href=\"https:\/\/actu.fr\/newsletter\" class=\"ac-btn ac-btn--corner ac-btn--medium ac-btn--blue800\" rel=\"nofollow noopener\" target=\"_blank\">S&rsquo;incrire<\/a><\/p>\n<p class=\" wall-content\">\u00ab\u2009Au d\u00e9but, nous souhaitions fournir le bas, mais les parents d\u2019\u00e9l\u00e8ves nous ont demand\u00e9 de ne pas le faire pour des questions de morphologie des enfants\u2009\u00bb, explique le maire de Balma. Pour le reste, tous les signaux sont au vert pour cette deuxi\u00e8me ann\u00e9e d\u2019exp\u00e9rimentation.<\/p>\n<p>Un r\u00e9el impact sur l\u2019attitude des enfants<\/p>\n<p class=\" wall-content\">En plus des bons avis des parents, la mise en place de l\u2019uniforme, <a href=\"https:\/\/actu.fr\/societe\/uniformes-a-l-ecole-gabriel-attal-annonce-une-experimentation-de-grande-ampleur-a-venir_60422713.html\" rel=\"nofollow noopener\" target=\"_blank\">initi\u00e9e par l\u2019ex-premier ministre Gabriel Attal<\/a>, a eu des effets positifs sur les enfants. \u00ab\u2009On a 61\u2009% des parents qui estiment que l\u2019uniforme a contribu\u00e9 \u00e0 r\u00e9duire les in\u00e9galit\u00e9s entre les enfants, ce qui est assez consid\u00e9rable\u2009\u00bb, se r\u00e9jouit le premier \u00e9dile Vincent Terrail-Nov\u00e8s, pr\u00e9sent \u00e0 la distribution des kits mercredi 27 ao\u00fbt avec sa premi\u00e8re adjointe, Sophie Lamant.<\/p>\n<p class=\" wall-content\">Pour 75\u2009% des 170 p\u00e8res et m\u00e8res interrog\u00e9s, la tenue unique a m\u00eame \u00ab\u2009renforc\u00e9 le sentiment d\u2019appartenance \u00e0 l\u2019\u00e9cole\u2009\u00bb. \u00ab\u2009On a des gens qui disent que <strong>\u00e7a responsabilise les enfants<\/strong> \u00e0 prendre soin de son uniforme qui doit faire toute l\u2019ann\u00e9e\u2009\u00bb, rel\u00e8ve \u00e9galement le maire. \u00ab\u2009\u00c7a responsabilise les enfants sur le respect des v\u00eatements\u2009\u00bb, confirme Agn\u00e8s Bor\u00e9.<\/p>\n<p>Un investissement de 140\u00a0euros par \u00e9l\u00e8ve<\/p>\n<p class=\" wall-content\">Le dispositif est financ\u00e9 selon un syst\u00e8me \u00ab\u200950-50\u2009\u00bb, la moiti\u00e9 prise en charge par la Ville de Balma et la seconde par l\u2019\u00c9tat. Sur les deux ans, <strong>120\u2009000\u00a0euros<\/strong> auront \u00e9t\u00e9 investis dans la mise en place de l\u2019uniforme dans les deux \u00e9coles.<\/p>\n<p class=\" wall-content\">Aujourd\u2019hui, la municipalit\u00e9 ne peut pas se positionner pour l\u2019ann\u00e9e prochaine. \u00ab\u2009On verra les retours de cette exp\u00e9rience, si c\u2019est globalement positif, <strong>on r\u00e9fl\u00e9chira \u00e0 comment on peut le g\u00e9n\u00e9raliser<\/strong>\u2009\u00bb, annonce quand m\u00eame Vincent Terrail-Nov\u00e8s. Cette ann\u00e9e, le kit offert contient 4 sweats, 4 polos manches longues et 5 polos manches courtes, un \u00e9quipement qui co\u00fbte 140 euros pour chaque \u00e9l\u00e8ve \u00e0 la commune et \u00e0 l\u2019\u00c9tat.<\/p>\n<p class=\" wall-content\">Personnalisez votre actualit\u00e9 en ajoutant vos villes et m\u00e9dias en favori avec <a href=\"https:\/\/moncompte.actu.fr\" title=\"D\u00e9couvez Mon Actu\" rel=\"nofollow noopener\" data-trk=\"{&quot;cta&quot;:{&quot;action&quot;:&quot;https:\\\/\\\/moncompte.actu.fr&quot;,&quot;category&quot;:&quot;mon compte&quot;,&quot;from&quot;:&quot;article footer&quot;,&quot;name&quot;:&quot;Mon actu&quot;,&quot;type&quot;:&quot;cta&quot;}}\" target=\"_blank\">Mon Actu<\/a>.<\/p>\n","protected":false},"excerpt":{"rendered":"Par Enzo Legros Publi\u00e9 le 27 ao\u00fbt 2025 \u00e0 17h16 Pendant que son fils et sa fille tentent&hellip;\n","protected":false},"author":2,"featured_media":347950,"comment_status":"","ping_status":"","sticky":false,"template":"","format":"standard","meta":{"footnotes":""},"categories":[2816],"tags":[1111,11,1057,1719,1777,674,1011,27,12,2680,25,104,2312],"class_list":{"0":"post-347949","1":"post","2":"type-post","3":"status-publish","4":"format-standard","5":"has-post-thumbnail","7":"category-toulouse","8":"tag-actu","9":"tag-actualites","10":"tag-education","11":"tag-enfants","12":"tag-eu","13":"tag-europe","14":"tag-fr","15":"tag-france","16":"tag-news","17":"tag-occitanie","18":"tag-republique-francaise","19":"tag-societe","20":"tag-toulouse"},"share_on_mastodon":{"url":"https:\/\/pubeurope.com\/@fr\/115101586249712882","error":""},"_links":{"self":[{"href":"https:\/\/www.europesays.com\/fr\/wp-json\/wp\/v2\/posts\/347949","targetHints":{"allow":["GET"]}}],"collection":[{"href":"https:\/\/www.europesays.com\/fr\/wp-json\/wp\/v2\/posts"}],"about":[{"href":"https:\/\/www.europesays.com\/fr\/wp-json\/wp\/v2\/types\/post"}],"author":[{"embeddable":true,"href":"https:\/\/www.europesays.com\/fr\/wp-json\/wp\/v2\/users\/2"}],"replies":[{"embeddable":true,"href":"https:\/\/www.europesays.com\/fr\/wp-json\/wp\/v2\/comments?post=347949"}],"version-history":[{"count":0,"href":"https:\/\/www.europesays.com\/fr\/wp-json\/wp\/v2\/posts\/347949\/revisions"}],"wp:featuredmedia":[{"embeddable":true,"href":"https:\/\/www.europesays.com\/fr\/wp-json\/wp\/v2\/media\/347950"}],"wp:attachment":[{"href":"https:\/\/www.europesays.com\/fr\/wp-json\/wp\/v2\/media?parent=347949"}],"wp:term":[{"taxonomy":"category","embeddable":true,"href":"https:\/\/www.europesays.com\/fr\/wp-json\/wp\/v2\/categories?post=347949"},{"taxonomy":"post_tag","embeddable":true,"href":"https:\/\/www.europesays.com\/fr\/wp-json\/wp\/v2\/tags?post=347949"}],"curies":[{"name":"wp","href":"https:\/\/api.w.org\/{rel}","templated":true}]}}