{"id":347951,"date":"2025-08-27T16:06:18","date_gmt":"2025-08-27T16:06:18","guid":{"rendered":"https:\/\/www.europesays.com\/fr\/347951\/"},"modified":"2025-08-27T16:06:18","modified_gmt":"2025-08-27T16:06:18","slug":"haute-garonne-ivre-et-sous-stupefiants-un-conducteur-percute-et-blesse-trois-policiers-a-toulouse","status":"publish","type":"post","link":"https:\/\/www.europesays.com\/fr\/347951\/","title":{"rendered":"Haute-Garonne. Ivre et sous stup\u00e9fiants, un conducteur percute et blesse trois policiers \u00e0 Toulouse"},"content":{"rendered":"<p>Trois policiers ont \u00e9t\u00e9 bless\u00e9s, dont deux gri\u00e8vement, ce mercredi matin \u00e0 Toulouse (Haute-Garonne) lorsque le conducteur d&rsquo;un utilitaire, ivre, a percut\u00e9 leur v\u00e9hicule.<\/p>\n<p>La collision a eu lieu peu avant 1 heure du matin, alors que les agents regagnaient leur v\u00e9hicule \u00e0 l&rsquo;issue d&rsquo;une mission de police-secours. Deux policiers se trouvaient \u00e0 l&rsquo;int\u00e9rieur du v\u00e9hicule percut\u00e9 et deux \u00e0 l&rsquo;ext\u00e9rieur. Selon <a href=\"https:\/\/www.ladepeche.fr\/2025\/08\/27\/deux-policiers-blesses-apres-quun-conducteur-positif-a-lalcool-et-aux-stupefiants-a-percute-leur-vehicule-12895528.php\" target=\"_blank\" rel=\"nofollow noopener\">La D\u00e9p\u00eache du Midi<\/a>, sous la violence de l\u2019impact, la voiture de service a \u00e9t\u00e9 projet\u00e9e et a \u00e9cras\u00e9 les deux fonctionnaires contre l&rsquo;autre v\u00e9hicule gar\u00e9.\u00a0<\/p>\n<p>Ce contenu est bloqu\u00e9 car vous n&rsquo;avez pas accept\u00e9 les cookies et autres traceurs.<\/p>\n<p>En cliquant sur \u00ab J\u2019accepte \u00bb, les cookies et autres traceurs seront d\u00e9pos\u00e9s et vous pourrez visualiser les contenus  (<a href=\"\" class=\"consentModule_policy\" target=\"_blank\" title=\"Consulter la politique de protection des donn\u00e9es du fournisseur\">plus d&rsquo;informations<\/a>).<\/p>\n<p>En cliquant sur \u00ab J\u2019accepte tous les cookies \u00bb, vous autorisez des d\u00e9p\u00f4ts de cookies et autres traceurs pour le stockage de vos donn\u00e9es sur nos sites et applications \u00e0 des fins de personnalisation et de ciblage publicitaire.<\/p>\n<p class=\"consentModule_secondaryText\">Vous gardez la possibilit\u00e9 de retirer votre consentement \u00e0 tout moment en consultant notre <a href=\"https:\/\/www.ledauphine.com\/protection-des-donnees\" target=\"_blank\" title=\"Consulter notre politique de protection des donn\u00e9es\" rel=\"nofollow noopener\">politique de protection des donn\u00e9es<\/a>. <br \/>&#13;<br \/>\n            <a href=\"https:\/\/www.ledauphine.com\/faits-divers-justice\/2025\/08\/27\/javascript:Didomi.notice.show()\" class=\"consentModule_cmp\" rel=\"nofollow noopener\" target=\"_blank\">G\u00e9rer mes choix<\/a>&#13;\n        <\/p>\n<p>&#13;<br \/>\n                        J&rsquo;accepte&#13;<br \/>\n            J&rsquo;accepte tous les cookies&#13;\n        <\/p>\n<p>  Aucun pronostic vital engag\u00e9<\/p>\n<p>Le conducteur du v\u00e9hicule fautif, interpell\u00e9 pour d\u00e9lit de \u00ab conduite sous l&#8217;empire d&rsquo;un \u00e9tat alcoolique \u00bb, a \u00e9galement \u00e9t\u00e9 contr\u00f4l\u00e9 positif aux stup\u00e9fiants, indique une source polici\u00e8re. Trop ivre pour \u00eatre entendu, il a \u00e9t\u00e9 plac\u00e9 en cellule de d\u00e9grisement pour qu&rsquo;il soit interrog\u00e9 une fois qu\u2019il aura recouvr\u00e9 ses esprits.<\/p>\n<p>Deux agents souffrent de fractures (fracture du bassin pour l&rsquo;un, fracture lombaire pour l&rsquo;autre), mais aucun pronostic vital n&rsquo;est engag\u00e9, a indiqu\u00e9 cette source. Le troisi\u00e8me souffre de blessures plus l\u00e9g\u00e8res et le quatri\u00e8me est choqu\u00e9 par l&rsquo;accident.<\/p>\n","protected":false},"excerpt":{"rendered":"Trois policiers ont \u00e9t\u00e9 bless\u00e9s, dont deux gri\u00e8vement, ce mercredi matin \u00e0 Toulouse (Haute-Garonne) lorsque le conducteur d&rsquo;un&hellip;\n","protected":false},"author":2,"featured_media":347952,"comment_status":"","ping_status":"","sticky":false,"template":"","format":"standard","meta":{"footnotes":""},"categories":[2816],"tags":[119,1111,11,1777,674,274,107,1011,27,329,12,2680,25,2312],"class_list":{"0":"post-347951","1":"post","2":"type-post","3":"status-publish","4":"format-standard","5":"has-post-thumbnail","7":"category-toulouse","8":"tag-accident","9":"tag-actu","10":"tag-actualites","11":"tag-eu","12":"tag-europe","13":"tag-faits-divers-justice","14":"tag-fil-info","15":"tag-fr","16":"tag-france","17":"tag-france-monde","18":"tag-news","19":"tag-occitanie","20":"tag-republique-francaise","21":"tag-toulouse"},"share_on_mastodon":{"url":"https:\/\/pubeurope.com\/@fr\/115101590081596654","error":""},"_links":{"self":[{"href":"https:\/\/www.europesays.com\/fr\/wp-json\/wp\/v2\/posts\/347951","targetHints":{"allow":["GET"]}}],"collection":[{"href":"https:\/\/www.europesays.com\/fr\/wp-json\/wp\/v2\/posts"}],"about":[{"href":"https:\/\/www.europesays.com\/fr\/wp-json\/wp\/v2\/types\/post"}],"author":[{"embeddable":true,"href":"https:\/\/www.europesays.com\/fr\/wp-json\/wp\/v2\/users\/2"}],"replies":[{"embeddable":true,"href":"https:\/\/www.europesays.com\/fr\/wp-json\/wp\/v2\/comments?post=347951"}],"version-history":[{"count":0,"href":"https:\/\/www.europesays.com\/fr\/wp-json\/wp\/v2\/posts\/347951\/revisions"}],"wp:featuredmedia":[{"embeddable":true,"href":"https:\/\/www.europesays.com\/fr\/wp-json\/wp\/v2\/media\/347952"}],"wp:attachment":[{"href":"https:\/\/www.europesays.com\/fr\/wp-json\/wp\/v2\/media?parent=347951"}],"wp:term":[{"taxonomy":"category","embeddable":true,"href":"https:\/\/www.europesays.com\/fr\/wp-json\/wp\/v2\/categories?post=347951"},{"taxonomy":"post_tag","embeddable":true,"href":"https:\/\/www.europesays.com\/fr\/wp-json\/wp\/v2\/tags?post=347951"}],"curies":[{"name":"wp","href":"https:\/\/api.w.org\/{rel}","templated":true}]}}