{"id":347953,"date":"2025-08-27T16:07:11","date_gmt":"2025-08-27T16:07:11","guid":{"rendered":"https:\/\/www.europesays.com\/fr\/347953\/"},"modified":"2025-08-27T16:07:11","modified_gmt":"2025-08-27T16:07:11","slug":"un-futur-resto-ou-tu-peux-payer-en-fringues-ca-se-passe-a-2-pas-de-lille","status":"publish","type":"post","link":"https:\/\/www.europesays.com\/fr\/347953\/","title":{"rendered":"Un futur resto o\u00f9 tu peux payer en fringues\u00a0? \u00c7a se passe \u00e0 2 pas de Lille"},"content":{"rendered":"<p><b>Une fabrique \u00e0 id\u00e9es g\u00e9ante<\/b>&#13;<\/p>\n<p>Install\u00e9<strong> au c\u0153ur de la Maillerie <\/strong>et imagin\u00e9 par <strong>Le Souffle du Nord<\/strong>, Altercit\u00e9 n\u2019attend pas 2027 (date pr\u00e9vue de son ouverture compl\u00e8te) pour exister. Le lieu est d\u00e9j\u00e0 en effervescence\u00a0: rencontres improbables, agences qui bossent ensemble au lieu de se faire concurrence, ateliers et ap\u00e9ros collectifs. Dans ce futur spot hybride,<strong>\u00a0 tout est pens\u00e9 comme une mini-ville<\/strong> o\u00f9 chacun peut se sentir acteur. Tu viens pour un caf\u00e9, tu repars avec une collab\u2019.<\/p>\n<p>&#13;<\/p>\n<blockquote class=\"instagram-media\" data-instgrm-permalink=\"https:\/\/www.instagram.com\/p\/DL7gn4yv065\/?utm_source=ig_embed&amp;utm_campaign=loading\" data-instgrm-version=\"14\" style=\"background: #FFF; border: 0; border-radius: 3px; box-shadow: 0 0 1px 0 rgba(0,0,0,0.5),0 1px 10px 0 rgba(0,0,0,0.15); margin: 1px; max-width: 540px; min-width: 326px; padding: 0; width: calc(100% - 2px);\"><p>&#13;<br \/>\n&#13;\n<\/p><\/blockquote>\n<p>&#13;<br \/>\n&#13;<br \/>\n<b>Un resto o\u00f9 ta monnaie, c\u2019est toi<\/b>&#13;<\/p>\n<p>Oublie le ticket resto classique\u00a0: \u00e0 Altercit\u00e9, on imagine<strong> un restaurant o\u00f9 tu peux payer ton repas autrement<\/strong>. Une paire de chaussures qui tra\u00eene, une veste que tu ne portes plus\u00a0? Tu l\u2019\u00e9changes contre un plat mijot\u00e9 dans une grande marmite partag\u00e9e. U<strong>n bon vieux troc \u00e0 l\u2019ancienne\u00a0!<\/strong> L\u2019id\u00e9e\u00a0: que personne ne soit laiss\u00e9 de c\u00f4t\u00e9, m\u00eame si ton compte en banque crie famine.\u00a0<\/p>\n<p>&#13;<br \/>\n<b>Vivre, bosser, cr\u00e9er autrement<\/b>&#13;<\/p>\n<p>Au programme du futur lieu\u00a0:<strong> espaces de coworking, ateliers de fabrication, habitat partag\u00e9, bar convivial, grande cour vivante et m\u00eame une maison d\u00e9di\u00e9e aux personnes en pr\u00e9carit\u00e9. <\/strong>Un espace qui brouille les fronti\u00e8res entre travail, loisirs, solidarit\u00e9 et quotidien. Un laboratoire d\u2019exp\u00e9riences sociales o\u00f9 tout est encore \u00e0 \u00e9crire, qui promet de tr\u00e8s jolies choses.<\/p>\n<p>&#13;<\/p>\n<blockquote class=\"instagram-media\" data-instgrm-permalink=\"https:\/\/www.instagram.com\/p\/DM8GQpMJBP2\/?utm_source=ig_embed&amp;utm_campaign=loading\" data-instgrm-version=\"14\" style=\"background: #FFF; border: 0; border-radius: 3px; box-shadow: 0 0 1px 0 rgba(0,0,0,0.5),0 1px 10px 0 rgba(0,0,0,0.15); margin: 1px; max-width: 540px; min-width: 326px; padding: 0; width: calc(100% - 2px);\"><p>&#13;<br \/>\n&#13;\n<\/p><\/blockquote>\n<p>&#13;<br \/>\n&#13;<br \/>\n<b>D\u00e9j\u00e0 des rendez-vous \u00e0 cocher<\/b>&#13;<\/p>\n<p>Pas besoin d\u2019attendre 2027 pour jeter un \u0153il\u00a0: <strong>un vendredi midi par mois, Altercit\u00e9 ouvre ses portes pour des ap\u00e9ros collectifs<\/strong>. L\u2019occasion de s\u2019inviter dans cette utopie en construction et d\u2019y mettre, pourquoi pas, ta propre pierre.<\/p>\n<p>&#13;<\/p>\n<p><b>Altercit\u00e9, 220 rue Jean-Jaur\u00e8s, Villeneuve-d\u2019Ascq<br \/>Pr\u00e9figuration en cours, ouverture compl\u00e8te pr\u00e9vue fin 2027<br \/>Infos et agenda <a href=\"https:\/\/www.lesouffledunord.com\/altercite\" rel=\"nofollow noopener noreferrer\" target=\"_blank\">ici<\/a><\/b><\/p>\n<p><script async src=\"\/\/www.instagram.com\/embed.js\"><\/script><\/p>\n","protected":false},"excerpt":{"rendered":"Une fabrique \u00e0 id\u00e9es g\u00e9ante&#13; Install\u00e9 au c\u0153ur de la Maillerie et imagin\u00e9 par Le Souffle du Nord,&hellip;\n","protected":false},"author":2,"featured_media":347954,"comment_status":"","ping_status":"","sticky":false,"template":"","format":"standard","meta":{"footnotes":""},"categories":[2815],"tags":[1111,11,1777,674,1011,27,811,1307,12,25],"class_list":{"0":"post-347953","1":"post","2":"type-post","3":"status-publish","4":"format-standard","5":"has-post-thumbnail","7":"category-lille","8":"tag-actu","9":"tag-actualites","10":"tag-eu","11":"tag-europe","12":"tag-fr","13":"tag-france","14":"tag-hauts-de-france","15":"tag-lille","16":"tag-news","17":"tag-republique-francaise"},"share_on_mastodon":{"url":"https:\/\/pubeurope.com\/@fr\/115101594078587454","error":""},"_links":{"self":[{"href":"https:\/\/www.europesays.com\/fr\/wp-json\/wp\/v2\/posts\/347953","targetHints":{"allow":["GET"]}}],"collection":[{"href":"https:\/\/www.europesays.com\/fr\/wp-json\/wp\/v2\/posts"}],"about":[{"href":"https:\/\/www.europesays.com\/fr\/wp-json\/wp\/v2\/types\/post"}],"author":[{"embeddable":true,"href":"https:\/\/www.europesays.com\/fr\/wp-json\/wp\/v2\/users\/2"}],"replies":[{"embeddable":true,"href":"https:\/\/www.europesays.com\/fr\/wp-json\/wp\/v2\/comments?post=347953"}],"version-history":[{"count":0,"href":"https:\/\/www.europesays.com\/fr\/wp-json\/wp\/v2\/posts\/347953\/revisions"}],"wp:featuredmedia":[{"embeddable":true,"href":"https:\/\/www.europesays.com\/fr\/wp-json\/wp\/v2\/media\/347954"}],"wp:attachment":[{"href":"https:\/\/www.europesays.com\/fr\/wp-json\/wp\/v2\/media?parent=347953"}],"wp:term":[{"taxonomy":"category","embeddable":true,"href":"https:\/\/www.europesays.com\/fr\/wp-json\/wp\/v2\/categories?post=347953"},{"taxonomy":"post_tag","embeddable":true,"href":"https:\/\/www.europesays.com\/fr\/wp-json\/wp\/v2\/tags?post=347953"}],"curies":[{"name":"wp","href":"https:\/\/api.w.org\/{rel}","templated":true}]}}