{"id":347955,"date":"2025-08-27T16:08:15","date_gmt":"2025-08-27T16:08:15","guid":{"rendered":"https:\/\/www.europesays.com\/fr\/347955\/"},"modified":"2025-08-27T16:08:15","modified_gmt":"2025-08-27T16:08:15","slug":"bruno-genesio-tient-son-buteur-a-plus-de-10me","status":"publish","type":"post","link":"https:\/\/www.europesays.com\/fr\/347955\/","title":{"rendered":"Bruno Genesio tient son buteur \u00e0 plus de 10M\u20ac !"},"content":{"rendered":"<p>Les dirigeants lillois se sont montr\u00e9s plut\u00f4t discrets lors de ce mercato estival. Du moins du c\u00f4t\u00e9 des arriv\u00e9es. Dans le sens des d\u00e9parts, le <a href=\"https:\/\/www.dailymercato.com\/club\/losc-lille-22\" rel=\"nofollow noopener\" target=\"_blank\">LOSC<\/a> a vendu pour <strong>la somme totale de 94,1M\u20ac<\/strong>. Evidemment, Lucas Chevalier (40M\u20ac) et Bafod\u00e9 Diakit\u00e9 (35M\u20ac) ont pes\u00e9 dans la balance.<\/p>\n<p>Sauf que qui dit d\u00e9parts XXL dit forc\u00e9ment besoin de recrutement. Apr\u00e8s avoir perdu Jonathan David, <strong>Bruno Genesio voulait absolument voir un avant-centre <\/strong>rejoindre son effectif. Cette r\u00e9clamation a bien \u00e9t\u00e9 \u00e9cout\u00e9e par Olivier L\u00e9tang.<\/p>\n<p>Hamza Igamane est pr\u00eat \u00e0 s&rsquo;imposer en Ligue 1 !<\/p>\n<p>Alors que <a href=\"https:\/\/www.dailymercato.com\/news\/mercato-losc-zhegrova-sur-le-depart-une-piste-a-17-meur-se-profile\" rel=\"nofollow noopener\" target=\"_blank\">Zhegrova est bien sur le d\u00e9part<\/a>, on s&rsquo;attendait \u00e0 voir d\u00e9barquer Romano Schmid. Pourtant, c&rsquo;est du c\u00f4t\u00e9 de l&rsquo;Ecosse qu&rsquo;il faut regarder pour d\u00e9couvrir <strong>l&rsquo;identit\u00e9 du futur attaquant de Lille<\/strong>. Selon Fabrice Hawkins, <strong>le LOSC est sur le point de recruter Hamza Igamane<\/strong>. Un accord concernant un contrat de 5 ans est \u00e9voqu\u00e9.<\/p>\n<p>La p\u00e9pite de 22 ans ressort d&rsquo;une saison prometteuse au Glasgow Rangers, avec <strong>16 buts inscrits en 46 rencontres<\/strong>. Sans surprise, un tel bilan n&rsquo;est pas gratuit ! Le mercato de Lille va devoir d\u00e9bourser <strong>plus de 10M\u20ac pour convaincre les Rangers<\/strong> de lib\u00e9rer leur jeune avant-centre.<\/p>\n<p>De son c\u00f4t\u00e9, Hamza Igamane esp\u00e8re changer de dimension en d\u00e9couvrant la Ligue 1. Le buteur marocain peut m\u00eame pr\u00e9tendre \u00e0 devenir le futur attaquant des Lions d&rsquo;Atlas. Si c&rsquo;est le cas, Bruno Genesio devra s&rsquo;attendre \u00e0 perdre Igamane lors de la CAN 2025-2026. Heureusement, Olivier Giroud fera le job en attendant que la rel\u00e8ve suive.<\/p>\n<blockquote class=\"twitter-tweet\"><p>&#13;<\/p>\n<p dir=\"ltr\" lang=\"fr\">\ud83d\udea8EXCL Hamza Igamane est attendu ce jeudi \u00e0 Lille. Contrat de 5 ans. Le LOSC et les Rangers r\u00e8glent les derniers d\u00e9tails. <a href=\"https:\/\/t.co\/GTt8kk4Cef\" rel=\"nofollow\">pic.twitter.com\/GTt8kk4Cef<\/a><\/p>\n<p>&#13;<br \/>\n\u2014 Fabrice Hawkins (@FabriceHawkins) <a href=\"https:\/\/twitter.com\/FabriceHawkins\/status\/1960664635423543682?ref_src=twsrc%5Etfw\" rel=\"nofollow noopener\" target=\"_blank\">August 27, 2025<\/a><\/p><\/blockquote>\n<p>Supporter st\u00e9phanois, je ne perds pas espoir de revoir les Verts retrouver les sommets. En attendant, je m&rsquo;endes clu remets aux autres clubs historiques du football fran\u00e7ais pour prendre mon mal en patience, et ainsi admirer des clubs comme Strasbourg ou le RC Lens.<\/p>\n<p>            <script async src=\"https:\/\/platform.twitter.com\/widgets.js\" charset=\"utf-8\"><\/script><\/p>\n","protected":false},"excerpt":{"rendered":"Les dirigeants lillois se sont montr\u00e9s plut\u00f4t discrets lors de ce mercato estival. Du moins du c\u00f4t\u00e9 des&hellip;\n","protected":false},"author":2,"featured_media":347956,"comment_status":"","ping_status":"","sticky":false,"template":"","format":"standard","meta":{"footnotes":""},"categories":[2815],"tags":[1111,11,1777,674,1011,27,811,1307,12,25],"class_list":{"0":"post-347955","1":"post","2":"type-post","3":"status-publish","4":"format-standard","5":"has-post-thumbnail","7":"category-lille","8":"tag-actu","9":"tag-actualites","10":"tag-eu","11":"tag-europe","12":"tag-fr","13":"tag-france","14":"tag-hauts-de-france","15":"tag-lille","16":"tag-news","17":"tag-republique-francaise"},"share_on_mastodon":{"url":"https:\/\/pubeurope.com\/@fr\/115101598012303729","error":""},"_links":{"self":[{"href":"https:\/\/www.europesays.com\/fr\/wp-json\/wp\/v2\/posts\/347955","targetHints":{"allow":["GET"]}}],"collection":[{"href":"https:\/\/www.europesays.com\/fr\/wp-json\/wp\/v2\/posts"}],"about":[{"href":"https:\/\/www.europesays.com\/fr\/wp-json\/wp\/v2\/types\/post"}],"author":[{"embeddable":true,"href":"https:\/\/www.europesays.com\/fr\/wp-json\/wp\/v2\/users\/2"}],"replies":[{"embeddable":true,"href":"https:\/\/www.europesays.com\/fr\/wp-json\/wp\/v2\/comments?post=347955"}],"version-history":[{"count":0,"href":"https:\/\/www.europesays.com\/fr\/wp-json\/wp\/v2\/posts\/347955\/revisions"}],"wp:featuredmedia":[{"embeddable":true,"href":"https:\/\/www.europesays.com\/fr\/wp-json\/wp\/v2\/media\/347956"}],"wp:attachment":[{"href":"https:\/\/www.europesays.com\/fr\/wp-json\/wp\/v2\/media?parent=347955"}],"wp:term":[{"taxonomy":"category","embeddable":true,"href":"https:\/\/www.europesays.com\/fr\/wp-json\/wp\/v2\/categories?post=347955"},{"taxonomy":"post_tag","embeddable":true,"href":"https:\/\/www.europesays.com\/fr\/wp-json\/wp\/v2\/tags?post=347955"}],"curies":[{"name":"wp","href":"https:\/\/api.w.org\/{rel}","templated":true}]}}