{"id":347957,"date":"2025-08-27T16:09:10","date_gmt":"2025-08-27T16:09:10","guid":{"rendered":"https:\/\/www.europesays.com\/fr\/347957\/"},"modified":"2025-08-27T16:09:10","modified_gmt":"2025-08-27T16:09:10","slug":"benoit-payan-charge-violemment-la-metropole-sur-les-dechets","status":"publish","type":"post","link":"https:\/\/www.europesays.com\/fr\/347957\/","title":{"rendered":"Beno\u00eet Payan charge violemment la M\u00e9tropole sur les d\u00e9chets"},"content":{"rendered":"<p>            Par<br \/>\n        <strong><br \/>\n            <a href=\"https:\/\/actu.fr\/auteur\/thibault-nadal-actu-fr\" title=\"Consulter tous les articles de Thibault Nadal\" target=\"_blank\" rel=\"noopener\">Thibault Nadal<\/a><br \/>\n        <\/strong><\/p>\n<p>        Publi\u00e9 le<\/p>\n<p>            27 ao\u00fbt 2025 \u00e0 12h13        <\/p>\n<p>Pas encore candidat, mais d\u00e9j\u00e0 dans l\u2019affrontement. Ce mardi 26\u00a0ao\u00fbt 2025, en fin de journ\u00e9e, un simple message sur <a href=\"https:\/\/actu.fr\/tag\/reseaux-sociaux\" target=\"_blank\" rel=\"noopener\">le r\u00e9seau social<\/a> X de <a href=\"https:\/\/actu.fr\/tag\/benoit-payan\" target=\"_blank\" rel=\"noopener\">Beno\u00eet Payan<\/a> a mis le microcosme politique marseillais en feu. Le maire (DVG) de <a href=\"https:\/\/actu.fr\/marseille\/\" target=\"_blank\" rel=\"noopener\">Marseille<\/a> a violemment charg\u00e9 la M\u00e9tropole et donc Martine Vassal sur la gestion des <a href=\"https:\/\/actu.fr\/tag\/dechets\" target=\"_blank\" rel=\"noopener\">d\u00e9chets<\/a>.<\/p>\n<p class=\" wall-content\">\u00ab\u2009Marseille est de plus en plus sale et nous,<strong> les Marseillais, n\u2019en pouvons plus<\/strong>. La rentr\u00e9e approche, les poubelles d\u00e9bordent, les pav\u00e9s sont noirs de crasse. Que fait la M\u00e9tropole qui est cens\u00e9e nettoyer Marseille\u2009? Elle doit maintenant se mettre au travail, Marseille ne m\u00e9rite pas cette injustice\u2009\u00bb, a-t-il \u00e9crit.<\/p>\n<p class=\" wall-content\">\n<p>\u00ab\u2009Cette inaction de la M\u00e9tropole ne peut plus durer\u2009\u00bb<\/p>\n<p class=\" wall-content\">Ce message a suscit\u00e9 de vives r\u00e9actions dans le camp du Printemps marseillais, donnant le sentiment d\u2019une attaque pr\u00e9par\u00e9e et coordonn\u00e9e. <strong>Plusieurs de ces adjoints, ainsi que les maires d\u2019arrondissements<\/strong>, ont soutenu Beno\u00eet Payan et d\u00e9nonc\u00e9 l\u2019inaction de la M\u00e9tropole sur cette question qui enflamme les d\u00e9bats depuis des ann\u00e9es.<\/p>\n<p class=\" wall-content\">\u00ab\u2009Les habitants nous le disent tous les jours sur le terrain\u2009: la ville est sale. Cette inaction de la M\u00e9tropole ne peut plus durer\u2009\u00bb, \u00e9crit par exemple Olivia Fortin, la maire des 6e et 8e. \u00ab\u2009Rues sales, poubelles qui d\u00e9bordent\u2009: au-del\u00e0 de l\u2019image de Marseille, c\u2019est notre sant\u00e9 qui est en jeu\u2009\u00bb, lit-on chez Mich\u00e8le Rubirola, la premi\u00e8re adjointe.<\/p>\n<blockquote class=\"ac-article-quote wall-content\">\n<p>Propret\u00e9, transports, voirie\u2026 absolument rien ne va ! La M\u00e9tropole abandonne les Marseillais avec un cynisme confondant. <\/p>\n<p>    <strong>Audrey Garino<\/strong><br \/>\n        Adjointe au Maire de Marseille en charge des Affaires Sociales, de la Solidarit\u00e9, de la Lutte contre la Pauvret\u00e9 et l&rsquo;\u00c9galit\u00e9 des Droits     <\/p><\/blockquote>\n<p class=\" wall-content\">\n<p class=\" wall-content\">\n<p>\u00ab\u2009Beno\u00eet Payan a cr\u00e9\u00e9 un v\u00e9ritable permis de salir Marseille\u2009\u00bb<\/p>\n<p class=\" wall-content\">Dans le camp d\u2019en face, la riposte s\u2019est vite organis\u00e9e pour contrecarrer le plan de communiqu\u00e9 de la majorit\u00e9. Si <strong>Martine Vassal n\u2019a pas directement r\u00e9agi<\/strong>, elle a repost\u00e9 le message de Romain Simmarano, directeur de cabinet de Renaud Muselier \u00e0 la R\u00e9gion et pr\u00e9sident d\u2019une G\u00e9n\u00e9ration pour Marseille.<\/p>\n<p class=\" wall-content\">Dans celui-ci, il d\u00e9nonce le faible nombre de contraventions dress\u00e9es par la mairie. \u00ab\u2009<a href=\"https:\/\/actu.fr\/nice\/\" target=\"_blank\" rel=\"noopener\">Nice<\/a>, 350\u2009000\u00a0habitants, plus de 2000 contraventions d\u00e9chets par an. Marseille, 870\u2009000\u00a0habitants, 200 contraventions par an. Beno\u00eet Payan a cr\u00e9\u00e9 un v\u00e9ritable permis de salir Marseille, et il <strong>cherche \u00e0 faire porter le chapeau aux autres\u2009<\/strong>\u00bb.<\/p>\n<p>Votre r\u00e9gion, votre actu !<\/p>\n<p>Recevez chaque jour les infos qui comptent pour vous.<\/p>\n<p>\t<a href=\"https:\/\/actu.fr\/newsletter\" class=\"ac-btn ac-btn--corner ac-btn--medium ac-btn--blue800\" target=\"_blank\" rel=\"noopener\">S&rsquo;incrire<\/a><\/p>\n<p class=\" wall-content\">Marion Bareille, maire des 13e et 14e arrondissements, a aussi soutenu la pr\u00e9sidente de la M\u00e9tropole. \u00ab\u2009Vos \u00e9lues Christine Juste et Perrine Prigent sont d\u00e9l\u00e9gu\u00e9es \u00e0 la propret\u00e9 et \u00e0 l\u2019espace public, non\u2009? Que font-elles\u2009? O\u00f9 sont-elles\u2009? <strong>Incomp\u00e9tence ou disparition\u2009?<\/strong>\u2009\u00bb, \u00e9crit-elle.<\/p>\n<p class=\" wall-content\">\n<p class=\" wall-content\">\n<p class=\" wall-content\">\u00ab\u2009Pour rappel, vous avez refus\u00e9, pour des raisons politiques, la proposition de Martine Vassal en 2021 de r\u00e9cup\u00e9rer les comp\u00e9tences de propret\u00e9\/voirie\u2009!\u2009\u00bb, lit-on chez Sylvain Souvestre, maire des 11e et 12e arrondissements.<\/p>\n<p>Les municipales en toile de fond<\/p>\n<p class=\" wall-content\">Avec cette sortie, Beno\u00eet Payan d\u00e9signe ouvertement son adversaire pour <a href=\"https:\/\/actu.fr\/marseille\/politique\/elections-municipales\" target=\"_blank\" rel=\"noopener\">les prochaines \u00e9lections municipales<\/a> qui auront lieu en mars\u00a02026.<\/p>\n<p class=\" wall-content\">\n<p class=\" wall-content\"><a href=\"https:\/\/www.instagram.com\/p\/DMK5R3rMD_H\/embed\" title=\"Ouvrir le lien sur Instagram\" target=\"_blank\" rel=\"noopener\">Visualiser le contenu sur Instagram<\/a><\/p>\n<p class=\" wall-content\">Si aucun des deux n\u2019est officiellement candidat, il se pr\u00e9pare en coulisses depuis des mois. Le maire de Marseille et Martine Vassal n\u2019ont pas h\u00e9sit\u00e9 durant l\u2019\u00e9t\u00e9 \u00e0 sortir <strong>un magazine r\u00e9capitulatif de leurs actions<\/strong> ces derni\u00e8res ann\u00e9es, que ce soit \u00e0 l\u2019H\u00f4tel de Ville ou \u00e0 la M\u00e9tropole et au D\u00e9partement.<\/p>\n<p class=\" wall-content\">Avant de s\u2019affronter directement dans une campagne qui semble d\u00e9j\u00e0 lanc\u00e9e.<\/p>\n<p class=\" wall-content\">Personnalisez votre actualit\u00e9 en ajoutant vos villes et m\u00e9dias en favori avec <a href=\"https:\/\/moncompte.actu.fr\" title=\"D\u00e9couvez Mon Actu\" rel=\"nofollow noopener\" data-trk=\"{&quot;cta&quot;:{&quot;action&quot;:&quot;https:\\\/\\\/moncompte.actu.fr&quot;,&quot;category&quot;:&quot;mon compte&quot;,&quot;from&quot;:&quot;article footer&quot;,&quot;name&quot;:&quot;Mon actu&quot;,&quot;type&quot;:&quot;cta&quot;}}\" target=\"_blank\">Mon Actu<\/a>.<\/p>\n<p>                    <script async src=\"\/\/www.instagram.com\/embed.js\"><\/script><\/p>\n","protected":false},"excerpt":{"rendered":"Par Thibault Nadal Publi\u00e9 le 27 ao\u00fbt 2025 \u00e0 12h13 Pas encore candidat, mais d\u00e9j\u00e0 dans l\u2019affrontement. Ce&hellip;\n","protected":false},"author":2,"featured_media":151887,"comment_status":"","ping_status":"","sticky":false,"template":"","format":"standard","meta":{"footnotes":""},"categories":[2814],"tags":[1111,11,6469,3008,4188,1777,674,1011,27,884,3434,12,316,882,25],"class_list":{"0":"post-347957","1":"post","2":"type-post","3":"status-publish","4":"format-standard","5":"has-post-thumbnail","7":"category-marseille","8":"tag-actu","9":"tag-actualites","10":"tag-benoit-payan","11":"tag-dechets","12":"tag-elections-municipales","13":"tag-eu","14":"tag-europe","15":"tag-fr","16":"tag-france","17":"tag-marseille","18":"tag-municipales-2026","19":"tag-news","20":"tag-politique","21":"tag-provence-alpes-cote-dazur","22":"tag-republique-francaise"},"share_on_mastodon":{"url":"https:\/\/pubeurope.com\/@fr\/115101601942452185","error":""},"_links":{"self":[{"href":"https:\/\/www.europesays.com\/fr\/wp-json\/wp\/v2\/posts\/347957","targetHints":{"allow":["GET"]}}],"collection":[{"href":"https:\/\/www.europesays.com\/fr\/wp-json\/wp\/v2\/posts"}],"about":[{"href":"https:\/\/www.europesays.com\/fr\/wp-json\/wp\/v2\/types\/post"}],"author":[{"embeddable":true,"href":"https:\/\/www.europesays.com\/fr\/wp-json\/wp\/v2\/users\/2"}],"replies":[{"embeddable":true,"href":"https:\/\/www.europesays.com\/fr\/wp-json\/wp\/v2\/comments?post=347957"}],"version-history":[{"count":0,"href":"https:\/\/www.europesays.com\/fr\/wp-json\/wp\/v2\/posts\/347957\/revisions"}],"wp:featuredmedia":[{"embeddable":true,"href":"https:\/\/www.europesays.com\/fr\/wp-json\/wp\/v2\/media\/151887"}],"wp:attachment":[{"href":"https:\/\/www.europesays.com\/fr\/wp-json\/wp\/v2\/media?parent=347957"}],"wp:term":[{"taxonomy":"category","embeddable":true,"href":"https:\/\/www.europesays.com\/fr\/wp-json\/wp\/v2\/categories?post=347957"},{"taxonomy":"post_tag","embeddable":true,"href":"https:\/\/www.europesays.com\/fr\/wp-json\/wp\/v2\/tags?post=347957"}],"curies":[{"name":"wp","href":"https:\/\/api.w.org\/{rel}","templated":true}]}}