{"id":347958,"date":"2025-08-27T16:10:10","date_gmt":"2025-08-27T16:10:10","guid":{"rendered":"https:\/\/www.europesays.com\/fr\/347958\/"},"modified":"2025-08-27T16:10:10","modified_gmt":"2025-08-27T16:10:10","slug":"marseille-au-guidon-dun-scooter-il-tente-dechapper-a-la-police-en-pleine-nuit-et-se-tue","status":"publish","type":"post","link":"https:\/\/www.europesays.com\/fr\/347958\/","title":{"rendered":"Marseille. Au guidon d&rsquo;un scooter, il tente d&rsquo;\u00e9chapper \u00e0 la police en pleine nuit et se tue"},"content":{"rendered":"<p>            Par<br \/>\n        <strong><br \/>\n            <a href=\"https:\/\/actu.fr\/auteur\/fabien-binacchi\" title=\"Consulter tous les articles de Fabien Binacchi\" target=\"_blank\" rel=\"noopener\">Fabien Binacchi<\/a><br \/>\n        <\/strong><\/p>\n<p>        Publi\u00e9 le<\/p>\n<p>            27 ao\u00fbt 2025 \u00e0 17h56        <\/p>\n<p>Il tentait d\u2019\u00e9chapper <a href=\"https:\/\/actu.fr\/tag\/police\" target=\"_blank\" rel=\"noopener\">aux forces de l\u2019ordre<\/a> au guidon d\u2019un scooter dont les plaques avaient \u00e9t\u00e9 vol\u00e9es. <strong>Un jeune homme de 20\u00a0ans est mort<\/strong> dans la nuit de ce mercredi 27\u00a0ao\u00fbt apr\u00e8s avoir fait une embard\u00e9e au cours d\u2019une course-poursuite, dans le 10e arrondissement de <a href=\"https:\/\/actu.fr\/marseille\/\" target=\"_blank\" rel=\"noopener\">Marseille<\/a>, a-t-on appris de source polici\u00e8re, confirmant une information initiale de <a href=\"https:\/\/www.laprovence.com\/article\/faits-divers-justice\/1884944993206414\/mort-dun-homme-de-20-ans-qui-voulait-echapper-a-scooter-a-un-controle-de-police\" target=\"_blank\" rel=\"noopener\">La Provence.<\/a><\/p>\n<p class=\" wall-content\">\u00ab\u2009Deux enqu\u00eates ont \u00e9t\u00e9 ouvertes, l\u2019une pour refus d\u2019obtemp\u00e9rer aggrav\u00e9, l\u2019autre pour homicide involontaire\u2009\u00bb, pr\u00e9cise le parquet \u00e0 notre r\u00e9daction.<\/p>\n<p>Il encha\u00eene les infractions<\/p>\n<p class=\" wall-content\">Il \u00e9tait un peu plus de 2h du matin, ce mercredi 27\u00a0ao\u00fbt 2025, quand des policiers prennent en chasse un scooter dans le 10e arrondissement de Marseille. Le pilote du deux-roues, qui circule \u00e0 vive allure, <strong>vient de griller un stop,<\/strong> selon nos informations.<\/p>\n<p class=\" wall-content\">Malgr\u00e9 les gyrophares, la sir\u00e8ne et les injonctions \u00e0 s\u2019arr\u00eater, <strong>l\u2019individu n\u2019obtemp\u00e8re pas.<\/strong> Il encha\u00eene m\u00eame les infractions en empruntant des sens interdits notamment.<\/p>\n<p>Les policiers lui prodiguent les premiers soins<\/p>\n<p class=\" wall-content\">Apr\u00e8s cinq minutes de cette <strong>conduite dangereuse<\/strong>, le pilote est stopp\u00e9 net. Dramatiquement. En montant sur un trottoir, avenue de la Capelette, il percute du mobilier urbain et chute tr\u00e8s lourdement.<\/p>\n<p>    <a href=\"https:\/\/www.google.com\/maps\/embed?pb=!1m18!1m12!1m3!1d3131.5241534327442!2d5.404845811963542!3d43.28071087100186!2m3!1f0!2f0!3f0!3m2!1i1024!2i768!4f13.1!3m3!1m2!1s0x12c9bf4cf5f43c87%3A0xfa474ffbed0224c0!2sAv.%20de%20la%20Capelette%2C%2013010%20Marseille!5e1!3m2!1sfr!2sfr!4v1756309673397!5m2!1sfr!2sfr\" title=\"Ouvrie le lien\" target=\"_blank\" rel=\"noopener\">Cliquez ici pour visualiser le contenu<\/a><\/p>\n<p class=\" wall-content\">Les policiers, qui <strong>constatent l\u2019absence de pouls,<\/strong> lui prodiguent les premiers soins. Tout de suite alert\u00e9s, les marins pompiers prennent rapidement le relais. Le jeune homme \u00ab\u2009a \u00e9t\u00e9 transport\u00e9 \u00e0 l\u2019h\u00f4pital en arr\u00eat cardiorespiratoire\u2009\u00bb, indiquent-ils \u00e0 actu Marseille.<\/p>\n<p>Votre r\u00e9gion, votre actu !<\/p>\n<p>Recevez chaque jour les infos qui comptent pour vous.<\/p>\n<p>\t<a href=\"https:\/\/actu.fr\/newsletter\" class=\"ac-btn ac-btn--corner ac-btn--medium ac-btn--blue800\" target=\"_blank\" rel=\"noopener\">S&rsquo;incrire<\/a><\/p>\n<p class=\" wall-content\">Il a finalement \u00e9t\u00e9 d\u00e9clar\u00e9 d\u00e9c\u00e9d\u00e9, confirme le parquet.<\/p>\n<p>Les possibles raisons de sa fuite<\/p>\n<p class=\" wall-content\">Selon les premiers \u00e9l\u00e9ments de l\u2019enqu\u00eate, il aurait pu vouloir \u00e9chapper au contr\u00f4le \u00e0 cause <strong>de plaques vol\u00e9es et d\u2019un d\u00e9faut d\u2019assurance sur son scooter.<\/strong><\/p>\n<p class=\" wall-content\">\u00ab\u2009Il ne portait pas de produits stup\u00e9fiants sur lui\u2009\u00bb, rel\u00e8ve le parquet.<\/p>\n<p class=\" wall-content\">Personnalisez votre actualit\u00e9 en ajoutant vos villes et m\u00e9dias en favori avec <a href=\"https:\/\/moncompte.actu.fr\" title=\"D\u00e9couvez Mon Actu\" rel=\"nofollow noopener\" data-trk=\"{&quot;cta&quot;:{&quot;action&quot;:&quot;https:\\\/\\\/moncompte.actu.fr&quot;,&quot;category&quot;:&quot;mon compte&quot;,&quot;from&quot;:&quot;article footer&quot;,&quot;name&quot;:&quot;Mon actu&quot;,&quot;type&quot;:&quot;cta&quot;}}\" target=\"_blank\">Mon Actu<\/a>.<\/p>\n","protected":false},"excerpt":{"rendered":"Par Fabien Binacchi Publi\u00e9 le 27 ao\u00fbt 2025 \u00e0 17h56 Il tentait d\u2019\u00e9chapper aux forces de l\u2019ordre au&hellip;\n","protected":false},"author":2,"featured_media":347959,"comment_status":"","ping_status":"","sticky":false,"template":"","format":"standard","meta":{"footnotes":""},"categories":[2814],"tags":[1111,11,1777,674,118,1011,27,17289,884,12,1072,882,2852,25],"class_list":{"0":"post-347958","1":"post","2":"type-post","3":"status-publish","4":"format-standard","5":"has-post-thumbnail","7":"category-marseille","8":"tag-actu","9":"tag-actualites","10":"tag-eu","11":"tag-europe","12":"tag-faits-divers","13":"tag-fr","14":"tag-france","15":"tag-marin-pompier","16":"tag-marseille","17":"tag-news","18":"tag-police","19":"tag-provence-alpes-cote-dazur","20":"tag-refus-dobtemperer","21":"tag-republique-francaise"},"share_on_mastodon":{"url":"https:\/\/pubeurope.com\/@fr\/115101605888210191","error":""},"_links":{"self":[{"href":"https:\/\/www.europesays.com\/fr\/wp-json\/wp\/v2\/posts\/347958","targetHints":{"allow":["GET"]}}],"collection":[{"href":"https:\/\/www.europesays.com\/fr\/wp-json\/wp\/v2\/posts"}],"about":[{"href":"https:\/\/www.europesays.com\/fr\/wp-json\/wp\/v2\/types\/post"}],"author":[{"embeddable":true,"href":"https:\/\/www.europesays.com\/fr\/wp-json\/wp\/v2\/users\/2"}],"replies":[{"embeddable":true,"href":"https:\/\/www.europesays.com\/fr\/wp-json\/wp\/v2\/comments?post=347958"}],"version-history":[{"count":0,"href":"https:\/\/www.europesays.com\/fr\/wp-json\/wp\/v2\/posts\/347958\/revisions"}],"wp:featuredmedia":[{"embeddable":true,"href":"https:\/\/www.europesays.com\/fr\/wp-json\/wp\/v2\/media\/347959"}],"wp:attachment":[{"href":"https:\/\/www.europesays.com\/fr\/wp-json\/wp\/v2\/media?parent=347958"}],"wp:term":[{"taxonomy":"category","embeddable":true,"href":"https:\/\/www.europesays.com\/fr\/wp-json\/wp\/v2\/categories?post=347958"},{"taxonomy":"post_tag","embeddable":true,"href":"https:\/\/www.europesays.com\/fr\/wp-json\/wp\/v2\/tags?post=347958"}],"curies":[{"name":"wp","href":"https:\/\/api.w.org\/{rel}","templated":true}]}}