{"id":347960,"date":"2025-08-27T16:11:16","date_gmt":"2025-08-27T16:11:16","guid":{"rendered":"https:\/\/www.europesays.com\/fr\/347960\/"},"modified":"2025-08-27T16:11:16","modified_gmt":"2025-08-27T16:11:16","slug":"une-annonce-importante-que-mijote-le-chef-bonnot","status":"publish","type":"post","link":"https:\/\/www.europesays.com\/fr\/347960\/","title":{"rendered":"\u00ab\u00a0une annonce importante\u00a0\u00bb, que mijote le chef Bonnot\u00a0?"},"content":{"rendered":"<p>Il veut \u00eatre une voix forte pour l\u2019avenir de Lyon, mais jouera-t-il les premiers r\u00f4les aux prochaines \u00e9lections municipales\u00a0? Fabrice Bonnot, chef du restaurant Cuisine et D\u00e9pendances, promet \u00ab\u00a0une annonce importante le 30\u00a0septembre [\u2026] fruit de longs mois de consultation et de r\u00e9flexion, pour l\u2019avenir du commerce\u2026 et peut-\u00eatre plus encore\u00a0\u00bb, peut-on lire dans un communiqu\u00e9 transmis ce mercredi 27\u00a0ao\u00fbt par l\u2019agence de publicit\u00e9 27\/30.<\/p>\n<p>En mars dernier d\u00e9j\u00e0, il affirmait dans nos colonnes que son engagement pour Lyon et ses habitants ne faisait que grandir. Depuis, celui qui est \u00e9galement\u00a0pr\u00e9sident de l\u2019association des commer\u00e7ants du quartier Charit\u00e9-Bellecour (2e) multiplierait les rencontres. Une mani\u00e8re \u00ab\u00a0d\u2019\u00e9couter, \u00e9changer et recueillir la parole de celles et ceux qui font battre le c\u0153ur de la cit\u00e9\u00a0: <a href=\"https:\/\/www.leprogres.fr\/economie\/2025\/03\/25\/commerces-en-presqu-ile-les-tresoreries-ne-vont-pas-instantanement-remonter-avec-la-fin-des-travaux\" target=\"_blank\" rel=\"nofollow noopener\">commer\u00e7ants, habitants, acteurs associatifs et institutionnels<\/a>.\u00a0\u00bb<\/p>\n<p>  \u00ab\u00a0La n\u00e9cessit\u00e9 de rassembler\u00a0\u00bb<\/p>\n<p>Fabrice Bonnot pointe aujourd\u2019hui trois enjeux majeurs entre Rh\u00f4ne et Sa\u00f4ne\u00a0: \u00ab\u00a0<a href=\"https:\/\/www.leprogres.fr\/economie\/2025\/05\/16\/lyon-s-eteint-a-petit-feu-le-chef-fabrice-bonnot-alerte-sur-une-baisse-de-l-activite-jamais-vue-en-centre-ville\" target=\"_blank\" rel=\"nofollow noopener\">la fragilit\u00e9 du commerce de proximit\u00e9<\/a> , l\u2019urgence de redonner souffle, vitalit\u00e9 et attractivit\u00e9 \u00e0 la ville, et la n\u00e9cessit\u00e9 de rassembler au-del\u00e0 des diff\u00e9rences, pour b\u00e2tir un projet commun, humain et solidaire.\u00a0\u00bb<\/p>\n<p>Une analyse proche de celle distill\u00e9e ces derniers mois, \u00e0 coups de tweets, par un certain Jean-Michel Aulas, dont la candidature se fait encore attendre.<\/p>\n","protected":false},"excerpt":{"rendered":"Il veut \u00eatre une voix forte pour l\u2019avenir de Lyon, mais jouera-t-il les premiers r\u00f4les aux prochaines \u00e9lections&hellip;\n","protected":false},"author":2,"featured_media":347961,"comment_status":"","ping_status":"","sticky":false,"template":"","format":"standard","meta":{"footnotes":""},"categories":[1889],"tags":[1111,11,2430,2757,4188,1777,674,107,1011,27,2428,2756,12,316,25,2429],"class_list":{"0":"post-347960","1":"post","2":"type-post","3":"status-publish","4":"format-standard","5":"has-post-thumbnail","7":"category-lyon","8":"tag-actu","9":"tag-actualites","10":"tag-auvergne-rhone-alpes","11":"tag-edition-lyon-villeurbanne","12":"tag-elections-municipales","13":"tag-eu","14":"tag-europe","15":"tag-fil-info","16":"tag-fr","17":"tag-france","18":"tag-lyon","19":"tag-lyon-bassin","20":"tag-news","21":"tag-politique","22":"tag-republique-francaise","23":"tag-rhone"},"share_on_mastodon":{"url":"https:\/\/pubeurope.com\/@fr\/115101609728241418","error":""},"_links":{"self":[{"href":"https:\/\/www.europesays.com\/fr\/wp-json\/wp\/v2\/posts\/347960","targetHints":{"allow":["GET"]}}],"collection":[{"href":"https:\/\/www.europesays.com\/fr\/wp-json\/wp\/v2\/posts"}],"about":[{"href":"https:\/\/www.europesays.com\/fr\/wp-json\/wp\/v2\/types\/post"}],"author":[{"embeddable":true,"href":"https:\/\/www.europesays.com\/fr\/wp-json\/wp\/v2\/users\/2"}],"replies":[{"embeddable":true,"href":"https:\/\/www.europesays.com\/fr\/wp-json\/wp\/v2\/comments?post=347960"}],"version-history":[{"count":0,"href":"https:\/\/www.europesays.com\/fr\/wp-json\/wp\/v2\/posts\/347960\/revisions"}],"wp:featuredmedia":[{"embeddable":true,"href":"https:\/\/www.europesays.com\/fr\/wp-json\/wp\/v2\/media\/347961"}],"wp:attachment":[{"href":"https:\/\/www.europesays.com\/fr\/wp-json\/wp\/v2\/media?parent=347960"}],"wp:term":[{"taxonomy":"category","embeddable":true,"href":"https:\/\/www.europesays.com\/fr\/wp-json\/wp\/v2\/categories?post=347960"},{"taxonomy":"post_tag","embeddable":true,"href":"https:\/\/www.europesays.com\/fr\/wp-json\/wp\/v2\/tags?post=347960"}],"curies":[{"name":"wp","href":"https:\/\/api.w.org\/{rel}","templated":true}]}}