{"id":347962,"date":"2025-08-27T16:12:12","date_gmt":"2025-08-27T16:12:12","guid":{"rendered":"https:\/\/www.europesays.com\/fr\/347962\/"},"modified":"2025-08-27T16:12:12","modified_gmt":"2025-08-27T16:12:12","slug":"je-vais-te-couper-ta-tete","status":"publish","type":"post","link":"https:\/\/www.europesays.com\/fr\/347962\/","title":{"rendered":"Je vais te couper ta t\u00eate"},"content":{"rendered":"<p>            Par<br \/>\n        <strong><br \/>\n            <a href=\"https:\/\/actu.fr\/auteur\/anthony-soudani\" title=\"Consulter tous les articles de Anthony Soudani\" target=\"_blank\" rel=\"noopener\">Anthony Soudani<\/a><br \/>\n        <\/strong><\/p>\n<p>        Publi\u00e9 le<\/p>\n<p>            27 ao\u00fbt 2025 \u00e0 17h32        <\/p>\n<p>Le parquet de <a href=\"https:\/\/actu.fr\/lyon\/\" target=\"_blank\" rel=\"noopener\">Lyon<\/a> a ouvert une enqu\u00eate ce mercredi 27 ao\u00fbt \u00e0 la suite d\u2019un direct vid\u00e9o alarmant sur la plateforme <a href=\"https:\/\/actu.fr\/provence-alpes-cote-d-azur\/contes_06048\/pres-de-nice-la-star-de-tiktok-et-twitch-jean-pormanove-retrouve-mort_63049081.html\" target=\"_blank\" rel=\"noopener\">Tiktok<\/a>. Un jeune homme, se disant Lyonnais et membre du groupe terroriste<strong> \u00c9tat islamique<\/strong>, s\u2019est film\u00e9 en live sur la plateforme chinoise en train de menacer de mort un internaute.\u00a0<\/p>\n<p>Il menace un Irakien de lui couper la t\u00eate<\/p>\n<p class=\" wall-content\">\u00ab\u00a0Viens ici, je vais te couper ta t\u00eate\u00a0\u00bb, lance-t-il dans une vid\u00e9o rep\u00e9r\u00e9e et publi\u00e9e mardi soir sur X par Chawki Benzehra, un activiste oppos\u00e9 au r\u00e9gime alg\u00e9rien, qui vit lui-m\u00eame \u00e0 Lyon.<\/p>\n<p class=\" wall-content\">Menac\u00e9 de mort en d\u00e9but d\u2019ann\u00e9e apr\u00e8s avoir traqu\u00e9 les vid\u00e9os d\u2019influenceurs alg\u00e9riens pr\u00e9sents dans l\u2019Hexagone et faisant l\u2019apologie du terrorisme, il est r\u00e9fugi\u00e9 en France.<\/p>\n<blockquote class=\"ac-article-quote wall-content\">\n<p>C\u2019est en direct sur la plateforme TikTok qu\u2019un Fran\u00e7ais issu de l\u2019immigration a d\u00e9clar\u00e9 son all\u00e9geance \u00e0 Daech. Pourtant, il est loin d\u2019\u00eatre le seul en France car des milliers de \u201csoldats dormants\u201d utilisent les r\u00e9seaux sociaux pour propager le m\u00eame discours. Ils pourraient \u00eatre facilement r\u00e9cup\u00e9r\u00e9s par Daech ou par des r\u00e9gimes hostiles, comme le r\u00e9gime iranien ou le r\u00e9gime alg\u00e9rien, pour commettre des actes hostiles contre leur pays de naissance : la France.<\/p>\n<p>    <strong>Chawki Benzehra<\/strong><br \/>\n        Propos de l&rsquo;activiste alg\u00e9rien sur X    <\/p><\/blockquote>\n<p class=\" wall-content\">Ce dernier affirme aupr\u00e8s du <a href=\"https:\/\/c.leprogres.fr\/faits-divers-justice\/2025\/08\/27\/un-lyonnais-radicalise-menace-de-decapiter-un-homme-sur-tiktok?at_content=link&amp;at_term=leprogres.lyon&amp;at_campaign=Facebook&amp;at_medium=Social&amp;at_source=nonli\" target=\"_blank\" rel=\"noopener\">Progr\u00e8s<\/a> que la s\u00e9quence a \u00e9t\u00e9 tourn\u00e9e vers 23h20, le m\u00eame jour. Il s\u2019agirait d\u2019un \u00e9change entre un Irakien r\u00e9fugi\u00e9 en Europe qui a abandonn\u00e9 la pratique de l\u2019islam et d\u2019autres internautes invit\u00e9s \u00e0 d\u00e9battre.<\/p>\n<p>\u00ab\u00a0Nous sommes l\u2019\u00c9tat islamique\u00a0\u00bb<\/p>\n<p class=\" wall-content\">Selon la traduction de Chawki Benzehra et nos confr\u00e8res, le jeune homme pr\u00e9nomm\u00e9 Ibrahim qualifierait l\u2019Irakien \u00ab\u00a0d\u2019apostat et se f\u00e9liciterait que <strong>Daesh<\/strong> a tu\u00e9 des membres de la minorit\u00e9 y\u00e9zidie\u00a0\u00bb. Et d\u2019ajouter : \u00ab\u00a0Nous sommes l\u2019\u00c9tat islamique. Vous \u00eates des cochons.\u00a0\u00bb<\/p>\n<p class=\" wall-content\">La pr\u00e9f\u00e8te du Rh\u00f4ne, Fabienne Buccio, a rapidement r\u00e9agi ce mercredi 27 ao\u00fbt : \u00ab\u00a0Compte tenu des propos prof\u00e9r\u00e9s dans la vid\u00e9o mentionn\u00e9e, <strong>un signalement a \u00e9t\u00e9 r\u00e9alis\u00e9 aupr\u00e8s de la plateforme Pharos<\/strong> par la police nationale. Ne relayez pas cette vid\u00e9o.\u00a0\u00bb\u00a0<\/p>\n<p class=\" wall-content\">Personnalisez votre actualit\u00e9 en ajoutant vos villes et m\u00e9dias en favori avec <a href=\"https:\/\/moncompte.actu.fr\" title=\"D\u00e9couvez Mon Actu\" rel=\"nofollow noopener\" data-trk=\"{&quot;cta&quot;:{&quot;action&quot;:&quot;https:\\\/\\\/moncompte.actu.fr&quot;,&quot;category&quot;:&quot;mon compte&quot;,&quot;from&quot;:&quot;article footer&quot;,&quot;name&quot;:&quot;Mon actu&quot;,&quot;type&quot;:&quot;cta&quot;}}\" target=\"_blank\">Mon Actu<\/a>.<\/p>\n","protected":false},"excerpt":{"rendered":"Par Anthony Soudani Publi\u00e9 le 27 ao\u00fbt 2025 \u00e0 17h32 Le parquet de Lyon a ouvert une enqu\u00eate&hellip;\n","protected":false},"author":2,"featured_media":347963,"comment_status":"","ping_status":"","sticky":false,"template":"","format":"standard","meta":{"footnotes":""},"categories":[1889],"tags":[1111,11,2430,1777,674,118,1011,27,2428,12,9450,25,1254,2439],"class_list":{"0":"post-347962","1":"post","2":"type-post","3":"status-publish","4":"format-standard","5":"has-post-thumbnail","7":"category-lyon","8":"tag-actu","9":"tag-actualites","10":"tag-auvergne-rhone-alpes","11":"tag-eu","12":"tag-europe","13":"tag-faits-divers","14":"tag-fr","15":"tag-france","16":"tag-lyon","17":"tag-news","18":"tag-prefecture-du-rhone","19":"tag-republique-francaise","20":"tag-terrorisme","21":"tag-tiktok"},"share_on_mastodon":{"url":"https:\/\/pubeurope.com\/@fr\/115101613641002246","error":""},"_links":{"self":[{"href":"https:\/\/www.europesays.com\/fr\/wp-json\/wp\/v2\/posts\/347962","targetHints":{"allow":["GET"]}}],"collection":[{"href":"https:\/\/www.europesays.com\/fr\/wp-json\/wp\/v2\/posts"}],"about":[{"href":"https:\/\/www.europesays.com\/fr\/wp-json\/wp\/v2\/types\/post"}],"author":[{"embeddable":true,"href":"https:\/\/www.europesays.com\/fr\/wp-json\/wp\/v2\/users\/2"}],"replies":[{"embeddable":true,"href":"https:\/\/www.europesays.com\/fr\/wp-json\/wp\/v2\/comments?post=347962"}],"version-history":[{"count":0,"href":"https:\/\/www.europesays.com\/fr\/wp-json\/wp\/v2\/posts\/347962\/revisions"}],"wp:featuredmedia":[{"embeddable":true,"href":"https:\/\/www.europesays.com\/fr\/wp-json\/wp\/v2\/media\/347963"}],"wp:attachment":[{"href":"https:\/\/www.europesays.com\/fr\/wp-json\/wp\/v2\/media?parent=347962"}],"wp:term":[{"taxonomy":"category","embeddable":true,"href":"https:\/\/www.europesays.com\/fr\/wp-json\/wp\/v2\/categories?post=347962"},{"taxonomy":"post_tag","embeddable":true,"href":"https:\/\/www.europesays.com\/fr\/wp-json\/wp\/v2\/tags?post=347962"}],"curies":[{"name":"wp","href":"https:\/\/api.w.org\/{rel}","templated":true}]}}