{"id":347964,"date":"2025-08-27T16:14:13","date_gmt":"2025-08-27T16:14:13","guid":{"rendered":"https:\/\/www.europesays.com\/fr\/347964\/"},"modified":"2025-08-27T16:14:13","modified_gmt":"2025-08-27T16:14:13","slug":"pollution-en-ile-de-france-la-qualite-de-lair-sameliore-depuis-20-ans","status":"publish","type":"post","link":"https:\/\/www.europesays.com\/fr\/347964\/","title":{"rendered":"Pollution : en Ile-de-France, la qualit\u00e9 de l&rsquo;air s&rsquo;am\u00e9liore depuis 20 ans"},"content":{"rendered":"<ul class=\"jsx-862013697 ArticleChapo__List\">\n<li class=\"jsx-862013697 ArticleChapo__List_Item flex\">Au cours des derni\u00e8res d\u00e9cennies, la qualit\u00e9 de l\u2019air s\u2019est largement am\u00e9lior\u00e9e \u00e0 Paris, selon une \u00e9tude publi\u00e9e ce mercredi par Airparif.<\/li>\n<li class=\"jsx-862013697 ArticleChapo__List_Item flex\">Trois facteurs expliquent cette am\u00e9lioration selon l&rsquo;association : la modernisation du parc roulant, la diminution du trafic routier, et la r\u00e9duction des sources de pollution autres que le trafic.<\/li>\n<li class=\"jsx-862013697 ArticleChapo__List_Item flex\">Malgr\u00e9 ces progr\u00e8s, la qualit\u00e9 de l&rsquo;air reste un enjeu majeur pour la sant\u00e9, pointe-t-elle.<\/li>\n<\/ul>\n<p><a href=\"https:\/\/www.tf1info.fr\/actualite\/initiatives-environnementales-12929\/\" rel=\"noopener\" class=\"jsx-484472199 Link jsx-1428418400 jsx-1797245342\" target=\"_blank\"><\/p>\n<p style=\"font-weight:400\" class=\"jsx-1837267516\">Suivez la couverture compl\u00e8te<\/p>\n<p style=\"font-weight:800\" class=\"jsx-1837267516\">Initiatives environnementales<\/p>\n<p><\/a><\/p>\n<p data-module=\"article-paragraph\" class=\"jsx-3046738180 Paragraph\">Un bol d&rsquo;air frais pour l&rsquo;Ile-de-France.\u00a0Selon une \u00e9tude publi\u00e9e par Airparif mercredi 27 ao\u00fbt,\u00a0la qualit\u00e9 de l\u2019air s\u2019est \u00ab\u00a0largement am\u00e9lior\u00e9e\u00a0\u00bb en vingt ans dans toute la r\u00e9gion, avec des niveaux de pollution divis\u00e9s par deux.\u00a0<\/p>\n<p data-module=\"article-paragraph\" class=\"jsx-3046738180 Paragraph Paragraph__End\">En partenariat avec la Ville de Paris, l&rsquo;association a \u00e9valu\u00e9 l\u2019efficacit\u00e9 des <a href=\"https:\/\/www.tf1info.fr\/politique\/la-suppression-des-zfe-confirmee-par-l-assemblee-nationale-2377584.html\" target=\"_blank\" rel=\"noopener\">politiques publiques environnementales.<\/a> Les r\u00e9sultats montrent qu\u2019elles ont conduit \u00e0 une baisse des niveaux de pollution auxquels sont expos\u00e9s les Parisiens, de 40% en moyenne pour le dioxyde d\u2019azote (NO\u2082) et de 28% pour les particules fines (PM2.5). Les \u00e9missions de dioxyde de carbone, dues au trafic routier, ont, elles, baiss\u00e9 de 35%.<\/p>\n<p>Voitures neuves et \u00e9lectriques, diminution du trafic routier&#8230;<\/p>\n<p data-module=\"article-paragraph\" class=\"jsx-3046738180 Paragraph\">Ainsi, entre 2012 et 2022, les concentrations des polluants de l&rsquo;air les plus nocifs pour la sant\u00e9 humaine &#8211; le <a href=\"https:\/\/www.tf1info.fr\/environnement-ecologie\/pollution-de-l-air-au-dioxyde-d-azote-la-france-condamnee-par-la-justice-europeenne-2135790.html\" target=\"_blank\" rel=\"noopener\">dioxyde d&rsquo;azote<\/a> et les <a href=\"https:\/\/www.tf1info.fr\/environnement-ecologie\/pollution-dou-proviennent-les-particules-fines-1545486.html\" target=\"_blank\" rel=\"noopener\">particules fines<\/a> &#8211; ont baiss\u00e9 de 40% pour le premier et 28% pour le second : \u00ab\u00a0Cette baisse est majoritairement li\u00e9e au renouvellement du parc de v\u00e9hicules avec \u00e0 la fois la pr\u00e9sence de v\u00e9hicules plus r\u00e9cents, et donc moins polluants, et l\u2019introduction de v\u00e9hicules \u00e9lectriques\u00a0\u00bb, d\u00e9taille Airparif.\u00a0<\/p>\n<p data-module=\"article-paragraph\" class=\"jsx-3046738180 Paragraph Paragraph__End\">\u00c0 la modernisation du parc roulant, s&rsquo;ajoute la r\u00e9duction du trafic routier, avec \u00ab\u00a0le d\u00e9veloppement des mobilit\u00e9s douces, des transports en commun\u00a0\u00bb, des \u00ab\u00a0restrictions de circulation sur certains axes\u00a0\u00bb et des \u00ab\u00a0politiques de stationnement\u00a0\u00bb, ajoute l&rsquo;association.<\/p>\n<blockquote class=\"jsx-2786790838 Quote__Text\"><p>Les 10% d\u2019habitants les plus expos\u00e9s ont connu une am\u00e9lioration de la qualit\u00e9 de l\u2019air plus importante que la moyenne des Parisiens<\/p><\/blockquote>\n<p>Airparif<\/p>\n<p data-module=\"article-paragraph\" class=\"jsx-3046738180 Paragraph Paragraph__End\">Les politiques publiques men\u00e9es pour diminuer les \u00e9missions des autres secteurs (industrie, chauffage r\u00e9sidentiel et tertiaire, production d&rsquo;\u00e9nergie&#8230;) ont \u00e9galement contribu\u00e9 \u00e0 cette am\u00e9lioration.\u00a0Cette \u00e9tude met aussi en avant l&rsquo;am\u00e9lioration de la qualit\u00e9 de l&rsquo;air pour les habitants des zones les plus pollu\u00e9es, voisins des grands axes routiers parisiens. En effet, \u00ab\u00a0les 10% d\u2019habitants les plus expos\u00e9s ont connu une am\u00e9lioration de la qualit\u00e9 de l\u2019air plus importante que la moyenne des Parisiens\u00a0\u00bb, avec des niveaux moyens qui ont baiss\u00e9 de 45% en dioxyde d&rsquo;azote, et de 31% en particules fines sur cette p\u00e9riode.\u00a0<\/p>\n<p><a href=\"https:\/\/www.tf1info.fr\/environnement-ecologie\/pourquoi-la-pollution-de-l-air-s-aggrave-quand-il-fait-tres-chaud-2388279.html\" rel=\"noopener\" class=\"jsx-3308031228 Link flex\" target=\"_blank\"><img decoding=\"async\" src=\"https:\/\/www.europesays.com\/fr\/wp-content\/uploads\/2025\/06\/paris-la-vilette-canicule-29-juin-2025-58d8ef-0@1x.jpeg\" alt=\"Julie SEBADELHA \/ AFP\" loading=\"lazy\" importance=\"low\" fetchpriority=\"low\" class=\"\" aria-hidden=\"true\"\/><\/p>\n<p class=\"jsx-3657663356 ReadMoreArticle__Title\">Lire aussi<\/p>\n<p class=\"jsx-3657663356\">Pourquoi la pollution de l\u2019air s\u2019aggrave quand il fait tr\u00e8s chaud ?<\/p>\n<p><\/a><\/p>\n<p data-module=\"article-paragraph\" class=\"jsx-3046738180 Paragraph\">Au-del\u00e0 des polluants atmosph\u00e9riques, les \u00e9missions de dioxyde de carbone (CO2), en grande partie responsables du r\u00e9chauffement climatique, ont diminu\u00e9 de 35 % entre 2012 et 2022. Cette baisse est majoritairement li\u00e9e \u00ab\u00a0\u00e0 la r\u00e9duction du trafic qui en explique les trois quarts, tandis que la modernisation du parc de v\u00e9hicules y contribue pour un quart\u00a0\u00bb, pointe Airparif.<\/p>\n<p data-module=\"article-paragraph\" class=\"jsx-3046738180 Paragraph Paragraph__End\">Si la situation s&rsquo;est nettement am\u00e9lior\u00e9e, \u00ab\u00a0avec un gain sanitaire, notamment en termes d\u2019esp\u00e9rance de vie et de maladies chroniques\u00a0\u00bb, l&rsquo;association souligne l&rsquo;enjeu majeur de la qualit\u00e9 de l&rsquo;air au regard de la sant\u00e9.\u00a0Selon l\u2019Observatoire r\u00e9gional de sant\u00e9 d\u2019\u00cele-de-France, sur la base des donn\u00e9es d\u2019Airparif, <a href=\"https:\/\/www.airparif.fr\/effets-sur-la-sante\" rel=\"nofollow noopener\" target=\"_blank\">la pollution de l&rsquo;air est responsable de 7.900 d\u00e9c\u00e8s pr\u00e9matur\u00e9s <\/a>chaque ann\u00e9e dans la r\u00e9gion, soit une perte d\u2019esp\u00e9rance de vie de pr\u00e8s de 10 mois, et 11% de la mortalit\u00e9 totale de l\u2019\u00cele-de-France.\u00a0<\/p>\n<p>Ambre BERTOCCHI<\/p>\n","protected":false},"excerpt":{"rendered":"Au cours des derni\u00e8res d\u00e9cennies, la qualit\u00e9 de l\u2019air s\u2019est largement am\u00e9lior\u00e9e \u00e0 Paris, selon une \u00e9tude publi\u00e9e&hellip;\n","protected":false},"author":2,"featured_media":347965,"comment_status":"","ping_status":"","sticky":false,"template":"","format":"standard","meta":{"footnotes":""},"categories":[1592],"tags":[1111,11,1921,51,1777,674,1011,27,662,1922,8472,48409,48410,12,626,52,1800,25,71,133,5737],"class_list":{"0":"post-347964","1":"post","2":"type-post","3":"status-publish","4":"format-standard","5":"has-post-thumbnail","7":"category-ile-de-france","8":"tag-actu","9":"tag-actualites","10":"tag-article-video","11":"tag-ecologie","12":"tag-eu","13":"tag-europe","14":"tag-fr","15":"tag-france","16":"tag-ile-de-france","17":"tag-info","18":"tag-initiatives-environnementales","19":"tag-la-voiture-electrique","20":"tag-le-vehicule-de-demain","21":"tag-news","22":"tag-paris","23":"tag-planete","24":"tag-pollution","25":"tag-republique-francaise","26":"tag-sante","27":"tag-video","28":"tag-video-environnement"},"share_on_mastodon":{"url":"https:\/\/pubeurope.com\/@fr\/115101622378415123","error":""},"_links":{"self":[{"href":"https:\/\/www.europesays.com\/fr\/wp-json\/wp\/v2\/posts\/347964","targetHints":{"allow":["GET"]}}],"collection":[{"href":"https:\/\/www.europesays.com\/fr\/wp-json\/wp\/v2\/posts"}],"about":[{"href":"https:\/\/www.europesays.com\/fr\/wp-json\/wp\/v2\/types\/post"}],"author":[{"embeddable":true,"href":"https:\/\/www.europesays.com\/fr\/wp-json\/wp\/v2\/users\/2"}],"replies":[{"embeddable":true,"href":"https:\/\/www.europesays.com\/fr\/wp-json\/wp\/v2\/comments?post=347964"}],"version-history":[{"count":0,"href":"https:\/\/www.europesays.com\/fr\/wp-json\/wp\/v2\/posts\/347964\/revisions"}],"wp:featuredmedia":[{"embeddable":true,"href":"https:\/\/www.europesays.com\/fr\/wp-json\/wp\/v2\/media\/347965"}],"wp:attachment":[{"href":"https:\/\/www.europesays.com\/fr\/wp-json\/wp\/v2\/media?parent=347964"}],"wp:term":[{"taxonomy":"category","embeddable":true,"href":"https:\/\/www.europesays.com\/fr\/wp-json\/wp\/v2\/categories?post=347964"},{"taxonomy":"post_tag","embeddable":true,"href":"https:\/\/www.europesays.com\/fr\/wp-json\/wp\/v2\/tags?post=347964"}],"curies":[{"name":"wp","href":"https:\/\/api.w.org\/{rel}","templated":true}]}}