{"id":347968,"date":"2025-08-27T16:16:14","date_gmt":"2025-08-27T16:16:14","guid":{"rendered":"https:\/\/www.europesays.com\/fr\/347968\/"},"modified":"2025-08-27T16:16:14","modified_gmt":"2025-08-27T16:16:14","slug":"face-au-surtourisme-paris-veut-moins-de-cars","status":"publish","type":"post","link":"https:\/\/www.europesays.com\/fr\/347968\/","title":{"rendered":"face au surtourisme, Paris veut moins de cars"},"content":{"rendered":"<p>Au pied de la butte Montmartre \u00e0 Paris, des dizaines d&rsquo;autocars d\u00e9posent et collectent leurs flots de touristes, stationnant en double file ou tournant sur le boulevard. \u00ab\u00a0Une invasion\u00a0\u00bb selon Julie Meynard, riveraine, et des nuisances qui alarment la mairie.<\/p>\n<p>A proximit\u00e9 de cette habitante du quartier du nord de Paris depuis dix ans, un car stationne sur un passage pi\u00e9ton, bloquant l&rsquo;acc\u00e8s \u00e0 sa rue. \u00ab\u00a0Une illustration parfaite de ce qui arrive tout le temps\u00a0\u00bb, soupire la coach en entreprise qui a lanc\u00e9 en 2023 une p\u00e9tition sur la plateforme change.org pour essayer de faire bouger les pouvoirs publics sur ce qu&rsquo;elle consid\u00e8re comme une cons\u00e9quence du \u00ab\u00a0surtourisme\u00a0\u00bb.<\/p>\n<p>\u00ab\u00a0Il y a une pollution aussi atmosph\u00e9rique, mais surtout une pollution visuelle et une difficult\u00e9 pour circuler ensemble et cohabiter\u00a0\u00bb, r\u00e9sume-t-elle.<\/p>\n<p>Cet \u00e9t\u00e9, tandis que la capitale a retrouv\u00e9 son niveau de fr\u00e9quentation touristique pr\u00e9-pand\u00e9mie, la mairie de Paris a justement commenc\u00e9 \u00e0 pointer une \u00ab\u00a0surconcentration\u00a0\u00bb de celle-ci dans certains quartiers: Montmartre, les abords de la tour Eiffel, ceux du Panth\u00e9on dans le Quartier latin, les Champs-Elys\u00e9es&#8230;<\/p>\n<p>\u00ab\u00a0Il faut qu&rsquo;on stabilise le nombre de touristes \u00e0 Paris, il faut qu&rsquo;on r\u00e9gule\u00a0\u00bb, estime Fr\u00e9d\u00e9ric Hocquard, adjoint \u00e0 la maire de Paris en charge du tourisme et de la vie nocturne. Le Grand Paris, qui regroupe la capitale et sa petite couronne, a compt\u00e9 36,3 millions de visiteurs en 2024.<\/p>\n<p>Dans la cible de la mairie: les autocars. \u00ab\u00a0Entre 500 et 600 bus de tours op\u00e9rateurs\u00a0\u00bb en moyenne acc\u00e8dent chaque jour \u00e0 la capitale, occasionnant \u00ab\u00a0une suractivit\u00e9 et une suroccupation de l&rsquo;espace\u00a0\u00bb, alerte l&rsquo;\u00e9lu, qui souhaite \u00e0 terme \u00ab\u00a0exclure les cars de tourisme\u00a0\u00bb de la ville.<\/p>\n<p>&#8211; Amende de 135 euros &#8211;<\/p>\n<p>Ces autocars, dont 95% circulaient au diesel au 1er janvier 2024 selon les autorit\u00e9s, sont lou\u00e9s par des agences de voyage pour des tours de quelques jours \u00e0 travers la capitale.<\/p>\n<p>Pour Mert Oz, guide touristique turc qui s&rsquo;exprime aupr\u00e8s de son car gar\u00e9 au pied de la butte Montmartre, impossible d&rsquo;utiliser les transports en commun. \u00ab\u00a0C&rsquo;est pas facile de voyager avec le m\u00e9tro parce que nous sommes 40 (&#8230;), je peux oublier certaines personnes\u00a0\u00bb, rel\u00e8ve-t-il.<\/p>\n<p>\u00ab\u00a0Seule, je ne sais pas comment voyager dans cette ville\u00a0\u00bb, affirme de son c\u00f4t\u00e9 Aiden Zhang, touriste chinoise tout juste descendue de son car un peu plus loin, tandis qu&rsquo;un de ses compatriotes montre des photos de Notre-Dame, l&rsquo;\u00e9tape pr\u00e9c\u00e9dente de leur parcours express de deux jours.<\/p>\n<p>Cette forme de tourisme dans la ville-lumi\u00e8re est fermement d\u00e9fendue par les autocaristes. \u00ab\u00a0Il ne faut pas du tout stigmatiser ce mode de transport qui est tr\u00e8s d\u00e9velopp\u00e9 \u00e0 l&rsquo;\u00e9tranger, et qui ferait un manque \u00e0 gagner tr\u00e8s important pour toute la cha\u00eene touristique\u00a0\u00bb, estime Ingrid Mareschal, d\u00e9l\u00e9gu\u00e9e g\u00e9n\u00e9rale de la F\u00e9d\u00e9ration nationale des transports de voyageurs.<\/p>\n<p>Les nuisances v\u00e9cues par les riverains sont li\u00e9es, selon elle, \u00e0 une r\u00e9duction des places de stationnement par la mairie, poussant certains cars \u00e0 ne pas respecter la r\u00e9glementation.<\/p>\n<p>Parmi les dizaines d&rsquo;autocars align\u00e9s sur le boulevard Haussmann, \u00e0 proximit\u00e9 des grands magasins, celui de Gilberto Almeida est en warnings au bord d&rsquo;une piste cyclable.<\/p>\n<p>Le chauffeur de 58 ans vient d&rsquo;\u00e9coper d&rsquo;une amende de 135 euros pour stationnement interdit sur une voie de bus pr\u00e8s de l&rsquo;Olympia, c\u00e9l\u00e8bre music-hall, explique-t-il avant de s&rsquo;\u00e9clipser \u00e0 l&rsquo;arriv\u00e9e de ses passagers press\u00e9s.<\/p>\n<p>\u00ab\u00a0Si on met en place un flux de transport, de circulation et de stationnement vertueux, les autocars ne seront plus g\u00eanants\u00a0\u00bb, assure Ingrid Mareschal au nom du secteur.<\/p>\n<p>Ce conflit entre autocars et mairie n&rsquo;est pas r\u00e9cent. Au moment de l&rsquo;entr\u00e9e en vigueur de la zone \u00e0 trafic limit\u00e9 du centre de Paris en novembre dernier, les autocars avaient \u00e9chapp\u00e9 in extremis \u00e0 une interdiction totale de circulation dans les quatre arrondissements concern\u00e9s.<\/p>\n<p>dmv\/bfa\/yk<\/p>\n","protected":false},"excerpt":{"rendered":"Au pied de la butte Montmartre \u00e0 Paris, des dizaines d&rsquo;autocars d\u00e9posent et collectent leurs flots de touristes,&hellip;\n","protected":false},"author":2,"featured_media":347969,"comment_status":"","ping_status":"","sticky":false,"template":"","format":"standard","meta":{"footnotes":""},"categories":[1888],"tags":[1111,1928,11,1927,1777,674,1011,27,4909,12258,2381,12,1926,626,1925,25],"class_list":{"0":"post-347968","1":"post","2":"type-post","3":"status-publish","4":"format-standard","5":"has-post-thumbnail","7":"category-paris","8":"tag-actu","9":"tag-actu-paris","10":"tag-actualites","11":"tag-actualites-paris","12":"tag-eu","13":"tag-europe","14":"tag-fr","15":"tag-france","16":"tag-la-capitale","17":"tag-maire-de-paris","18":"tag-mairie-de-paris","19":"tag-news","20":"tag-news-paris","21":"tag-paris","22":"tag-paris-news","23":"tag-republique-francaise"},"share_on_mastodon":{"url":"https:\/\/pubeurope.com\/@fr\/115101629344342644","error":""},"_links":{"self":[{"href":"https:\/\/www.europesays.com\/fr\/wp-json\/wp\/v2\/posts\/347968","targetHints":{"allow":["GET"]}}],"collection":[{"href":"https:\/\/www.europesays.com\/fr\/wp-json\/wp\/v2\/posts"}],"about":[{"href":"https:\/\/www.europesays.com\/fr\/wp-json\/wp\/v2\/types\/post"}],"author":[{"embeddable":true,"href":"https:\/\/www.europesays.com\/fr\/wp-json\/wp\/v2\/users\/2"}],"replies":[{"embeddable":true,"href":"https:\/\/www.europesays.com\/fr\/wp-json\/wp\/v2\/comments?post=347968"}],"version-history":[{"count":0,"href":"https:\/\/www.europesays.com\/fr\/wp-json\/wp\/v2\/posts\/347968\/revisions"}],"wp:featuredmedia":[{"embeddable":true,"href":"https:\/\/www.europesays.com\/fr\/wp-json\/wp\/v2\/media\/347969"}],"wp:attachment":[{"href":"https:\/\/www.europesays.com\/fr\/wp-json\/wp\/v2\/media?parent=347968"}],"wp:term":[{"taxonomy":"category","embeddable":true,"href":"https:\/\/www.europesays.com\/fr\/wp-json\/wp\/v2\/categories?post=347968"},{"taxonomy":"post_tag","embeddable":true,"href":"https:\/\/www.europesays.com\/fr\/wp-json\/wp\/v2\/tags?post=347968"}],"curies":[{"name":"wp","href":"https:\/\/api.w.org\/{rel}","templated":true}]}}