{"id":34797,"date":"2025-04-18T19:54:38","date_gmt":"2025-04-18T19:54:38","guid":{"rendered":"https:\/\/www.europesays.com\/fr\/34797\/"},"modified":"2025-04-18T19:54:38","modified_gmt":"2025-04-18T19:54:38","slug":"des-collegiens-paniques-par-la-demande-dun-inconnu-suspect-les-gendarmes-interviennent","status":"publish","type":"post","link":"https:\/\/www.europesays.com\/fr\/34797\/","title":{"rendered":"des coll\u00e9giens paniqu\u00e9s par la demande d\u2019un inconnu suspect, les gendarmes interviennent"},"content":{"rendered":"<p itemprop=\"description\"><strong>Pr\u00e8s du coll\u00e8ge Pompidou de Claix, un individu a sem\u00e9 la panique chez certains \u00e9l\u00e8ves en leur proposant de monter dans sa voiture ce lundi. La demande aurait \u00e9t\u00e9 mal interpr\u00e9t\u00e9e par les adolescents.<\/strong><\/p>\n<p class=\"x_MsoNormal\" style=\"color: #242424; font-style: normal; font-variant-ligatures: normal; font-variant-caps: normal; font-weight: 400; letter-spacing: normal; orphans: 2; text-align: start; text-indent: 0px; text-transform: none; widows: 2; word-spacing: 0px; -webkit-text-stroke-width: 0px; white-space: normal; background-color: #ffffff; text-decoration-thickness: initial; text-decoration-style: initial; text-decoration-color: initial; margin: 0cm 0cm 8pt; line-height: 18.4px; font-size: 12pt; font-family: Calibri, sans-serif;\">En fin d\u2019apr\u00e8s-midi, ce lundi 14 avril, un parent d\u2019\u00e9l\u00e8ve a lanc\u00e9 un message d\u2019alerte sur Facebook suite \u00e0 des agissements suspects de la part d\u2019un automobiliste devant le coll\u00e8ge Georges Pompidou de la commune de Claix, en Is\u00e8re.<\/p>\n<p class=\"x_MsoNormal\" style=\"color: #242424; font-style: normal; font-variant-ligatures: normal; font-variant-caps: normal; font-weight: 400; letter-spacing: normal; orphans: 2; text-align: start; text-indent: 0px; text-transform: none; widows: 2; word-spacing: 0px; -webkit-text-stroke-width: 0px; white-space: normal; background-color: #ffffff; text-decoration-thickness: initial; text-decoration-style: initial; text-decoration-color: initial; margin: 0cm 0cm 8pt; line-height: 18.4px; font-size: 12pt; font-family: Calibri, sans-serif;\"><strong>Fausse alerte<\/strong><\/p>\n<p class=\"x_MsoNormal\" style=\"color: #242424; font-style: normal; font-variant-ligatures: normal; font-variant-caps: normal; font-weight: 400; letter-spacing: normal; orphans: 2; text-align: start; text-indent: 0px; text-transform: none; widows: 2; word-spacing: 0px; -webkit-text-stroke-width: 0px; white-space: normal; background-color: #ffffff; text-decoration-thickness: initial; text-decoration-style: initial; text-decoration-color: initial; margin: 0cm 0cm 8pt; line-height: 18.4px; font-size: 12pt; font-family: Calibri, sans-serif;\">Aucun enfant n\u2019est, en revanche, mont\u00e9 dans la voiture noire de l\u2019individu. Alert\u00e9s, les gendarmes se sont imm\u00e9diatement rendus sur les lieux, mais le suspect n\u2019y \u00e9tait plus. Gr\u00e2ce \u00e0 l\u2019aide de plusieurs t\u00e9moins, l\u2019identit\u00e9 de l\u2019automobiliste a pu \u00eatre retrouv\u00e9e. Il s\u2019agissait bel-et-bien d\u2019un chauffeur de taxi qui transporte habituellement des \u00e9l\u00e8ves handicap\u00e9s et qui \u00e9tait en r\u00e8gle ce soir-l\u00e0 selon le Dauphin\u00e9 Lib\u00e9r\u00e9.<\/p>\n<p class=\"x_MsoNormal\" style=\"color: #242424; font-style: normal; font-variant-ligatures: normal; font-variant-caps: normal; font-weight: 400; letter-spacing: normal; orphans: 2; text-align: start; text-indent: 0px; text-transform: none; widows: 2; word-spacing: 0px; -webkit-text-stroke-width: 0px; white-space: normal; background-color: #ffffff; text-decoration-thickness: initial; text-decoration-style: initial; text-decoration-color: initial; margin: 0cm 0cm 8pt; line-height: 18.4px; font-size: 12pt; font-family: Calibri, sans-serif;\">Manifestement, les coll\u00e9giens ont mal interpr\u00e9t\u00e9 la demande de l\u2019adulte, puisque ce dernier leur aurait propos\u00e9 ses services en l\u2019absence de l\u2019\u00e9l\u00e8ve qu\u2019il devait raccompagner.<\/p>\n","protected":false},"excerpt":{"rendered":"Pr\u00e8s du coll\u00e8ge Pompidou de Claix, un individu a sem\u00e9 la panique chez certains \u00e9l\u00e8ves en leur proposant&hellip;\n","protected":false},"author":2,"featured_media":34798,"comment_status":"","ping_status":"","sticky":false,"template":"","format":"standard","meta":{"footnotes":""},"categories":[9566],"tags":[1111,11,7733,8279,2430,7736,650,7734,2889,2263,1777,674,1011,27,2731,8280,6417,1114,108,4662,12,3725,1825,25,7737],"class_list":{"0":"post-34797","1":"post","2":"type-post","3":"status-publish","4":"format-standard","5":"has-post-thumbnail","7":"category-grenoble","8":"tag-actu","9":"tag-actualites","10":"tag-alpes","11":"tag-alpes1","12":"tag-auvergne-rhone-alpes","13":"tag-cds","14":"tag-cinema","15":"tag-ecoute","16":"tag-emission","17":"tag-equipe","18":"tag-eu","19":"tag-europe","20":"tag-fr","21":"tag-france","22":"tag-grenoble","23":"tag-haute","24":"tag-information","25":"tag-infos","26":"tag-isere","27":"tag-journal","28":"tag-news","29":"tag-podcast","30":"tag-radio","31":"tag-republique-francaise","32":"tag-winamp"},"share_on_mastodon":{"url":"https:\/\/pubeurope.com\/@fr\/114360724064628747","error":""},"_links":{"self":[{"href":"https:\/\/www.europesays.com\/fr\/wp-json\/wp\/v2\/posts\/34797","targetHints":{"allow":["GET"]}}],"collection":[{"href":"https:\/\/www.europesays.com\/fr\/wp-json\/wp\/v2\/posts"}],"about":[{"href":"https:\/\/www.europesays.com\/fr\/wp-json\/wp\/v2\/types\/post"}],"author":[{"embeddable":true,"href":"https:\/\/www.europesays.com\/fr\/wp-json\/wp\/v2\/users\/2"}],"replies":[{"embeddable":true,"href":"https:\/\/www.europesays.com\/fr\/wp-json\/wp\/v2\/comments?post=34797"}],"version-history":[{"count":0,"href":"https:\/\/www.europesays.com\/fr\/wp-json\/wp\/v2\/posts\/34797\/revisions"}],"wp:featuredmedia":[{"embeddable":true,"href":"https:\/\/www.europesays.com\/fr\/wp-json\/wp\/v2\/media\/34798"}],"wp:attachment":[{"href":"https:\/\/www.europesays.com\/fr\/wp-json\/wp\/v2\/media?parent=34797"}],"wp:term":[{"taxonomy":"category","embeddable":true,"href":"https:\/\/www.europesays.com\/fr\/wp-json\/wp\/v2\/categories?post=34797"},{"taxonomy":"post_tag","embeddable":true,"href":"https:\/\/www.europesays.com\/fr\/wp-json\/wp\/v2\/tags?post=34797"}],"curies":[{"name":"wp","href":"https:\/\/api.w.org\/{rel}","templated":true}]}}