{"id":347974,"date":"2025-08-27T16:19:14","date_gmt":"2025-08-27T16:19:14","guid":{"rendered":"https:\/\/www.europesays.com\/fr\/347974\/"},"modified":"2025-08-27T16:19:14","modified_gmt":"2025-08-27T16:19:14","slug":"entre-la-russie-et-lukraine-la-guerre-energetique-fait-rage-lexpress","status":"publish","type":"post","link":"https:\/\/www.europesays.com\/fr\/347974\/","title":{"rendered":"Entre la Russie et l\u2019Ukraine, la guerre \u00e9nerg\u00e9tique fait rage \u2013 L&rsquo;Express"},"content":{"rendered":"<p class=\"paragraph article-body-paragraph article__item   article-body-paragraph--first \">Un incendie qui ravage un terminal gazier pr\u00e8s de Saint-P\u00e9tersbourg. Des attaques sur l\u2019un des plus longs ol\u00e9oducs du monde, utilis\u00e9 par Moscou pour approvisionner l\u2019Europe centrale. Ou encore ces frappes de drones dans la nuit du 26 ao\u00fbt contre des infrastructures \u00e9nerg\u00e9tiques de six r\u00e9gions ukrainiennes, laissant plus de 100 000 personnes sans \u00e9lectricit\u00e9. Depuis le d\u00e9but du <a href=\"https:\/\/www.lexpress.fr\/monde\/europe\/guerre-en-ukraine-le-sommet-poutine-zelensky-une-rencontre-bien-incertaine-AP6CXL6I4RA3NINKVGDOTGZT7M\/\" target=\"_blank\" rel=\"noreferrer nofollow noopener\" title=\"https:\/\/www.lexpress.fr\/monde\/europe\/guerre-en-ukraine-le-sommet-poutine-zelensky-une-rencontre-bien-incertaine-AP6CXL6I4RA3NINKVGDOTGZT7M\/\">conflit en Ukraine<\/a>, Kiev et Moscou se sont lanc\u00e9s dans une v\u00e9ritable \u00ab\u00a0guerre \u00e9nerg\u00e9tique\u00a0\u00bb, multipliant les op\u00e9rations sur des sites strat\u00e9giques.<\/p>\n<p class=\"paragraph article-body-paragraph article__item   \">Au cours du seul mois d&rsquo;ao\u00fbt, l\u2019arm\u00e9e ukrainienne a revendiqu\u00e9 au moins dix attaques contre des installations p\u00e9troli\u00e8res russes, paralysant temporairement une partie importante de la capacit\u00e9 de raffinage du pays, selon des analystes interrog\u00e9s par le <a href=\"https:\/\/www.nytimes.com\/2025\/08\/26\/world\/europe\/russia-ukraine-energy-war.html\" target=\"_self\" rel=\"nofollow noopener\" title=\"https:\/\/www.nytimes.com\/2025\/08\/26\/world\/europe\/russia-ukraine-energy-war.html\">New York Times<\/a>. A l\u2019inverse, les troupes de <a href=\"https:\/\/www.lexpress.fr\/monde\/europe\/guerre-en-ukraine-la-russie-envoie-des-signaux-negatifs-juge-volodymyr-zelensky-M7SQ6UR25JGQBKFPWNEYBFTBSU\/\" target=\"_blank\" rel=\"noreferrer nofollow noopener\" title=\"https:\/\/www.lexpress.fr\/monde\/europe\/guerre-en-ukraine-la-russie-envoie-des-signaux-negatifs-juge-volodymyr-zelensky-M7SQ6UR25JGQBKFPWNEYBFTBSU\/\">Vladimir Poutine<\/a>, elles, ont intensifi\u00e9 leurs attaques contre des raffineries de p\u00e9trole, des centrales thermiques ou encore des sous-stations \u00e9lectriques, faisant craindre des p\u00e9nuries d\u2019\u00e9nergie cet hiver.<\/p>\n<p><strong class=\"article-body-link-list__item text-gray-800 article-body-link-list__item--one-item\">LIRE AUSSI : <a class=\"article-body-link-list__item-link\" href=\"https:\/\/www.lexpress.fr\/environnement\/maxim-timchenko-dtek-lukraine-est-le-geant-endormi-de-lenergie-europeenne-QDDXFMRT5JENLCWDGN4GPYXQLA\/\" target=\"_blank\" rel=\"noreferrer nofollow noopener\">Maxim Timchenko (DTEK) : \u00ab\u00a0L\u2019Ukraine est le g\u00e9ant endormi de l\u2019\u00e9nergie europ\u00e9enne\u00a0\u00bb<\/a><\/strong><\/p>\n<p class=\"paragraph article-body-paragraph article__item   \">\u00ab\u00a0La guerre ne se d\u00e9roule pas seulement sur la ligne de front. [\u2026] Ces frappes n\u2019ont pas d\u2019impact direct sur l\u2019activit\u00e9 militaire, mais elles impactent l\u2019\u00e9conomie russe. Or, celle-ci est d\u00e9j\u00e0 en difficult\u00e9, et m\u00eame une petite pouss\u00e9e peut cr\u00e9er des goulots d\u2019\u00e9tranglement et multiplier les probl\u00e8mes\u00a0\u00bb, a alors d\u00e9clar\u00e9 Pavlo Klimkin, l\u2019ancien ministre ukrainien des Affaires \u00e9trang\u00e8res, comme le rapporte le <a href=\"https:\/\/www.wsj.com\/world\/russia\/ukraine-russia-drone-attack-oil-2f14c1aa?mod=hp_lista_pos2\" target=\"_blank\" rel=\"nofollow noopener\" title=\"https:\/\/www.wsj.com\/world\/russia\/ukraine-russia-drone-attack-oil-2f14c1aa?mod=hp_lista_pos2\">Wall Street Journal.<\/a><\/p>\n<p>Des r\u00e9percussions sur le terrain<\/p>\n<p class=\"paragraph article-body-paragraph article__item   \">Sur le terrain, les cons\u00e9quences pour les populations civiles sont en effet nombreuses. L\u2019intensification de la campagne d\u2019attaques par des <a href=\"https:\/\/www.lexpress.fr\/monde\/europe\/une-vraie-revolution-comment-les-drones-bouleversent-le-champ-de-bataille-3444F7M5OVHC7PAWJFUOM5APOE\/\" target=\"_self\" rel=\"nofollow noopener\" title=\"https:\/\/www.lexpress.fr\/monde\/europe\/une-vraie-revolution-comment-les-drones-bouleversent-le-champ-de-bataille-3444F7M5OVHC7PAWJFUOM5APOE\/\">drones ukrainiens<\/a>, de plus en plus sophistiqu\u00e9s, a entra\u00een\u00e9 la panne d\u2019environ 13 % de la production russe de carburant, d\u2019apr\u00e8s plusieurs experts. Une situation difficile, d\u2019autant que les sanctions impos\u00e9es par l\u2019Occident apr\u00e8s l\u2019invasion de 2022 ont limit\u00e9 la capacit\u00e9 de Moscou \u00e0 r\u00e9parer les infrastructures et \u00e0 entretenir les installations restantes.<\/p>\n<p class=\"paragraph article-body-paragraph article__item   \">Parall\u00e8lement, les perturbations d\u00e9sormais fr\u00e9quentes des r\u00e9seaux ferroviaires et a\u00e9roportuaires russes par les drones ukrainiens ont contraint davantage de Russes \u00e0 se d\u00e9placer par la route pendant leurs vacances d\u2019\u00e9t\u00e9, au moment m\u00eame o\u00f9 la demande de carburant a explos\u00e9 en raison de la saison des r\u00e9coltes. En cons\u00e9quence, plusieurs r\u00e9gions, dont la Crim\u00e9e occup\u00e9e par la Russie et certaines parties de la Sib\u00e9rie, ont mis en place le rationnement des stations-service. L\u2019essence, lorsqu\u2019elle est disponible, voit ses prix exploser : plus de 45 % de hausse cette ann\u00e9e, alors m\u00eame que les prix mondiaux du p\u00e9trole brut ont fortement baiss\u00e9.<\/p>\n<p><strong class=\"article-body-link-list__item text-gray-800 article-body-link-list__item--one-item\">LIRE AUSSI : <a class=\"article-body-link-list__item-link\" href=\"https:\/\/www.lexpress.fr\/environnement\/guerre-en-ukraine-les-russes-savent-parfaitement-ou-frapper-nos-installations-energetiques-FZ5L27VLQJGZROFLHM5ZLWAPQU\/\" target=\"_blank\" rel=\"noreferrer nofollow noopener\">Guerre en Ukraine : \u00ab\u00a0Les Russes savent parfaitement o\u00f9 frapper nos installations \u00e9nerg\u00e9tiques\u00a0\u00bb<\/a><\/strong><\/p>\n<p class=\"paragraph article-body-paragraph article__item   \">Du c\u00f4t\u00e9 de l\u2019Ukraine, qui a subi de nombreuses attaques au cours des trois premi\u00e8res ann\u00e9es du conflit visant notamment \u00e0 couper son \u00e9lectricit\u00e9 et \u00e0 plonger les habitants dans le noir, environ 1 milliard de m\u00e8tres cubes de gaz naturel, soit environ 5 % de ses besoins annuels, aurait \u00e9t\u00e9 perdu, selon Andrii Zhupanyn, pr\u00e9sident de la sous-commission du Parlement ukrainien charg\u00e9e de la politique du gaz naturel, cit\u00e9 par le <a href=\"https:\/\/www.nytimes.com\/2025\/08\/26\/world\/europe\/russia-ukraine-energy-war.html\" target=\"_blank\" rel=\"noreferrer nofollow noopener\" title=\"https:\/\/www.nytimes.com\/2025\/08\/26\/world\/europe\/russia-ukraine-energy-war.html\">New York Times<\/a>. Le pays, men\u00e9 par <a href=\"https:\/\/www.lexpress.fr\/monde\/volodymyr-zelensky-le-visage-heroique-de-la-resistance-ukrainienne_2173037.html\" target=\"_blank\" rel=\"noreferrer nofollow noopener\" title=\"https:\/\/www.lexpress.fr\/monde\/volodymyr-zelensky-le-visage-heroique-de-la-resistance-ukrainienne_2173037.html\">Volodymyr Zelensky<\/a>, aurait alors recherch\u00e9 d\u2019urgence des financements aupr\u00e8s de partenaires europ\u00e9ens, pour acheter et importer du gaz avant la saison de chauffage hivernal.<\/p>\n<p>Faire pression sur l\u2019adversaire<\/p>\n<p class=\"paragraph article-body-paragraph article__item   \">A travers cette guerre de l\u2019\u00e9nergie, les deux pays ne chercheraient pas seulement \u00e0 miner le moral des populations. Alors que <a href=\"https:\/\/www.lexpress.fr\/monde\/europe\/comment-washington-regule-a-distance-les-operations-militaires-de-lukraine-en-russie-A5SDO3272VFARLLKW7R5FEQQS4\/\" target=\"_blank\" rel=\"noreferrer nofollow noopener\" title=\"https:\/\/www.lexpress.fr\/monde\/europe\/comment-washington-regule-a-distance-les-operations-militaires-de-lukraine-en-russie-A5SDO3272VFARLLKW7R5FEQQS4\/\">les Etats-Unis m\u00e8nent une campagne intensive pour aboutir \u00e0 un accord de paix<\/a>, Moscou et Kiev souhaiteraient convaincre l\u2019autre camp qu\u2019il ne peut se permettre de poursuivre le conflit, et signaler \u00e0 la Maison-Blanche qu\u2019il dispose d\u2019un avantage. \u00ab\u00a0Pour l\u2019Ukraine, il est important de faire pression sur la Russie pendant ces pourparlers de paix. Ces frappes [sur les sites \u00e9nerg\u00e9tiques] en sont un levier important\u00a0\u00bb, analyse aupr\u00e8s du <a href=\"https:\/\/www.nytimes.com\/2025\/08\/26\/world\/europe\/russia-ukraine-energy-war.html\" target=\"_blank\" rel=\"noreferrer nofollow noopener\" title=\"https:\/\/www.nytimes.com\/2025\/08\/26\/world\/europe\/russia-ukraine-energy-war.html\">New York Times<\/a> Andrian Prokip, expert en \u00e9nergie \u00e0 l\u2019Institut Kennan de Washington.<\/p>\n<p class=\"paragraph article-body-paragraph article__item   \">Si un premier moratoire sur les frappes \u00e9nerg\u00e9tiques avait \u00e9t\u00e9 sign\u00e9 en mars dernier, sous la pression de l\u2019administration Trump, la tr\u00eave a pris fin mi-juin, lorsque la Russie a commenc\u00e9 \u00e0 frapper une raffinerie de p\u00e9trole cl\u00e9 \u00e0 Krementchouk, causant \u00ab\u00a0de graves dommages\u00a0\u00bb, selon Andrii Zhupanyn. Moscou a \u00e9galement vis\u00e9 des installations gazi\u00e8res ukrainiennes, cibles qu\u2019elle avait \u00e9vit\u00e9es pendant les trois premi\u00e8res ann\u00e9es de la guerre, lorsque les gazoducs traversant l\u2019Ukraine \u00e9taient encore utilis\u00e9s pour acheminer le gaz russe vers l\u2019Europe.<\/p>\n<p><strong class=\"article-body-link-list__item text-gray-800 article-body-link-list__item--one-item\">LIRE AUSSI : <a class=\"article-body-link-list__item-link\" href=\"https:\/\/www.lexpress.fr\/environnement\/ukraine-la-russie-gardera-la-main-sur-la-centrale-de-zaporijia-aussi-longtemps-que-possible-3LX54CZ3VJDTPE7ZN57O4PQSTE\/\" target=\"_blank\" rel=\"noreferrer nofollow noopener\">Ukraine : \u00ab\u00a0La Russie gardera la main sur la centrale de Zaporijia aussi longtemps que possible\u00a0\u00bb<\/a><\/strong><\/p>\n<p class=\"paragraph article-body-paragraph article__item   \">En retour, des drones ukrainiens \u00e0 longue port\u00e9e ont attaqu\u00e9 des raffineries de p\u00e9trole dans le sud-ouest et le centre de la Russie, d\u00e9clenchant de vastes incendies et paralysant plusieurs installations. Parmi les cibles figurait la raffinerie g\u00e9ante Lukoil de Volgograd, la plus grande du sud de la Russie et l\u2019une des dix premi\u00e8res productrices du pays, selon les autorit\u00e9s officielles.<\/p>\n<p class=\"paragraph article-body-paragraph article__item   \">\u00ab\u00a0L\u2019Ukraine est d\u00e9sormais en mesure de mener des attaques soutenues. L\u2019ann\u00e9e derni\u00e8re, elle avait d\u00e9j\u00e0 tent\u00e9 la m\u00eame chose, mais les ogives \u00e9taient plus l\u00e9g\u00e8res et le taux de r\u00e9ussite plus faible. Or, une fois les cons\u00e9quences d\u2019une frappe r\u00e9par\u00e9es, une nouvelle frappe suit. Et si l\u2019Ukraine parvient \u00e0 maintenir cette pression et \u00e0 endommager les raffineries plus fr\u00e9quemment que la Russie ne parvient \u00e0 les r\u00e9parer, la situation sera compl\u00e8tement diff\u00e9rente\u00a0\u00bb, a comment\u00e9 Sergey Vakulenko, l\u2019ancien directeur de la strat\u00e9gie et de l\u2019innovation chez Gazprom Neft, l\u2019une des principales compagnies p\u00e9troli\u00e8res publiques russes, cit\u00e9 par le <a href=\"https:\/\/www.wsj.com\/world\/russia\/ukraine-russia-drone-attack-oil-2f14c1aa?mod=hp_lista_pos2\" target=\"_blank\" rel=\"nofollow noopener\" title=\"https:\/\/www.wsj.com\/world\/russia\/ukraine-russia-drone-attack-oil-2f14c1aa?mod=hp_lista_pos2\">Wall Street Journal.<\/a><\/p>\n<p class=\"paragraph article-body-paragraph article__item   \">De son c\u00f4t\u00e9, Donald Trump a affirm\u00e9 \u00eatre pr\u00eat \u00e0 imposer des sanctions \u00e9conomiques \u00e0 la Russie si Vladimir Poutine ne donnait pas son accord \u00e0 un cessez-le-feu. Car <a href=\"https:\/\/www.lexpress.fr\/monde\/europe\/guerre-en-ukraine-le-sommet-poutine-zelensky-une-rencontre-bien-incertaine-AP6CXL6I4RA3NINKVGDOTGZT7M\/\" target=\"_blank\" rel=\"nofollow noopener\" title=\"https:\/\/www.lexpress.fr\/monde\/europe\/guerre-en-ukraine-le-sommet-poutine-zelensky-une-rencontre-bien-incertaine-AP6CXL6I4RA3NINKVGDOTGZT7M\/\">la rencontre prochaine entre les deux pr\u00e9sidents<\/a>, annonc\u00e9e avec enthousiasme par Trump, pi\u00e9tine. <\/p>\n","protected":false},"excerpt":{"rendered":"Un incendie qui ravage un terminal gazier pr\u00e8s de Saint-P\u00e9tersbourg. Des attaques sur l\u2019un des plus longs ol\u00e9oducs&hellip;\n","protected":false},"author":2,"featured_media":347975,"comment_status":"","ping_status":"","sticky":false,"template":"","format":"standard","meta":{"footnotes":""},"categories":[1591],"tags":[11,674,1887,74,12,1885,1886,132],"class_list":{"0":"post-347974","1":"post","2":"type-post","3":"status-publish","4":"format-standard","5":"has-post-thumbnail","7":"category-russie","8":"tag-actualites","9":"tag-europe","10":"tag-federation-de-russie","11":"tag-monde","12":"tag-news","13":"tag-russia","14":"tag-russian-federation","15":"tag-russie"},"share_on_mastodon":{"url":"https:\/\/pubeurope.com\/@fr\/115101641202275410","error":""},"_links":{"self":[{"href":"https:\/\/www.europesays.com\/fr\/wp-json\/wp\/v2\/posts\/347974","targetHints":{"allow":["GET"]}}],"collection":[{"href":"https:\/\/www.europesays.com\/fr\/wp-json\/wp\/v2\/posts"}],"about":[{"href":"https:\/\/www.europesays.com\/fr\/wp-json\/wp\/v2\/types\/post"}],"author":[{"embeddable":true,"href":"https:\/\/www.europesays.com\/fr\/wp-json\/wp\/v2\/users\/2"}],"replies":[{"embeddable":true,"href":"https:\/\/www.europesays.com\/fr\/wp-json\/wp\/v2\/comments?post=347974"}],"version-history":[{"count":0,"href":"https:\/\/www.europesays.com\/fr\/wp-json\/wp\/v2\/posts\/347974\/revisions"}],"wp:featuredmedia":[{"embeddable":true,"href":"https:\/\/www.europesays.com\/fr\/wp-json\/wp\/v2\/media\/347975"}],"wp:attachment":[{"href":"https:\/\/www.europesays.com\/fr\/wp-json\/wp\/v2\/media?parent=347974"}],"wp:term":[{"taxonomy":"category","embeddable":true,"href":"https:\/\/www.europesays.com\/fr\/wp-json\/wp\/v2\/categories?post=347974"},{"taxonomy":"post_tag","embeddable":true,"href":"https:\/\/www.europesays.com\/fr\/wp-json\/wp\/v2\/tags?post=347974"}],"curies":[{"name":"wp","href":"https:\/\/api.w.org\/{rel}","templated":true}]}}