{"id":347978,"date":"2025-08-27T16:21:10","date_gmt":"2025-08-27T16:21:10","guid":{"rendered":"https:\/\/www.europesays.com\/fr\/347978\/"},"modified":"2025-08-27T16:21:10","modified_gmt":"2025-08-27T16:21:10","slug":"fusillade-dans-une-ecole-aux-etats-unis-au-moins-deux-morts-et-une-vingtaine-de-blesses-le-tireur-neutralise","status":"publish","type":"post","link":"https:\/\/www.europesays.com\/fr\/347978\/","title":{"rendered":"Fusillade dans une \u00e9cole\u00a0aux \u00c9tats-Unis\u00a0: au moins deux morts et une vingtaine de bless\u00e9s, le tireur neutralis\u00e9"},"content":{"rendered":"<p>\n                                                                Une fusillade a \u00e9clat\u00e9 ce mercredi 27\u00a0ao\u00fbt dans une \u00e9cole catholique de Minneapolis, faisant au moins deux morts et une vingtaine de bless\u00e9s. Le tireur a \u00e9t\u00e9 neutralis\u00e9.\n                            <\/p>\n<p>Une \u00e9cole catholique de Minneapolis, dans le Minnesota, a \u00e9t\u00e9 ce mercredi 27\u00a0ao\u00fbt <a href=\"https:\/\/www.midilibre.fr\/2022\/05\/25\/les-stars-de-la-nba-en-colere-apres-la-fusillade-qui-a-coute-la-vie-a-21-personnes-au-texas-10317703.php\" target=\"_self\" rel=\"nofollow noopener\">le th\u00e9\u00e2tre de tirs<\/a>, qui ont fait plusieurs victimes selon les m\u00e9dias locaux, qui affirment que le tireur a \u00e9t\u00e9\u00a0abattu.<\/p>\n<blockquote data-class=\"twitter-tweet\">\n<p lang=\"en\" dir=\"ltr\">UPDATE: Minneapolis city officials say the \u00ab\u00a0shooter is contained\u00a0\u00bb following a an attack Wednesday morning at Annunciation Catholic School. <a href=\"https:\/\/t.co\/Z3PDITsHmA\" rel=\"nofollow\">https:\/\/t.co\/Z3PDITsHmA<\/a><\/p>\n<p>\u2014 WCCO | CBS News Minnesota (@WCCO) <a href=\"https:\/\/twitter.com\/WCCO\/status\/1960713619575902364?ref_src=twsrc%5Etfw\" rel=\"nofollow noopener\" target=\"_blank\">August 27, 2025<\/a><\/p><\/blockquote>\n<p>Selon les m\u00e9dias locaux, citant des sources polici\u00e8res, le suspect serait mort. Il y aurait pour l\u2019instant au moins deux morts et une vingtaine de bless\u00e9s selon les m\u00e9dias locaux.<\/p>\n<p>\u00ab\u00a0J\u2019ai \u00e9t\u00e9 inform\u00e9 de tirs au sein de l\u2019\u00e9cole catholique de l\u2019Annonciation et je continuerai \u00e0 vous tenir au courant d\u00e8s que j\u2019aurais plus d\u2019information\u00a0\u00bb, a d\u00e9clar\u00e9 sur X le gouverneur de l\u2019Etat, Tim Walz, alors que la police a \u00e9t\u00e9 d\u00e9p\u00each\u00e9e sur les lieux.<\/p>\n<blockquote data-class=\"twitter-tweet\">\n<p lang=\"en\" dir=\"ltr\">I\u2019ve been briefed on a shooting at Annunciation Catholic School and will continue to provide updates as we get more information. The BCA and State Patrol are on scene.<\/p>\n<p>I\u2019m praying for our kids and teachers whose first week of school was marred by this horrific act of violence.<\/p>\n<p>\u2014 Governor Tim Walz (@GovTimWalz) <a href=\"https:\/\/twitter.com\/GovTimWalz\/status\/1960706436284985707?ref_src=twsrc%5Etfw\" rel=\"nofollow noopener\" target=\"_blank\">August 27, 2025<\/a><\/p><\/blockquote>\n<p>Contact\u00e9e par l\u2019AFP, une personne au sein de l\u2019\u00e9cole a affirm\u00e9 \u00eatre \u00ab\u00a0en train de faire sortir (les) enfants du b\u00e2timent\u00a0\u00bb.<\/p>\n<p>Sur son compte X, la ville de Minneapolis a affirm\u00e9 que \u00ab\u00a0le tireur \u00e9tait ma\u00eetris\u00e9\u00a0\u00bb et qu\u2019il n\u2019y avait \u00ab\u00a0actuellement aucune menace\u00a0\u00bb pour les habitants.<\/p>\n<p>Une nouvelle fusillade tragique<\/p>\n<p>\u00ab\u00a0Je prie pour nos enfants et nos enseignants, dont la premi\u00e8re semaine d\u2019\u00e9cole a \u00e9t\u00e9 entach\u00e9e par cet acte de violence terrible\u00a0\u00bb, a ajout\u00e9 le gouverneur.<\/p>\n<p>Donald Trump a lui d\u00e9clar\u00e9 avoir \u00e9t\u00e9 \u00ab\u00a0pleinement inform\u00e9\u00a0\u00bb de la \u00ab\u00a0tragique\u00a0\u00bb attaque par armes \u00e0 feu dans l\u2019\u00e9cole.\u00a0\u00ab\u00a0La Maison Blanche va continuer \u00e0 suivre cette terrible situation\u00a0\u00bb, a-t-il ajout\u00e9 sur son r\u00e9seau Truth Social.<\/p>\n<p>                                                                                                                                                                                                        <script async src=\"https:\/\/platform.twitter.com\/widgets.js\" charset=\"utf-8\"><\/script><\/p>\n","protected":false},"excerpt":{"rendered":"Une fusillade a \u00e9clat\u00e9 ce mercredi 27\u00a0ao\u00fbt dans une \u00e9cole catholique de Minneapolis, faisant au moins deux morts&hellip;\n","protected":false},"author":2,"featured_media":347979,"comment_status":"","ping_status":"","sticky":false,"template":"","format":"standard","meta":{"footnotes":""},"categories":[1589],"tags":[11,73,1866,12,1864,1865,1863,308],"class_list":{"0":"post-347978","1":"post","2":"type-post","3":"status-publish","4":"format-standard","5":"has-post-thumbnail","7":"category-etats-unis","8":"tag-actualites","9":"tag-etats-unis","10":"tag-etats-unis-damerique","11":"tag-news","12":"tag-united-states","13":"tag-united-states-of-america","14":"tag-us","15":"tag-usa"},"share_on_mastodon":{"url":"https:\/\/pubeurope.com\/@fr\/115101649403097139","error":""},"_links":{"self":[{"href":"https:\/\/www.europesays.com\/fr\/wp-json\/wp\/v2\/posts\/347978","targetHints":{"allow":["GET"]}}],"collection":[{"href":"https:\/\/www.europesays.com\/fr\/wp-json\/wp\/v2\/posts"}],"about":[{"href":"https:\/\/www.europesays.com\/fr\/wp-json\/wp\/v2\/types\/post"}],"author":[{"embeddable":true,"href":"https:\/\/www.europesays.com\/fr\/wp-json\/wp\/v2\/users\/2"}],"replies":[{"embeddable":true,"href":"https:\/\/www.europesays.com\/fr\/wp-json\/wp\/v2\/comments?post=347978"}],"version-history":[{"count":0,"href":"https:\/\/www.europesays.com\/fr\/wp-json\/wp\/v2\/posts\/347978\/revisions"}],"wp:featuredmedia":[{"embeddable":true,"href":"https:\/\/www.europesays.com\/fr\/wp-json\/wp\/v2\/media\/347979"}],"wp:attachment":[{"href":"https:\/\/www.europesays.com\/fr\/wp-json\/wp\/v2\/media?parent=347978"}],"wp:term":[{"taxonomy":"category","embeddable":true,"href":"https:\/\/www.europesays.com\/fr\/wp-json\/wp\/v2\/categories?post=347978"},{"taxonomy":"post_tag","embeddable":true,"href":"https:\/\/www.europesays.com\/fr\/wp-json\/wp\/v2\/tags?post=347978"}],"curies":[{"name":"wp","href":"https:\/\/api.w.org\/{rel}","templated":true}]}}