{"id":347983,"date":"2025-08-27T16:24:15","date_gmt":"2025-08-27T16:24:15","guid":{"rendered":"https:\/\/www.europesays.com\/fr\/347983\/"},"modified":"2025-08-27T16:24:15","modified_gmt":"2025-08-27T16:24:15","slug":"giorgia-meloni-litalie-nest-plus-lhomme-malade-de-leurope","status":"publish","type":"post","link":"https:\/\/www.europesays.com\/fr\/347983\/","title":{"rendered":"Giorgia Meloni : \u00ab\u00a0L&rsquo;Italie n&rsquo;est plus l&rsquo;homme malade de l&rsquo;Europe\u00a0\u00bb"},"content":{"rendered":"<p>\n  Par&amp;nbsp<b>Euronews<\/b>\n<\/p>\n<p>\n                    Publi\u00e9 le                 27\/08\/2025 &#8211; 17:24 UTC+2<br \/>\n                \u2022Mis \u00e0 jour<br \/>\n                                     17:41\n                                        <\/p>\n<p>          <img decoding=\"async\" class=\"c-ad__placeholder__logo\" src=\"https:\/\/static.euronews.com\/website\/images\/logos\/logo-euronews-stacked-outlined-72x72-grey-9.svg\" width=\"72\" height=\"72\" alt=\"\" loading=\"lazy\"\/><br \/>\n          PUBLICIT\u00c9<\/p>\n<p>\u00ab\u00a0L&rsquo;Italie a retrouv\u00e9 sa place dans le monde. Elle n&rsquo;est plus consid\u00e9r\u00e9e comme l&rsquo;homme malade de l&rsquo;Europe.\u00a0\u00bb C&rsquo;est par ces mots que la cheffe de l&rsquo;ex\u00e9cutif Giorgia Meloni a ouvert son discours tr\u00e8s attendu lors de la Rencontre de Rimini, ce mercredi 27 ao\u00fbt.<\/p>\n<p>L&rsquo;Europe a \u00e9t\u00e9 au centre des premi\u00e8res minutes de son discours, avec une r\u00e9flexion sur r\u00f4le que l&rsquo;Italie entend jouer. Elle a soulign\u00e9 que l&rsquo;Union europ\u00e9enne \u00ab\u00a0est de plus en plus condamn\u00e9e par l&rsquo;insignifiance g\u00e9opolitique\u00a0\u00bb et est \u00ab\u00a0incapable de r\u00e9pondre efficacement aux d\u00e9fis de comp\u00e9titivit\u00e9 pos\u00e9s par la Chine et les \u00c9tats-Unis\u00a0\u00bb, en faisant alors r\u00e9f\u00e9rence <a href=\"https:\/\/it.euronews.com\/2025\/08\/22\/meeting-di-rimini-draghi-europa-si-trasformi-da-spettatore-ad-attore-protagonista\" target=\"_blank\" rel=\"noopener\"><strong>au discours de Mario Draghi<\/strong><\/a> (article en italien), \u00e0 Rimini, quelques jours plus t\u00f4t.<\/p>\n<p>Elle a ajout\u00e9 qu&rsquo;elle avait exprim\u00e9, par le pass\u00e9, bon nombre des critiques formul\u00e9es aujourd&rsquo;hui par les dirigeants europ\u00e9ens. \u00ab\u00a0Bon nombre des choses que j&rsquo;ai entendues, je les ai \u00e9galement dites pendant des ann\u00e9es. Et j&rsquo;ai \u00e9t\u00e9 critiqu\u00e9 par ceux qui, aujourd&rsquo;hui, font ce constat\u00a0\u00bb, a-t-elle accus\u00e9.<\/p>\n<p>Meloni met en avant son soutien \u00e0 l&rsquo;Ukraine<\/p>\n<p>La Pr\u00e9sidente du Conseil des ministres italien a r\u00e9it\u00e9r\u00e9 sa volont\u00e9 de maintenir l&rsquo;Italie aux avant-postes des enjeux europ\u00e9ens et internationaux. <\/p>\n<p>Elle a alors cit\u00e9 <a href=\"https:\/\/fr.euronews.com\/business\/2025\/08\/21\/guerre-en-ukraine-comment-est-finance-leffort-de-guerre-et-qui-en-paie-le-prix\" target=\"_blank\" rel=\"noopener\"><strong>la guerre en Ukraine<\/strong><\/a>, conflit pour lequel Rome a propos\u00e9 le mod\u00e8le de l'\u00a0\u00bbarticle 5&Prime; de l&rsquo;OTAN comme garantie de paix. Elle a \u00e9galement revendiqu\u00e9 un <a href=\"https:\/\/it.euronews.com\/my-europe\/2025\/08\/19\/vertice-di-washington-il-ruolo-dellitalia-e-la-controproposta-europea-per-la-pace-in-ucrai\" target=\"_blank\" rel=\"noopener\"><strong>soutien militaire et politique \u00e0 l&rsquo;Ukraine<\/strong><\/a> (article en italien), qu&rsquo;elle a qualifi\u00e9 de contribution concr\u00e8te \u00e0 la paix. <\/p>\n<p>Apr\u00e8s trois ans de guerre, \u00ab\u00a0une lueur d&rsquo;espoir pour une voie de n\u00e9gociation s&rsquo;est ouverte, gr\u00e2ce \u00e0 la r\u00e9sistance h\u00e9ro\u00efque du peuple ukrainien et au soutien uni que l&rsquo;Occident, l&rsquo;Europe et l&rsquo;Italie ont garanti, en d\u00e9pit d&rsquo;une opinion publique pas toujours convaincue\u00a0\u00bb, a-t-elle assur\u00e9.<\/p>\n<p>Giorgia Meloni a \u00e9galement cit\u00e9 le Moyen-Orient. Elle a rappel\u00e9 avoir condamn\u00e9 l&rsquo;attaque du Hamas du 7 octobre et appelle \u00e0 un <a href=\"https:\/\/fr.euronews.com\/2025\/08\/25\/quatre-journalistes-tues-par-une-frappe-israelienne-sur-un-hopital-de-gaza-selon-le-hamas\" target=\"_blank\" rel=\"noopener\"><strong>cessez-le-feu dans la bande de Gaza<\/strong><\/a> pour mettre fin \u00e0 une r\u00e9action isra\u00e9lienne \u00ab\u00a0d\u00e9passant le principe de proportionnalit\u00e9\u00a0\u00bb.<\/p>\n<p>Elle a ensuite soulign\u00e9 l&rsquo;importance strat\u00e9gique du plan Mattei en Afrique, la n\u00e9cessit\u00e9 d&rsquo;intervenir sur les co\u00fbts de l&rsquo;\u00e9nergie pour aider les familles et les entreprises, et la n\u00e9cessit\u00e9 d&rsquo;entreprendre, au sein de l&rsquo;Union, une politique efficace pour lutter contre le probl\u00e8me d\u00e9mographique.<\/p>\n<p>Immigration, justice et natalit\u00e9<\/p>\n<p>Giorgia Meloni a ensuite accord\u00e9 une large partie de son discours aux questions internes, r\u00e9affirmant, dans un premier temps, sa ligne dure en mati\u00e8re l&rsquo;immigration. \u00ab\u00a0Aucun juge, aucun politicien, aucun bureaucrate ne peut nous emp\u00eacher de garantir la s\u00e9curit\u00e9 des citoyens, de lutter contre les esclavagistes du troisi\u00e8me mill\u00e9naire et de sauver des vies humaines\u00a0\u00bb, a-t-elle d\u00e9clar\u00e9.<\/p>\n<p>Elle a ensuite abord\u00e9 la question de la justice, annon\u00e7ant la poursuite des r\u00e9formes \u00ab\u00a0malgr\u00e9 les ing\u00e9rences d&rsquo;une minorit\u00e9 de juges politis\u00e9s qui tentent de se substituer au Parlement et \u00e0 la volont\u00e9 populaire\u00a0\u00bb. <\/p>\n<p>Concernant la r\u00e9forme fiscale, elle a annonc\u00e9 la r\u00e9vision de l&rsquo;Irpef, l&rsquo;imp\u00f4t sur le revenu des personnes physiques. \u00ab\u00a0Maintenant, il est temps de faire plus et de se concentrer sur la classe moyenne.\u00a0\u00bb<\/p>\n<p>Giorgia Meloni a ensuite annonc\u00e9 un plan pour la construction de maisons \u00e0 bas prix. \u00ab\u00a0Sans maison, il est difficile de construire une famille. Nous ferons tout ce qui est n\u00e9cessaire pour reconstruire une soci\u00e9t\u00e9 favorable \u00e0 la famille et \u00e0 la natalit\u00e9, dans laquelle la parentalit\u00e9 est prot\u00e9g\u00e9e et soutenue\u00a0\u00bb, a-t-elle affirm\u00e9.<\/p>\n<p>Enfin, la cheffe de l&rsquo;ex\u00e9cutif a insist\u00e9 sur la question de l&rsquo;\u00e9ducation. \u00ab\u00a0L&rsquo;Italie est rest\u00e9e la seule nation d&rsquo;Europe sans v\u00e9ritable \u00e9galit\u00e9 en mati\u00e8re d&rsquo;\u00e9ducation. Nous devons garantir aux familles la libert\u00e9 \u00e9ducative, en d\u00e9passant les vieilles id\u00e9ologies.\u00a0\u00bb<\/p>\n","protected":false},"excerpt":{"rendered":"Par&amp;nbspEuronews Publi\u00e9 le 27\/08\/2025 &#8211; 17:24 UTC+2 \u2022Mis \u00e0 jour 17:41 PUBLICIT\u00c9 \u00ab\u00a0L&rsquo;Italie a retrouv\u00e9 sa place dans&hellip;\n","protected":false},"author":2,"featured_media":347984,"comment_status":"","ping_status":"","sticky":false,"template":"","format":"standard","meta":{"footnotes":""},"categories":[1586],"tags":[11,4628,1777,674,1011,27,3044,452,12,25,220,364],"class_list":{"0":"post-347983","1":"post","2":"type-post","3":"status-publish","4":"format-standard","5":"has-post-thumbnail","7":"category-europe","8":"tag-actualites","9":"tag-bande-de-gaza","10":"tag-eu","11":"tag-europe","12":"tag-fr","13":"tag-france","14":"tag-giorgia-meloni","15":"tag-italie","16":"tag-news","17":"tag-republique-francaise","18":"tag-ukraine","19":"tag-union-europeenne"},"share_on_mastodon":{"url":"https:\/\/pubeurope.com\/@fr\/115101661183223276","error":""},"_links":{"self":[{"href":"https:\/\/www.europesays.com\/fr\/wp-json\/wp\/v2\/posts\/347983","targetHints":{"allow":["GET"]}}],"collection":[{"href":"https:\/\/www.europesays.com\/fr\/wp-json\/wp\/v2\/posts"}],"about":[{"href":"https:\/\/www.europesays.com\/fr\/wp-json\/wp\/v2\/types\/post"}],"author":[{"embeddable":true,"href":"https:\/\/www.europesays.com\/fr\/wp-json\/wp\/v2\/users\/2"}],"replies":[{"embeddable":true,"href":"https:\/\/www.europesays.com\/fr\/wp-json\/wp\/v2\/comments?post=347983"}],"version-history":[{"count":0,"href":"https:\/\/www.europesays.com\/fr\/wp-json\/wp\/v2\/posts\/347983\/revisions"}],"wp:featuredmedia":[{"embeddable":true,"href":"https:\/\/www.europesays.com\/fr\/wp-json\/wp\/v2\/media\/347984"}],"wp:attachment":[{"href":"https:\/\/www.europesays.com\/fr\/wp-json\/wp\/v2\/media?parent=347983"}],"wp:term":[{"taxonomy":"category","embeddable":true,"href":"https:\/\/www.europesays.com\/fr\/wp-json\/wp\/v2\/categories?post=347983"},{"taxonomy":"post_tag","embeddable":true,"href":"https:\/\/www.europesays.com\/fr\/wp-json\/wp\/v2\/tags?post=347983"}],"curies":[{"name":"wp","href":"https:\/\/api.w.org\/{rel}","templated":true}]}}