{"id":347985,"date":"2025-08-27T16:25:10","date_gmt":"2025-08-27T16:25:10","guid":{"rendered":"https:\/\/www.europesays.com\/fr\/347985\/"},"modified":"2025-08-27T16:25:10","modified_gmt":"2025-08-27T16:25:10","slug":"macron-merz-et-tusk-reaffirment-leur-soutien-a-la-moldavie","status":"publish","type":"post","link":"https:\/\/www.europesays.com\/fr\/347985\/","title":{"rendered":"Macron, Merz et Tusk r\u00e9affirment leur soutien \u00e0 la Moldavie"},"content":{"rendered":"<p>AA \/ Paris \/ \u00dcmit D\u00f6nmez<\/p>\n<p>\u00ab\u00a0La porte de l\u2019Union europ\u00e9enne est ouverte\u00a0\u00bb : c\u2019est par ces mots que le chancelier allemand Friedrich Merz a r\u00e9sum\u00e9, ce mercredi, le message politique port\u00e9 par les dirigeants europ\u00e9ens lors des d\u00e9clarations officielles. Une source \u00e0 l\u2019\u00c9lys\u00e9e a expliqu\u00e9 que ce d\u00e9placement \u00e9tait centr\u00e9 sur \u00ab\u00a0le soutien \u00e0 la souverainet\u00e9, \u00e0 l\u2019int\u00e9grit\u00e9 territoriale et \u00e0 la trajectoire europ\u00e9enne de la Moldavie\u00a0\u00bb, dans un contexte marqu\u00e9 par la guerre en Ukraine et \u00e0 un mois des \u00e9lections l\u00e9gislatives.<\/p>\n<p>Le Pr\u00e9sident fran\u00e7ais Emmanuel Macron, le Chancelier allemand Friedrich Merz, le Premier ministre polonais Donald Tusk et la Pr\u00e9sidente moldave Maia Sandu ont particip\u00e9 mercredi \u00e0 Chi\u0219in\u0103u aux c\u00e9l\u00e9brations du 34e anniversaire de l\u2019ind\u00e9pendance de la Moldavie. Ce d\u00e9placement \u00e0 l\u2019invitation de la cheffe d&rsquo;\u00c9tat moldave, dans un format Weimar \u00e9largi, visait \u00e0 afficher l\u2019unit\u00e9 europ\u00e9enne face aux pressions russes et \u00e0 r\u00e9affirmer le soutien \u00e0 l\u2019adh\u00e9sion de la Moldavie \u00e0 l\u2019Union europ\u00e9enne.<\/p>\n<p>Emmanuel Macron a soulign\u00e9 que \u00ab\u00a0contrairement \u00e0 la Russie, l&rsquo;Union europ\u00e9enne ne menace personne et respecte la souverainet\u00e9 de chacun\u00a0\u00bb. Pour Maia Sandu, seule la volont\u00e9 du peuple moldave doit d\u00e9cider de l\u2019avenir du pays. Elle a affirm\u00e9 que sans l\u2019Union europ\u00e9enne, la Moldavie resterait prisonni\u00e8re du pass\u00e9. Donald Tusk a quant \u00e0 lui salu\u00e9 l\u2019engagement r\u00e9formateur du gouvernement moldave et appel\u00e9 \u00e0 ne pas rel\u00e2cher l\u2019effort face aux tentatives de d\u00e9stabilisation.<\/p>\n<p>Dans ce contexte, une source \u00e0 l\u2019\u00c9lys\u00e9e a d\u00e9taill\u00e9 \u00e0 Anadolu les initiatives fran\u00e7aises en soutien \u00e0 Chi\u0219in\u0103u : cr\u00e9ation d\u2019une plateforme de soutien d\u00e8s 2021, coop\u00e9ration dans le champ informationnel contre les \u00ab\u00a0campagnes russes\u00a0\u00bb, soutien aux r\u00e9formes \u00e9conomiques, partenariats \u00e9ducatifs et culturels, ainsi que mobilisation dans le cadre de la Communaut\u00e9 politique europ\u00e9enne. Ce d\u00e9placement s\u2019inscrit, selon cette m\u00eame source, dans la continuit\u00e9 d\u2019engagements concrets comme la fin du roaming ou les d\u00e9caissements du plan de croissance.<\/p>\n<p>L\u2019\u00c9lys\u00e9e insiste sur le fait que la Moldavie est bel et bien menac\u00e9e, non par une invasion directe, mais par une somme d\u2019ing\u00e9rences, notamment via des r\u00e9seaux politiques li\u00e9s \u00e0 des oligarques r\u00e9fugi\u00e9s en Russie. \u00c0 ce titre, un protocole a \u00e9t\u00e9 sign\u00e9 entre VIGINUM et son homologue moldave pour contrer les op\u00e9rations de d\u00e9sinformation.<\/p>\n<p>C\u2019est la premi\u00e8re fois qu\u2019un pr\u00e9sident fran\u00e7ais participe \u00e0 la f\u00eate nationale moldave. Pour Paris, Berlin et Varsovie, l\u2019enjeu d\u00e9passe le symbole : affirmer, par la pr\u00e9sence conjointe, que l\u2019avenir de la Moldavie s\u2019\u00e9crit pleinement au sein de l\u2019Union europ\u00e9enne.<\/p>\n<p>                            &#13;<br \/>\n                                <a href=\"https:\/\/www.aa.com.tr\/fr\/p\/abonnement\/1001\" target=\"_blank\" style=\"font-size:12px; color:#444; text-decoration:none;\" rel=\"noopener\">&#13;<br \/>\n                                    Seulement une partie des d\u00e9p\u00eaches, que l&rsquo;Agence Anadolu diffuse \u00e0 ses abonn\u00e9s via le Syst\u00e8me de Diffusion interne (HAS), est diffus\u00e9e sur le site de l&rsquo;AA, de mani\u00e8re r\u00e9sum\u00e9e. <b style=\"color:#1897F7\">Contactez-nous s&rsquo;il vous pla\u00eet pour vous abonner.<\/b>&#13;<br \/>\n                                <\/a>&#13;<\/p>\n","protected":false},"excerpt":{"rendered":"AA \/ Paris \/ \u00dcmit D\u00f6nmez \u00ab\u00a0La porte de l\u2019Union europ\u00e9enne est ouverte\u00a0\u00bb : c\u2019est par ces mots&hellip;\n","protected":false},"author":2,"featured_media":347986,"comment_status":"","ping_status":"","sticky":false,"template":"","format":"standard","meta":{"footnotes":""},"categories":[1586],"tags":[11,672,1785,19429,1073,1777,674,1779,1011,27,4710,44388,11095,12,2437,25,1778,364],"class_list":{"0":"post-347985","1":"post","2":"type-post","3":"status-publish","4":"format-standard","5":"has-post-thumbnail","7":"category-europe","8":"tag-actualites","9":"tag-allemagne","10":"tag-anadolu-ajansi","11":"tag-donald-tusk","12":"tag-emmanuel-macron","13":"tag-eu","14":"tag-europe","15":"tag-european-union","16":"tag-fr","17":"tag-france","18":"tag-friedrich-merz","19":"tag-maia-sandu","20":"tag-moldavie","21":"tag-news","22":"tag-pologne","23":"tag-republique-francaise","24":"tag-ue","25":"tag-union-europeenne"},"share_on_mastodon":{"url":"https:\/\/pubeurope.com\/@fr\/115101664824512419","error":""},"_links":{"self":[{"href":"https:\/\/www.europesays.com\/fr\/wp-json\/wp\/v2\/posts\/347985","targetHints":{"allow":["GET"]}}],"collection":[{"href":"https:\/\/www.europesays.com\/fr\/wp-json\/wp\/v2\/posts"}],"about":[{"href":"https:\/\/www.europesays.com\/fr\/wp-json\/wp\/v2\/types\/post"}],"author":[{"embeddable":true,"href":"https:\/\/www.europesays.com\/fr\/wp-json\/wp\/v2\/users\/2"}],"replies":[{"embeddable":true,"href":"https:\/\/www.europesays.com\/fr\/wp-json\/wp\/v2\/comments?post=347985"}],"version-history":[{"count":0,"href":"https:\/\/www.europesays.com\/fr\/wp-json\/wp\/v2\/posts\/347985\/revisions"}],"wp:featuredmedia":[{"embeddable":true,"href":"https:\/\/www.europesays.com\/fr\/wp-json\/wp\/v2\/media\/347986"}],"wp:attachment":[{"href":"https:\/\/www.europesays.com\/fr\/wp-json\/wp\/v2\/media?parent=347985"}],"wp:term":[{"taxonomy":"category","embeddable":true,"href":"https:\/\/www.europesays.com\/fr\/wp-json\/wp\/v2\/categories?post=347985"},{"taxonomy":"post_tag","embeddable":true,"href":"https:\/\/www.europesays.com\/fr\/wp-json\/wp\/v2\/tags?post=347985"}],"curies":[{"name":"wp","href":"https:\/\/api.w.org\/{rel}","templated":true}]}}