{"id":347987,"date":"2025-08-27T16:26:10","date_gmt":"2025-08-27T16:26:10","guid":{"rendered":"https:\/\/www.europesays.com\/fr\/347987\/"},"modified":"2025-08-27T16:26:10","modified_gmt":"2025-08-27T16:26:10","slug":"a-marseille-martine-vassal-secouee-par-les-accusations-dun-ex-collaborateur-sulfureux","status":"publish","type":"post","link":"https:\/\/www.europesays.com\/fr\/347987\/","title":{"rendered":"\u00e0 Marseille, Martine Vassal secou\u00e9e par les accusations d\u2019un ex-collaborateur sulfureux"},"content":{"rendered":"<p><strong>R\u00c9CIT<\/strong> &#8211; La pr\u00e9sidente du conseil d\u00e9partemental des Bouches-du-Rh\u00f4ne et de la m\u00e9tropole d\u2019Aix-Marseille-Provence est vis\u00e9e par de lourdes accusations m\u00ealant corruption passive et d\u00e9tournement de fonds publics. Celles-ci \u00e9manent d\u2019un ancien collaborateur, sous le coup d\u2019une enqu\u00eate pr\u00e9liminaire pour chantage et incitation \u00e0 la haine.<\/p>\n<p class=\"fig-paragraph\">Dans le petit milieu de la politique marseillaise, il se dit que les coups bas font partie du jeu. Ils sont m\u00eame souvent consid\u00e9r\u00e9s comme un passage oblig\u00e9, un rituel incontournable \u00e0 l\u2019approche d\u2019une \u00e9ch\u00e9ance \u00e9lectorale, notamment celle qui d\u00e9cidera\u00a0<a href=\"http:\/\/www.lefigaro.fr\/elections\/municipales\/municipales-2026-avec-la-reforme-de-la-loi-plm-la-crainte-d-un-big-bang-politique-a-marseille-20250710\" data-fig-type=\"NewsFlash\" data-gtm-custom-categorie=\"navigation\" data-gtm-custom-action=\"crossclick\" data-gtm-custom-label=\"Contextuel\" data-gtm-event=\"customEventSPE\" data-fig-domain=\"LEFIGARO\" target=\"_blank\" rel=\"noopener\">du nouveau maire de la deuxi\u00e8me ville de France<\/a>. Chaque camp en profite alors pour ouvrir la bo\u00eete de Pandore et exhumer les dossiers compromettants.<\/p>\n<p class=\"fig-paragraph\"><a href=\"http:\/\/www.lefigaro.fr\/elections\/municipales\/municipales-2026-a-marseille-martine-vassal-se-prepare-a-incarner-la-droite-et-le-centre-20250807\" data-fig-type=\"NewsFlash\" data-gtm-custom-categorie=\"navigation\" data-gtm-custom-action=\"crossclick\" data-gtm-custom-label=\"Contextuel\" data-gtm-event=\"customEventSPE\" data-fig-domain=\"LEFIGARO\" target=\"_blank\" rel=\"noopener\">Martine Vassal<\/a>, pr\u00e9sidente de la m\u00e9tropole d\u2019Aix-Marseille-Provence et du conseil d\u00e9partemental Bouches-du-Rh\u00f4ne &#8211; dont la candidature \u00e0 la mairie de la Cit\u00e9 phoc\u00e9enne est d\u00e9sormais un secret de polichinelle &#8211; n\u2019\u00e9chappe pas \u00e0 cette r\u00e8gle. \u00c0 quelques mois du scrutin municipal, elle fait face \u00e0 de graves accusations, assum\u00e9es \u00e0 visage d\u00e9couvert et par voie de presse, par un ancien collaborateur politique. C\u2019est ainsi que le 21 ao\u00fbt dernier, la probit\u00e9 de l\u2019\u00e9lue a \u00e9t\u00e9 mise en cause dans un article de nos confr\u00e8res du\u00a0<a href=\"https:\/\/www.nouvelobs.com\/justice\/20250821.OBS106902\/marseille-enquete-sur-le-tres-cher-systeme-vassal.html\" target=\"_blank\" rel=\"sponsored noopener\" data-gtm-custom-categorie=\"navigation\" data-gtm-custom-action=\"crossclick\" data-gtm-custom-label=\"Contextuel\" data-gtm-event=\"customEventSPE\">Nouvel Obs.<\/a><\/p>\n<p class=\"fig-paragraph\">Cette enqu\u00eate r\u00e9v\u00e8le l\u2019existence pr\u00e9sum\u00e9e d\u2019un v\u00e9ritable \u00absyst\u00e8me\u00bb au\u2026<\/p>\n<p class=\"fig-premium-paywall__infos\">\n        Cet article est r\u00e9serv\u00e9 aux abonn\u00e9s.        Il vous reste 85% \u00e0 d\u00e9couvrir.\n    <\/p>\n<p>                <img  data- alt=\"Le Figaro\" class=\"fig-img--complete fig-img\"\/><\/p>\n<p class=\"fig-premium-paywall__title\">Vente Flash<\/p>\n<p class=\"fig-premium-paywall__subtitle\">4,99\u20ac par mois pendant 12 mois. Sans engagement<\/p>\n<p class=\"fig-premium-paywall__connect\">\n                D\u00e9j\u00e0 abonn\u00e9\u00a0?                <a class=\"fig-premium-paywall__connect-link\" href=\"https:\/\/connect.lefigaro.fr\/login?client=horizon_web&amp;type=main&amp;redirect_uri=https%3A%2F%2Fwww.lefigaro.fr%2Fmarseille%2Fle-chantage-les-voyages-et-les-300-000-euros-a-marseille-martine-vassal-secouee-par-les-accusations-d-un-ex-collaborateur-sulfureux-20250827\" data-js-gtm=\"{&quot;customCategorie&quot;: &quot;conversion&quot;, &quot;customAction&quot;: &quot;before_Landing_Connexion_paywall_auto&quot;, &quot;customLabel&quot;: &quot;bGVmaWdhcm8uZnJfXzFmMDgyN2E4LTk2MmEtNmNmMC04MDcwLThiZmI3YzhhYzNlYV9fTmV3c0ZsYXNo_Le chantage, les voyages et les 300.000 euros\u00a0: \u00e0 Marseille, Martine Vassal secou\u00e9e par les accusations d\u2019un ex-collaborateur sulfureux_69&quot;, &quot;customIDSPE&quot;: &quot;bGVmaWdhcm8uZnJfXzFmMDgyN2E4LTk2MmEtNmNmMC04MDcwLThiZmI3YzhhYzNlYV9fTmV3c0ZsYXNo&quot;, &quot;event&quot;: &quot;customEventSPE&quot;}\" target=\"_blank\" rel=\"noopener\"><br \/>\n                    Connectez-vous<br \/>\n                <\/a>\n            <\/p>\n","protected":false},"excerpt":{"rendered":"R\u00c9CIT &#8211; La pr\u00e9sidente du conseil d\u00e9partemental des Bouches-du-Rh\u00f4ne et de la m\u00e9tropole d\u2019Aix-Marseille-Provence est vis\u00e9e par de&hellip;\n","protected":false},"author":2,"featured_media":347988,"comment_status":"","ping_status":"","sticky":false,"template":"","format":"standard","meta":{"footnotes":""},"categories":[2],"tags":[11,1011,27,21363,12,316,25],"class_list":{"0":"post-347987","1":"post","2":"type-post","3":"status-publish","4":"format-standard","5":"has-post-thumbnail","7":"category-actualites","8":"tag-actualites","9":"tag-fr","10":"tag-france","11":"tag-martine-vassal","12":"tag-news","13":"tag-politique","14":"tag-republique-francaise"},"share_on_mastodon":{"url":"https:\/\/pubeurope.com\/@fr\/115101668764314829","error":""},"_links":{"self":[{"href":"https:\/\/www.europesays.com\/fr\/wp-json\/wp\/v2\/posts\/347987","targetHints":{"allow":["GET"]}}],"collection":[{"href":"https:\/\/www.europesays.com\/fr\/wp-json\/wp\/v2\/posts"}],"about":[{"href":"https:\/\/www.europesays.com\/fr\/wp-json\/wp\/v2\/types\/post"}],"author":[{"embeddable":true,"href":"https:\/\/www.europesays.com\/fr\/wp-json\/wp\/v2\/users\/2"}],"replies":[{"embeddable":true,"href":"https:\/\/www.europesays.com\/fr\/wp-json\/wp\/v2\/comments?post=347987"}],"version-history":[{"count":0,"href":"https:\/\/www.europesays.com\/fr\/wp-json\/wp\/v2\/posts\/347987\/revisions"}],"wp:featuredmedia":[{"embeddable":true,"href":"https:\/\/www.europesays.com\/fr\/wp-json\/wp\/v2\/media\/347988"}],"wp:attachment":[{"href":"https:\/\/www.europesays.com\/fr\/wp-json\/wp\/v2\/media?parent=347987"}],"wp:term":[{"taxonomy":"category","embeddable":true,"href":"https:\/\/www.europesays.com\/fr\/wp-json\/wp\/v2\/categories?post=347987"},{"taxonomy":"post_tag","embeddable":true,"href":"https:\/\/www.europesays.com\/fr\/wp-json\/wp\/v2\/tags?post=347987"}],"curies":[{"name":"wp","href":"https:\/\/api.w.org\/{rel}","templated":true}]}}