{"id":348006,"date":"2025-08-27T16:39:10","date_gmt":"2025-08-27T16:39:10","guid":{"rendered":"https:\/\/www.europesays.com\/fr\/348006\/"},"modified":"2025-08-27T16:39:10","modified_gmt":"2025-08-27T16:39:10","slug":"un-tableau-vole-par-un-nazi-retrouve-85-ans-plus-tard-grace-a-une-annonce-immobiliere-en-argentine","status":"publish","type":"post","link":"https:\/\/www.europesays.com\/fr\/348006\/","title":{"rendered":"Un tableau vol\u00e9 par un nazi retrouv\u00e9 85\u00a0ans plus tard gr\u00e2ce \u00e0 une annonce immobili\u00e8re en Argentine"},"content":{"rendered":"<p>Selon nos confr\u00e8res n\u00e9erlandais, l\u2019\u0153uvre en question est le \u00ab\u00a0Portrait d\u2019une dame\u00a0\u00bb du peintre italien Giuseppe Ghislandi, dit Fra\u2019Galgario. Elle avait \u00e9t\u00e9 confisqu\u00e9e en 1940 \u00e0 Jacques Goudstikker, c\u00e9l\u00e8bre marchand d\u2019art contraint de fuir les Pays-Bas lors de l\u2019invasion allemande.<\/p>\n<p>Le tableau avait ensuite \u00e9t\u00e9 accapar\u00e9 par Friedrich Kadgien, haut fonctionnaire nazi et officier SS. Apr\u00e8s la guerre, Friedrich Kadgien s\u2019\u00e9tait r\u00e9fugi\u00e9 en Suisse avant de gagner le Br\u00e9sil puis l\u2019Argentine. Il y mourut en 1978, \u00e0 71\u00a0ans, en conservant l\u2019\u0153uvre.<\/p>\n<p>Des d\u00e9marches lanc\u00e9es pour r\u00e9cup\u00e9rer l\u2019\u0153uvre<\/p>\n<p>Durant plusieurs ann\u00e9es, les journalistes d\u2019AD ont tent\u00e9 d\u2019entrer en contact avec les filles de Friedrich Kadgien, sans succ\u00e8s. Leur enqu\u00eate les a finalement men\u00e9s dans une station baln\u00e9aire proche de Buenos Aires, o\u00f9 ils ont d\u00e9couvert que la maison familiale \u00e9tait en vente. Sur le site de l\u2019agence Robles Casas &amp; Campos, les clich\u00e9s de l\u2019int\u00e9rieur ont r\u00e9v\u00e9l\u00e9 une surprise inattendue\u00a0: le \u00ab\u00a0Portrait d\u2019une dame\u00a0\u00bb \u00e9tait accroch\u00e9 au mur du salon. \u00ab\u00a0En ouvrant le lien de l\u2019annonce, j\u2019ai commenc\u00e9 \u00e0 parcourir les photos de l\u2019int\u00e9rieur de la propri\u00e9t\u00e9. Puis je l\u2019ai vu. Ce tableau, au-dessus du canap\u00e9 \u2013 photo 5\u2026\u00a0\u00bb, raconte le journaliste Cyril Rosman.<\/p>\n","protected":false},"excerpt":{"rendered":"Selon nos confr\u00e8res n\u00e9erlandais, l\u2019\u0153uvre en question est le \u00ab\u00a0Portrait d\u2019une dame\u00a0\u00bb du peintre italien Giuseppe Ghislandi, dit&hellip;\n","protected":false},"author":2,"featured_media":348007,"comment_status":"","ping_status":"","sticky":false,"template":"","format":"standard","meta":{"footnotes":""},"categories":[1358],"tags":[1348,1384,1385,1386,58,59,1011,27],"class_list":{"0":"post-348006","1":"post","2":"type-post","3":"status-publish","4":"format-standard","5":"has-post-thumbnail","7":"category-arts-et-design","8":"tag-arts","9":"tag-arts-and-design","10":"tag-arts-et-design","11":"tag-design","12":"tag-divertissement","13":"tag-entertainment","14":"tag-fr","15":"tag-france"},"share_on_mastodon":{"url":"https:\/\/pubeurope.com\/@fr\/115101719849380296","error":""},"_links":{"self":[{"href":"https:\/\/www.europesays.com\/fr\/wp-json\/wp\/v2\/posts\/348006","targetHints":{"allow":["GET"]}}],"collection":[{"href":"https:\/\/www.europesays.com\/fr\/wp-json\/wp\/v2\/posts"}],"about":[{"href":"https:\/\/www.europesays.com\/fr\/wp-json\/wp\/v2\/types\/post"}],"author":[{"embeddable":true,"href":"https:\/\/www.europesays.com\/fr\/wp-json\/wp\/v2\/users\/2"}],"replies":[{"embeddable":true,"href":"https:\/\/www.europesays.com\/fr\/wp-json\/wp\/v2\/comments?post=348006"}],"version-history":[{"count":0,"href":"https:\/\/www.europesays.com\/fr\/wp-json\/wp\/v2\/posts\/348006\/revisions"}],"wp:featuredmedia":[{"embeddable":true,"href":"https:\/\/www.europesays.com\/fr\/wp-json\/wp\/v2\/media\/348007"}],"wp:attachment":[{"href":"https:\/\/www.europesays.com\/fr\/wp-json\/wp\/v2\/media?parent=348006"}],"wp:term":[{"taxonomy":"category","embeddable":true,"href":"https:\/\/www.europesays.com\/fr\/wp-json\/wp\/v2\/categories?post=348006"},{"taxonomy":"post_tag","embeddable":true,"href":"https:\/\/www.europesays.com\/fr\/wp-json\/wp\/v2\/tags?post=348006"}],"curies":[{"name":"wp","href":"https:\/\/api.w.org\/{rel}","templated":true}]}}